{"id":238,"date":"2021-09-14T11:00:57","date_gmt":"2021-09-14T09:00:57","guid":{"rendered":"https:\/\/modenafutura.com\/?p=238"},"modified":"2025-03-21T14:18:27","modified_gmt":"2025-03-21T13:18:27","slug":"citta-creative-unesco-mappa-online-sul-sito-del-comune","status":"publish","type":"post","link":"https:\/\/modenafuturacreativa.it\/es\/citta-creative-unesco-mappa-online-sul-sito-del-comune\/","title":{"rendered":"CIUDADES CREATIVAS DE LA UNESCO, MAPA EN L\u00cdNEA EN LA WEB MUNICIPAL"},"content":{"rendered":"<div id=\"fws_6a9b7bec50081\"  data-column-margin=\"60px\" data-midnight=\"dark\"  class=\"wpb_row vc_row-fluid vc_row\"  style=\"padding-top: 0px; padding-bottom: 0px; \"><div class=\"row-bg-wrap\" data-bg-animation=\"none\" data-bg-animation-delay=\"\" data-bg-overlay=\"false\"><div class=\"inner-wrap row-bg-layer\" ><div class=\"row-bg viewport-desktop\"  style=\"\"><\/div><\/div><\/div><div class=\"row_col_wrap_12 col span_12 dark left\">\n\t<div  class=\"vc_col-sm-6 wpb_column column_container vc_column_container col no-extra-padding inherit_tablet inherit_phone\"  data-padding-pos=\"all\" data-has-bg-color=\"false\" data-bg-color=\"\" data-bg-opacity=\"1\" data-animation=\"\" data-delay=\"0\" >\n\t\t<div class=\"vc_column-inner\" >\n\t\t\t<div class=\"wpb_wrapper\">\n\t\t\t\t\n<div class=\"wpb_text_column wpb_content_element\" >\n\t<div id=\"parent-fieldname-description\"><strong>Una secci\u00f3n del portal municipal de Internet est\u00e1 dedicada al proceso de candidatura de M\u00f3dena, en la que tambi\u00e9n se exponen los espacios y actividades de la ciudad relacionados con el tema \"Media Arts\".<\/strong><\/div>\n<div id=\"viewlet-above-content-body\"><\/div>\n<div id=\"content-core\">\n<div id=\"parent-fieldname-text\">\n<p>Diez, catorce y treinta y uno. Son los primeros n\u00fameros relacionados con el camino que se est\u00e1 recorriendo para la candidatura de M\u00f3dena como Ciudad Creativa 2021 de la Unesco para las \"Artes medi\u00e1ticas\". Proceden de un mapa en l\u00ednea de temas e iniciativas de la ciudad relacionados con el \"cl\u00faster\" para el que la ciudad presenta su candidatura, bajo el lema del di\u00e1logo entre las humanidades, las ciencias y las nuevas tecnolog\u00edas, declinado por las producciones creativas. El mapa, que seguir\u00e1 din\u00e1micamente las etapas del viaje, puede consultarse en una nueva secci\u00f3n del portal municipal de Internet (<a href=\"http:\/\/www.comune.modena.it\/cittacandidataunescomediaarts\">www.comune.modena.it\/cittacandidataunescomediaarts<\/a>).<\/p>\n<p>Diez son los miembros actuales, en red entre s\u00ed y con el Ayuntamiento, del comit\u00e9 promotor que permanece abierto a otras adhesiones. Son la Fondazione di Modena; Unimore; Gallerie Estensi - Mibact; Fondazione Brodolini; Fmav; Fem; Ert; Fondazione Teatro Comunale; Art-ER; Fondazione San Carlo.<\/p>\n<p>En cambio, hay 14 espacios que proponen o acogen iniciativas destacadas en el mapa de M\u00f3dena, de los cuales uno es m\u00faltiple (iniciativas independientes). Se trata de las sedes de Ago Modena fabbriche culturali, Fem, Gallerie Estensi y Musei Civici, Ert, DhMore, Laboratorio Aperto, San Carlo, For Modena, Biblioteche comunali, Fmav - MuFi (Museo figurina), Teatro Comunale Pavarotti, 71 Music Hub - Centro Musica.<\/p>\n<p>Los 31 proyectos modeneses en curso o en tramitaci\u00f3n relacionados con las Artes Medi\u00e1ticas se dividen en cinco categor\u00edas identificadas con colores diferentes: Educaci\u00f3n, Digitalizaci\u00f3n, Artes de la Formaci\u00f3n, Artes Visuales, M\u00fasica. Abarcan desde una serie de festivales previstos (Cinedanza, Dig, Viaemili@docfest, Node, Virtual reality movie, Vie) hasta la biblioteca digital Estense y la base de datos Lodovico; desde talleres de formaci\u00f3n sobre Media y artes visuales hasta formaci\u00f3n para empresas creativas del \u00e1mbito audiovisual; desde la formaci\u00f3n de alto nivel para la escenograf\u00eda digital \"Digital atelier\" hasta la programaci\u00f3n en l\u00ednea de ErtonAir y Opera streaming; desde la digitalizaci\u00f3n del Museo della Figurina hasta el curso de formaci\u00f3n de alto nivel para la comunicaci\u00f3n por v\u00eddeo en las artes esc\u00e9nicas; desde la editorial digital c\u00edvica \"Il Dondolo\" hasta los cursos de v\u00eddeo urbano del Centro de M\u00fasica. La p\u00e1gina web dedicada tambi\u00e9n contiene noticias e informaci\u00f3n sobre el proceso de solicitud.<\/p>\n<\/div>\n<\/div>\n<\/div>\n\n\n\n\n\t\t\t<\/div> \n\t\t<\/div>\n\t<\/div> \n\n\t<div  class=\"vc_col-sm-6 wpb_column column_container vc_column_container col no-extra-padding inherit_tablet inherit_phone\"  data-padding-pos=\"all\" data-has-bg-color=\"false\" data-bg-color=\"\" data-bg-opacity=\"1\" data-animation=\"\" data-delay=\"0\" >\n\t\t<div class=\"vc_column-inner\" >\n\t\t\t<div class=\"wpb_wrapper\">\n\t\t\t\t\n<div class=\"wpb_text_column wpb_content_element\" >\n\t<h6><strong>GALER\u00cdA DE IM\u00c1GENES<\/strong><\/h6>\n<\/div>\n\n\n\n\n\t<div class=\"wpb_gallery wpb_content_element clearfix\">\n\t\t<div class=\"wpb_wrapper\"><div class=\"wpb_gallery_slidesimage_grid\" data-onclick=\"link_image\" data-interval=\"5\">\n\n\t<div class=\"portfolio-wrap\">\n\n\t\t\t<span class=\"portfolio-loading\"><\/span>\n\n\t\t\t<div class=\"row portfolio-items no-masonry\" data-starting-filter=\"\" data-gutter=\"default\" data-masonry-type=\"default\" data-bypass-cropping=\"\"  data-ps=\"7\" data-loading=\"default\" data-categories-to-show=\"\" data-col-num=\"cols-2\">\n\n\n\n\t\n\t\t\t\t\t\t\t<div class=\"col span_6  element\" data-project-cat=\"\" data-default-color=\"true\" data-title-color=\"\" data-subtitle-color=\"\">\n\n\t\t\t\t\t\t\t<div class=\"inner-wrap animated\" data-animation=\"none\">\n\n\t\t\t\t\t\t\t\n\t\t\t\t\t\t\t<div class=\"work-item style-2\">\n\n\t\t\t\t\t\t\t\t<img decoding=\"async\" class=\"skip-lazy top-level-image\" src=\"https:\/\/modenafuturacreativa.it\/wp-content\/uploads\/2021\/09\/call-media-arts-120221-600x400.jpg\" width=\"600\" height=\"400\" alt=\"call-media-arts 120221\" title=\"llamada-media-arte 120221\" loading=\"lazy\" \/>\n\t\t\t\t\t\t\t\t<div class=\"work-info-bg\"><\/div>\n\t\t\t\t\t\t\t\t<div class=\"work-info\">\n\n\n\t\t\t\t\t\t\t\t\t\t\t\t\t\t\t\t\t   \t\t\t <a href=\"https:\/\/modenafuturacreativa.it\/wp-content\/uploads\/2021\/09\/call-media-arts-120221.jpg\" class=\"pretty_photo\"><span class=\"screen-reader-text\">llamada-media-arte 120221<\/span><\/a>\n\t\t\t\t\t\t\t\t   \t\t\n\t\t\t\t\t\t\t\t\t\t<div class=\"vert-center\">\n\t\t\t\t\t\t\t\t\t\t\t\t\t\t\t\t\t\t\t\t\t<\/div><!--\/vert-center-->\n\n\t\t\t\t\t\t\t\t\t\n\n\t\t\t\t\t\t\t\t<\/div>\n\t\t\t\t\t\t\t<\/div><!--work-item-->\n\n\t\t\t\t\t\t\n\n\t\t\t\t\t\t<\/div><\/div> \n\t\t\t\t\t\t\n\t\t\t\t\t\t\t<div class=\"col span_6  element\" data-project-cat=\"\" data-default-color=\"true\" data-title-color=\"\" data-subtitle-color=\"\">\n\n\t\t\t\t\t\t\t<div class=\"inner-wrap animated\" data-animation=\"none\">\n\n\t\t\t\t\t\t\t\n\t\t\t\t\t\t\t<div class=\"work-item style-2\">\n\n\t\t\t\t\t\t\t\t<img decoding=\"async\" class=\"skip-lazy top-level-image\" src=\"https:\/\/modenafuturacreativa.it\/wp-content\/uploads\/2021\/09\/logo-finale-candidata-colori-600x400.png\" width=\"600\" height=\"400\" alt=\"logo finale candidata colori\" title=\"colores del logotipo del candidato final\" loading=\"lazy\" \/>\n\t\t\t\t\t\t\t\t<div class=\"work-info-bg\"><\/div>\n\t\t\t\t\t\t\t\t<div class=\"work-info\">\n\n\n\t\t\t\t\t\t\t\t\t\t\t\t\t\t\t\t\t   \t\t\t <a href=\"https:\/\/modenafuturacreativa.it\/wp-content\/uploads\/2021\/09\/logo-finale-candidata-colori.png\" class=\"pretty_photo\"><span class=\"screen-reader-text\">colores del logotipo del candidato final<\/span><\/a>\n\t\t\t\t\t\t\t\t   \t\t\n\t\t\t\t\t\t\t\t\t\t<div class=\"vert-center\">\n\t\t\t\t\t\t\t\t\t\t\t\t\t\t\t\t\t\t\t\t\t<\/div><!--\/vert-center-->\n\n\t\t\t\t\t\t\t\t\t\n\n\t\t\t\t\t\t\t\t<\/div>\n\t\t\t\t\t\t\t<\/div><!--work-item-->\n\n\t\t\t\t\t\t\n\n\t\t\t\t\t\t<\/div><\/div> \n\t\t\t\t\t\t<\/div><\/div><\/div>\n\t\t<\/div> \n\t<\/div> \n\t\t\t<\/div> \n\t\t<\/div>\n\t<\/div> \n<\/div><\/div>","protected":false},"excerpt":{"rendered":"Una secci\u00f3n del portal municipal de Internet est\u00e1 dedicada al proceso de candidatura de M\u00f3dena, en la que tambi\u00e9n se muestran los espacios y actividades de la ciudad relacionados con el tema \"Media Arts\"...","protected":false},"author":1,"featured_media":231,"comment_status":"closed","ping_status":"closed","sticky":false,"template":"","format":"standard","meta":{"wpupg_custom_link":[],"wpupg_custom_link_behaviour":[],"wpupg_custom_link_nofollow":[],"wpupg_custom_image":[],"wpupg_custom_image_id":[],"footnotes":""},"categories":[475],"tags":[],"class_list":["post-238","post","type-post","status-publish","format-standard","has-post-thumbnail","category-news"],"_links":{"self":[{"href":"https:\/\/modenafuturacreativa.it\/es\/wp-json\/wp\/v2\/posts\/238","targetHints":{"allow":["GET"]}}],"collection":[{"href":"https:\/\/modenafuturacreativa.it\/es\/wp-json\/wp\/v2\/posts"}],"about":[{"href":"https:\/\/modenafuturacreativa.it\/es\/wp-json\/wp\/v2\/types\/post"}],"author":[{"embeddable":true,"href":"https:\/\/modenafuturacreativa.it\/es\/wp-json\/wp\/v2\/users\/1"}],"replies":[{"embeddable":true,"href":"https:\/\/modenafuturacreativa.it\/es\/wp-json\/wp\/v2\/comments?post=238"}],"version-history":[{"count":1,"href":"https:\/\/modenafuturacreativa.it\/es\/wp-json\/wp\/v2\/posts\/238\/revisions"}],"predecessor-version":[{"id":239,"href":"https:\/\/modenafuturacreativa.it\/es\/wp-json\/wp\/v2\/posts\/238\/revisions\/239"}],"wp:featuredmedia":[{"embeddable":true,"href":"https:\/\/modenafuturacreativa.it\/es\/wp-json\/wp\/v2\/media\/231"}],"wp:attachment":[{"href":"https:\/\/modenafuturacreativa.it\/es\/wp-json\/wp\/v2\/media?parent=238"}],"wp:term":[{"taxonomy":"category","embeddable":true,"href":"https:\/\/modenafuturacreativa.it\/es\/wp-json\/wp\/v2\/categories?post=238"},{"taxonomy":"post_tag","embeddable":true,"href":"https:\/\/modenafuturacreativa.it\/es\/wp-json\/wp\/v2\/tags?post=238"}],"curies":[{"name":"wp","href":"https:\/\/api.w.org\/{rel}","templated":true}]}}