{"id":233,"date":"2021-09-14T10:55:47","date_gmt":"2021-09-14T08:55:47","guid":{"rendered":"https:\/\/modenafutura.com\/?p=233"},"modified":"2025-03-21T14:18:27","modified_gmt":"2025-03-21T13:18:27","slug":"citta-creative-unesco-per-modena-candidatura-di-rete","status":"publish","type":"post","link":"https:\/\/modenafuturacreativa.it\/es\/citta-creative-unesco-per-modena-candidatura-di-rete\/","title":{"rendered":"LAS CIUDADES CREATIVAS DE LA UNESCO, A FAVOR DE LA CANDIDATURA \"EN RED\" DE MODENA"},"content":{"rendered":"<div id=\"fws_6a9b7b8941f0f\"  data-column-margin=\"60px\" data-midnight=\"dark\"  class=\"wpb_row vc_row-fluid vc_row\"  style=\"padding-top: 0px; padding-bottom: 0px; \"><div class=\"row-bg-wrap\" data-bg-animation=\"none\" data-bg-animation-delay=\"\" data-bg-overlay=\"false\"><div class=\"inner-wrap row-bg-layer\" ><div class=\"row-bg viewport-desktop\"  style=\"\"><\/div><\/div><\/div><div class=\"row_col_wrap_12 col span_12 dark left\">\n\t<div  class=\"vc_col-sm-6 wpb_column column_container vc_column_container col no-extra-padding inherit_tablet inherit_phone\"  data-padding-pos=\"all\" data-has-bg-color=\"false\" data-bg-color=\"\" data-bg-opacity=\"1\" data-animation=\"\" data-delay=\"0\" >\n\t\t<div class=\"vc_column-inner\" >\n\t\t\t<div class=\"wpb_wrapper\">\n\t\t\t\t\n<div class=\"wpb_text_column wpb_content_element\" >\n\t<p><strong>Diez temas culturales de la ciudad son coordinados por el Ayuntamiento en el Comit\u00e9 Promotor presentado en directo en Facebook. Bortolamasi: \"Di\u00e1logo entre cultura y tecnolog\u00eda en las artes medi\u00e1ticas\".<\/strong><\/p>\n<p>\"Hemos optado por centrar nuestra candidatura no en el desarrollo de un \u00fanico gran proyecto, sino en el fortalecimiento de la red existente y en futuros desarrollos y transformaciones\". As\u00ed se expresaba el concejal de Cultura, Andrea Bortolamasi, al introducir la reuni\u00f3n en l\u00ednea celebrada hoy, viernes 12 de febrero, en la que se ha presentado el \"Comit\u00e9 Promotor\" de la candidatura de M\u00f3dena a Ciudad Creativa de la Unesco 2021 para las Artes Audiovisuales. Una red, la defini\u00f3 el concejal, con la que la ciudad puede contar de forma estable y estructurada. Diez protagonistas de la escena cultural de la ciudad, conectados por sus representantes a trav\u00e9s de teleconferencia y compartiendo un protocolo, se han unido al comit\u00e9 promotor. De hecho, adem\u00e1s del concejal Bortolamasi y de Vittorio Salmoni, coordinador nacional de las Ciudades Creativas italianas pertenecientes a la red de la Unesco, Donatella Pieri por la Fondazione di Modena y Diego Teloni por la Fondazione Brodolini - Laboratorio Aperto participaron en la reuni\u00f3n en directo a trav\u00e9s de Facebook; Gino Lugli y Lorenzo Respi para Fmav; Maria Chiara Montecchi para Gallerie Estensi; Matteo Al Kalak para Unimore; Donatella Solda para Fem; Silvia Cassanelli y Chiara Pellacani para Ert; Aldo Sisillo para Fondazione Teatro Comunale; Sveva Ruggiero para Art-ER; Giuliano Albarani para Fondazione Collegio S. Carlo. Carlo; tambi\u00e9n particip\u00f3 Daniele Francesconi, director de Ago.<\/p>\n<p>La candidatura de M\u00f3dena\", subray\u00f3 Bortolamasi, \"quiere ser una candidatura de sistema, de la ciudad, tambi\u00e9n de cara a un reinicio postcov\u00eddico con la cultura como factor de crecimiento y desarrollo. Y una candidatura de proceso, porque la transformaci\u00f3n de la ciudad es un proceso en marcha, con lugares y espacios regenerados donde dialogan la cultura y la tecnolog\u00eda, el conocimiento human\u00edstico y cient\u00edfico. Y los sujetos, en red entre s\u00ed y con el municipio, que se han adherido al Comit\u00e9 (que a\u00fan est\u00e1 abierto a otras realidades), son los puntos de partida de un proceso de transformaci\u00f3n hacia una ciudad pensante y creativa, donde dialoguen distintas competencias\".<\/p>\n<p>En su discurso, Vittorio Salmoni expuso las razones por las que M\u00f3dena puede aspirar a la candidatura de Ciudad Creativa de la Unesco de las Artes Audiovisuales y c\u00f3mo puede hacerlo.<\/p>\n<p>La Red de Ciudades Creativas, de hecho, es un programa de la Unesco activo desde 2004, en el que participa una red de 246 ciudades de 72 pa\u00edses de los cinco continentes. Su objetivo es promover el conocimiento, la cooperaci\u00f3n y los proyectos entre ciudades que han identificado la cultura y la creatividad como motores de su desarrollo. Las consignas son colaboraci\u00f3n, intercambio de conocimientos y buenas pr\u00e1cticas, confrontaci\u00f3n, planificaci\u00f3n, valorizaci\u00f3n del patrimonio cultural inmaterial.<\/p>\n<p>En la reuni\u00f3n en l\u00ednea se present\u00f3 el logotipo que acompa\u00f1ar\u00e1 a la candidatura, que entretanto ha sido seleccionada entre las 34 propuestas recibidas en una \"convocatoria de ideas\" dirigida a j\u00f3venes de entre 18 y 30 a\u00f1os. El proceso continuar\u00e1 ahora con iniciativas organizadas y promovidas por los distintos sujetos interconectados en el Comit\u00e9, relacionadas con el tema de las artes medi\u00e1ticas y pertinentes al \u00e1mbito por el que M\u00f3dena quiere ser candidata a Ciudad Creativa de la Unesco 2021. Se est\u00e1 creando un sitio web espec\u00edfico que proporcionar\u00e1 informaci\u00f3n sobre los temas culturales implicados, las acciones y los eventos en M\u00f3dena relacionados con las artes medi\u00e1ticas.<\/p>\n<\/div>\n\n\n\n\n\t\t\t<\/div> \n\t\t<\/div>\n\t<\/div> \n\n\t<div  class=\"vc_col-sm-6 wpb_column column_container vc_column_container col no-extra-padding inherit_tablet inherit_phone\"  data-padding-pos=\"all\" data-has-bg-color=\"false\" data-bg-color=\"\" data-bg-opacity=\"1\" data-animation=\"\" data-delay=\"0\" >\n\t\t<div class=\"vc_column-inner\" >\n\t\t\t<div class=\"wpb_wrapper\">\n\t\t\t\t\n<div class=\"wpb_text_column wpb_content_element\" >\n\t<h6><strong>GALER\u00cdA DE IM\u00c1GENES<\/strong><\/h6>\n<\/div>\n\n\n\n\n\t<div class=\"wpb_gallery wpb_content_element clearfix\">\n\t\t<div class=\"wpb_wrapper\"><div class=\"wpb_gallery_slidesimage_grid\" data-onclick=\"link_image\" data-interval=\"5\">\n\n\t<div class=\"portfolio-wrap\">\n\n\t\t\t<span class=\"portfolio-loading\"><\/span>\n\n\t\t\t<div class=\"row portfolio-items no-masonry\" data-starting-filter=\"\" data-gutter=\"default\" data-masonry-type=\"default\" data-bypass-cropping=\"\"  data-ps=\"7\" data-loading=\"default\" data-categories-to-show=\"\" data-col-num=\"cols-2\">\n\n\n\n\t\n\t\t\t\t\t\t\t<div class=\"col span_6  element\" data-project-cat=\"\" data-default-color=\"true\" data-title-color=\"\" data-subtitle-color=\"\">\n\n\t\t\t\t\t\t\t<div class=\"inner-wrap animated\" data-animation=\"none\">\n\n\t\t\t\t\t\t\t\n\t\t\t\t\t\t\t<div class=\"work-item style-2\">\n\n\t\t\t\t\t\t\t\t<img decoding=\"async\" class=\"skip-lazy top-level-image\" src=\"https:\/\/modenafuturacreativa.it\/wp-content\/uploads\/2021\/09\/call-media-arts-120221-600x400.jpg\" width=\"600\" height=\"400\" alt=\"call-media-arts 120221\" title=\"llamada-media-arte 120221\" loading=\"lazy\" \/>\n\t\t\t\t\t\t\t\t<div class=\"work-info-bg\"><\/div>\n\t\t\t\t\t\t\t\t<div class=\"work-info\">\n\n\n\t\t\t\t\t\t\t\t\t\t\t\t\t\t\t\t\t   \t\t\t <a href=\"https:\/\/modenafuturacreativa.it\/wp-content\/uploads\/2021\/09\/call-media-arts-120221.jpg\" class=\"pretty_photo\"><span class=\"screen-reader-text\">llamada-media-arte 120221<\/span><\/a>\n\t\t\t\t\t\t\t\t   \t\t\n\t\t\t\t\t\t\t\t\t\t<div class=\"vert-center\">\n\t\t\t\t\t\t\t\t\t\t\t\t\t\t\t\t\t\t\t\t\t<\/div><!--\/vert-center-->\n\n\t\t\t\t\t\t\t\t\t\n\n\t\t\t\t\t\t\t\t<\/div>\n\t\t\t\t\t\t\t<\/div><!--work-item-->\n\n\t\t\t\t\t\t\n\n\t\t\t\t\t\t<\/div><\/div> \n\t\t\t\t\t\t\n\t\t\t\t\t\t\t<div class=\"col span_6  element\" data-project-cat=\"\" data-default-color=\"true\" data-title-color=\"\" data-subtitle-color=\"\">\n\n\t\t\t\t\t\t\t<div class=\"inner-wrap animated\" data-animation=\"none\">\n\n\t\t\t\t\t\t\t\n\t\t\t\t\t\t\t<div class=\"work-item style-2\">\n\n\t\t\t\t\t\t\t\t<img decoding=\"async\" class=\"skip-lazy top-level-image\" src=\"https:\/\/modenafuturacreativa.it\/wp-content\/uploads\/2021\/09\/logo-finale-candidata-colori-600x400.png\" width=\"600\" height=\"400\" alt=\"logo finale candidata colori\" title=\"colores del logotipo del candidato final\" loading=\"lazy\" \/>\n\t\t\t\t\t\t\t\t<div class=\"work-info-bg\"><\/div>\n\t\t\t\t\t\t\t\t<div class=\"work-info\">\n\n\n\t\t\t\t\t\t\t\t\t\t\t\t\t\t\t\t\t   \t\t\t <a href=\"https:\/\/modenafuturacreativa.it\/wp-content\/uploads\/2021\/09\/logo-finale-candidata-colori.png\" class=\"pretty_photo\"><span class=\"screen-reader-text\">colores del logotipo del candidato final<\/span><\/a>\n\t\t\t\t\t\t\t\t   \t\t\n\t\t\t\t\t\t\t\t\t\t<div class=\"vert-center\">\n\t\t\t\t\t\t\t\t\t\t\t\t\t\t\t\t\t\t\t\t\t<\/div><!--\/vert-center-->\n\n\t\t\t\t\t\t\t\t\t\n\n\t\t\t\t\t\t\t\t<\/div>\n\t\t\t\t\t\t\t<\/div><!--work-item-->\n\n\t\t\t\t\t\t\n\n\t\t\t\t\t\t<\/div><\/div> \n\t\t\t\t\t\t<\/div><\/div><\/div>\n\t\t<\/div> \n\t<\/div> \n\t\t\t<\/div> \n\t\t<\/div>\n\t<\/div> \n<\/div><\/div>","protected":false},"excerpt":{"rendered":"Diez temas culturales de la ciudad son coordinados por el Ayuntamiento en el Comit\u00e9 Promotor presentado en directo en Facebook. Bortolamasi: \"Di\u00e1logo entre cultura y tecnolog\u00eda en las artes medi\u00e1ticas\" \"Hemos optado por centrar nuestra...","protected":false},"author":1,"featured_media":234,"comment_status":"closed","ping_status":"closed","sticky":false,"template":"","format":"standard","meta":{"wpupg_custom_link":[],"wpupg_custom_link_behaviour":[],"wpupg_custom_link_nofollow":[],"wpupg_custom_image":[],"wpupg_custom_image_id":[],"footnotes":""},"categories":[475],"tags":[],"class_list":["post-233","post","type-post","status-publish","format-standard","has-post-thumbnail","category-news"],"_links":{"self":[{"href":"https:\/\/modenafuturacreativa.it\/es\/wp-json\/wp\/v2\/posts\/233","targetHints":{"allow":["GET"]}}],"collection":[{"href":"https:\/\/modenafuturacreativa.it\/es\/wp-json\/wp\/v2\/posts"}],"about":[{"href":"https:\/\/modenafuturacreativa.it\/es\/wp-json\/wp\/v2\/types\/post"}],"author":[{"embeddable":true,"href":"https:\/\/modenafuturacreativa.it\/es\/wp-json\/wp\/v2\/users\/1"}],"replies":[{"embeddable":true,"href":"https:\/\/modenafuturacreativa.it\/es\/wp-json\/wp\/v2\/comments?post=233"}],"version-history":[{"count":2,"href":"https:\/\/modenafuturacreativa.it\/es\/wp-json\/wp\/v2\/posts\/233\/revisions"}],"predecessor-version":[{"id":236,"href":"https:\/\/modenafuturacreativa.it\/es\/wp-json\/wp\/v2\/posts\/233\/revisions\/236"}],"wp:featuredmedia":[{"embeddable":true,"href":"https:\/\/modenafuturacreativa.it\/es\/wp-json\/wp\/v2\/media\/234"}],"wp:attachment":[{"href":"https:\/\/modenafuturacreativa.it\/es\/wp-json\/wp\/v2\/media?parent=233"}],"wp:term":[{"taxonomy":"category","embeddable":true,"href":"https:\/\/modenafuturacreativa.it\/es\/wp-json\/wp\/v2\/categories?post=233"},{"taxonomy":"post_tag","embeddable":true,"href":"https:\/\/modenafuturacreativa.it\/es\/wp-json\/wp\/v2\/tags?post=233"}],"curies":[{"name":"wp","href":"https:\/\/api.w.org\/{rel}","templated":true}]}}