{"id":229,"date":"2021-09-14T10:54:04","date_gmt":"2021-09-14T08:54:04","guid":{"rendered":"https:\/\/modenafutura.com\/?p=229"},"modified":"2025-03-21T14:18:27","modified_gmt":"2025-03-21T13:18:27","slug":"citta-creative-unesco-ecco-comitato-promotore-e-logo","status":"publish","type":"post","link":"https:\/\/modenafuturacreativa.it\/es\/citta-creative-unesco-ecco-comitato-promotore-e-logo\/","title":{"rendered":"CIUDADES CREATIVAS DE LA UNESCO, COMIT\u00c9 PROMOTOR Y LOGOTIPO"},"content":{"rendered":"<div id=\"fws_6a9b7bebb9a92\"  data-column-margin=\"60px\" data-midnight=\"dark\"  class=\"wpb_row vc_row-fluid vc_row\"  style=\"padding-top: 0px; padding-bottom: 0px; \"><div class=\"row-bg-wrap\" data-bg-animation=\"none\" data-bg-animation-delay=\"\" data-bg-overlay=\"false\"><div class=\"inner-wrap row-bg-layer\" ><div class=\"row-bg viewport-desktop\"  style=\"\"><\/div><\/div><\/div><div class=\"row_col_wrap_12 col span_12 dark left\">\n\t<div  class=\"vc_col-sm-6 wpb_column column_container vc_column_container col no-extra-padding inherit_tablet inherit_phone\"  data-padding-pos=\"all\" data-has-bg-color=\"false\" data-bg-color=\"\" data-bg-opacity=\"1\" data-animation=\"\" data-delay=\"0\" >\n\t\t<div class=\"vc_column-inner\" >\n\t\t\t<div class=\"wpb_wrapper\">\n\t\t\t\t\n<div class=\"wpb_text_column wpb_content_element\" >\n\t<p><strong>Viernes 12 a las 11 h. Presentaci\u00f3n en l\u00ednea con 10 miembros. Dos pol\u00edgonos entrelazados trazados sobre los planos del n\u00facleo medieval y romano de la ciudad para significar futuros enraizados en la historia<\/strong><\/p>\n<p>Un paso m\u00e1s hacia la candidatura de M\u00f3dena como Ciudad Creativa 2021 de la Unesco para las Artes Audiovisuales. El viernes 12 de febrero a las 11.00 horas se presentar\u00e1n en l\u00ednea los representantes de los diez institutos, organismos y sujetos de la escena cultural modenesa que, en red entre ellos y con el Ayuntamiento, componen el \"Comit\u00e9 Promotor\" en apoyo de la candidatura. Por teleconferencia, los representantes de las diez realidades compartir\u00e1n virtualmente el protocolo de presentaci\u00f3n de la candidatura. La reuni\u00f3n podr\u00e1 seguirse en directo a trav\u00e9s de Facebook, en la p\u00e1gina \"Ciudad de M\u00f3dena\". En esta ocasi\u00f3n tambi\u00e9n se presentar\u00e1 el logotipo que acompa\u00f1ar\u00e1 todo el proceso y que ha sido seleccionado entre las 34 propuestas recibidas a trav\u00e9s de la \"convocatoria de ideas\", dirigida a j\u00f3venes de entre 18 y 30 a\u00f1os.<\/p>\n<p>En la reuni\u00f3n en l\u00ednea del viernes 12 de febrero, adem\u00e1s del concejal de Cultura Andrea Bortolamasi y Vittorio Salmoni, coordinador nacional de las Ciudades Creativas italianas pertenecientes a la red de la Unesco, que se encargar\u00e1n de la presentaci\u00f3n y el discurso de apertura, estar\u00e1n Donatella Pieri por la Fondazione di Modena; Maria Chiara Montecchi por Gallerie Estensi - Mibact; Diego Teloni para Fondazione Brodolini - Laboratorio Aperto; para Fmav Gino Lugli y Lorenzo Respi; para Unimore Matteo Al Kalak; Donatella Solda para Ago - Fem; Silvia Cassanelli y Chiara Pellacani para Ert; para Fondazione Teatro Comunale Aldo Sisillo; para Art-ER Sveva Ruggiero; y, por \u00faltimo, Giuliano Albarani para Fondazione Collegio San Carlo.<\/p>\n<p>El logotipo seleccionado consiste en un \"pictograma\" geom\u00e9trico: dos pol\u00edgonos entrelazados, un hex\u00e1gono y un rect\u00e1ngulo. En blanco y negro, el s\u00edmbolo resultante se presenta en tonos grises. Policromado, recoge los colores del escudo de M\u00f3dena: amarillo y azul. Va acompa\u00f1ado de la inscripci\u00f3n \"M\u00f3dena, Candidata 2021 Media Arts, red de ciudades creativas de la Unesco\" en una letra muy caracterizada. \"Un logotipo que mira al futuro, a las transformaciones tecnol\u00f3gicas\", comenta Andrea Bortolamasi, Concejal de Cultura, \"igual que el reto que afrontamos, fuertes en nuestras ra\u00edces, mira al futuro. Los de una ciudad que lleva en su ADN el saber hacer creativo y quiere convertirse cada vez m\u00e1s en un lugar donde, con la cultura en el centro, dialoguen el saber human\u00edstico y el cient\u00edfico para construir las condiciones de un desarrollo armonioso\".<\/p>\n<p>Los autores del logotipo, \"Poltrini &amp; Santunione\", de Vignola, que han ganado el primer premio, dotado con 1.500 euros, describen as\u00ed su trabajo: \"se ha realizado calcando el n\u00facleo medieval y romano de M\u00f3dena, un hex\u00e1gono y un rect\u00e1ngulo, como pictograma representativo del proyecto M\u00f3dena Ciudad Candidata de las Artes Medi\u00e1ticas, por su capacidad para evocar al mismo tiempo la identidad de la ciudad, su v\u00ednculo con el pasado y el futuro, y la relaci\u00f3n que se pretende establecer entre tecnolog\u00eda y cultura\". La comisi\u00f3n -leyendo las razones de la elecci\u00f3n- valor\u00f3 un\u00e1nimemente la propuesta, que expresa eficazmente la interpenetraci\u00f3n entre pasado, presente y futuro tecnol\u00f3gico, y es plenamente coherente con los objetivos de la convocatoria. La inmediatez y la fuerza comunicativa fueron excelentes. Buena coherencia de las motivaciones; excelente precisi\u00f3n y correcci\u00f3n t\u00e9cnica\".<\/p>\n<p>La Red de Ciudades Creativas es un programa de la Unesco activo desde 2004, en el que participa una red de 246 ciudades de 72 pa\u00edses de los cinco continentes. Su objetivo es promover el conocimiento, la cooperaci\u00f3n y los proyectos entre ciudades que han identificado la cultura y la creatividad como motores de su desarrollo. Las consignas son colaboraci\u00f3n, intercambio de conocimientos y buenas pr\u00e1cticas, confrontaci\u00f3n, planificaci\u00f3n, valorizaci\u00f3n del patrimonio cultural inmaterial.<\/p>\n<\/div>\n\n\n\n\n\t\t\t<\/div> \n\t\t<\/div>\n\t<\/div> \n\n\t<div  class=\"vc_col-sm-6 wpb_column column_container vc_column_container col no-extra-padding inherit_tablet inherit_phone\"  data-padding-pos=\"all\" data-has-bg-color=\"false\" data-bg-color=\"\" data-bg-opacity=\"1\" data-animation=\"\" data-delay=\"0\" >\n\t\t<div class=\"vc_column-inner\" >\n\t\t\t<div class=\"wpb_wrapper\">\n\t\t\t\t\n<div class=\"wpb_text_column wpb_content_element\" >\n\t<h6><strong>GALER\u00cdA DE IM\u00c1GENES<\/strong><\/h6>\n<\/div>\n\n\n\n\n\t<div class=\"wpb_gallery wpb_content_element clearfix\">\n\t\t<div class=\"wpb_wrapper\"><div class=\"wpb_gallery_slidesimage_grid\" data-onclick=\"link_image\" data-interval=\"5\">\n\n\t<div class=\"portfolio-wrap\">\n\n\t\t\t<span class=\"portfolio-loading\"><\/span>\n\n\t\t\t<div class=\"row portfolio-items no-masonry\" data-starting-filter=\"\" data-gutter=\"default\" data-masonry-type=\"default\" data-bypass-cropping=\"\"  data-ps=\"7\" data-loading=\"default\" data-categories-to-show=\"\" data-col-num=\"cols-2\">\n\n\n\n\t\n\t\t\t\t\t\t\t<div class=\"col span_6  element\" data-project-cat=\"\" data-default-color=\"true\" data-title-color=\"\" data-subtitle-color=\"\">\n\n\t\t\t\t\t\t\t<div class=\"inner-wrap animated\" data-animation=\"none\">\n\n\t\t\t\t\t\t\t\n\t\t\t\t\t\t\t<div class=\"work-item style-2\">\n\n\t\t\t\t\t\t\t\t<img decoding=\"async\" class=\"skip-lazy top-level-image\" src=\"https:\/\/modenafuturacreativa.it\/wp-content\/uploads\/2021\/09\/logo-finale-candidata-colori-600x400.png\" width=\"600\" height=\"400\" alt=\"logo finale candidata colori\" title=\"colores del logotipo del candidato final\" loading=\"lazy\" \/>\n\t\t\t\t\t\t\t\t<div class=\"work-info-bg\"><\/div>\n\t\t\t\t\t\t\t\t<div class=\"work-info\">\n\n\n\t\t\t\t\t\t\t\t\t\t\t\t\t\t\t\t\t   \t\t\t <a href=\"https:\/\/modenafuturacreativa.it\/wp-content\/uploads\/2021\/09\/logo-finale-candidata-colori.png\" class=\"pretty_photo\"><span class=\"screen-reader-text\">colores del logotipo del candidato final<\/span><\/a>\n\t\t\t\t\t\t\t\t   \t\t\n\t\t\t\t\t\t\t\t\t\t<div class=\"vert-center\">\n\t\t\t\t\t\t\t\t\t\t\t\t\t\t\t\t\t\t\t\t\t<\/div><!--\/vert-center-->\n\n\t\t\t\t\t\t\t\t\t\n\n\t\t\t\t\t\t\t\t<\/div>\n\t\t\t\t\t\t\t<\/div><!--work-item-->\n\n\t\t\t\t\t\t\n\n\t\t\t\t\t\t<\/div><\/div> \n\t\t\t\t\t\t\n\t\t\t\t\t\t\t<div class=\"col span_6  element\" data-project-cat=\"\" data-default-color=\"true\" data-title-color=\"\" data-subtitle-color=\"\">\n\n\t\t\t\t\t\t\t<div class=\"inner-wrap animated\" data-animation=\"none\">\n\n\t\t\t\t\t\t\t\n\t\t\t\t\t\t\t<div class=\"work-item style-2\">\n\n\t\t\t\t\t\t\t\t<img decoding=\"async\" class=\"skip-lazy top-level-image\" src=\"https:\/\/modenafuturacreativa.it\/wp-content\/uploads\/2021\/09\/logo-finale-candidata-nero-600x400.png\" width=\"600\" height=\"400\" alt=\"logo finale candidata nero\" title=\"logo candidato final negro\" loading=\"lazy\" \/>\n\t\t\t\t\t\t\t\t<div class=\"work-info-bg\"><\/div>\n\t\t\t\t\t\t\t\t<div class=\"work-info\">\n\n\n\t\t\t\t\t\t\t\t\t\t\t\t\t\t\t\t\t   \t\t\t <a href=\"https:\/\/modenafuturacreativa.it\/wp-content\/uploads\/2021\/09\/logo-finale-candidata-nero.png\" class=\"pretty_photo\"><span class=\"screen-reader-text\">logo candidato final negro<\/span><\/a>\n\t\t\t\t\t\t\t\t   \t\t\n\t\t\t\t\t\t\t\t\t\t<div class=\"vert-center\">\n\t\t\t\t\t\t\t\t\t\t\t\t\t\t\t\t\t\t\t\t\t<\/div><!--\/vert-center-->\n\n\t\t\t\t\t\t\t\t\t\n\n\t\t\t\t\t\t\t\t<\/div>\n\t\t\t\t\t\t\t<\/div><!--work-item-->\n\n\t\t\t\t\t\t\n\n\t\t\t\t\t\t<\/div><\/div> \n\t\t\t\t\t\t<\/div><\/div><\/div>\n\t\t<\/div> \n\t<\/div> \n\t\t\t<\/div> \n\t\t<\/div>\n\t<\/div> \n<\/div><\/div>","protected":false},"excerpt":{"rendered":"Viernes 12 a las 11 h Presentaci\u00f3n en l\u00ednea con 10 miembros Dos pol\u00edgonos entrelazados trazados sobre los planos del n\u00facleo medieval y romano de la ciudad para significar futuros enraizados en la historia Otra...","protected":false},"author":1,"featured_media":230,"comment_status":"closed","ping_status":"closed","sticky":false,"template":"","format":"standard","meta":{"wpupg_custom_link":[],"wpupg_custom_link_behaviour":[],"wpupg_custom_link_nofollow":[],"wpupg_custom_image":[],"wpupg_custom_image_id":[],"footnotes":""},"categories":[475],"tags":[],"class_list":["post-229","post","type-post","status-publish","format-standard","has-post-thumbnail","category-news"],"_links":{"self":[{"href":"https:\/\/modenafuturacreativa.it\/es\/wp-json\/wp\/v2\/posts\/229","targetHints":{"allow":["GET"]}}],"collection":[{"href":"https:\/\/modenafuturacreativa.it\/es\/wp-json\/wp\/v2\/posts"}],"about":[{"href":"https:\/\/modenafuturacreativa.it\/es\/wp-json\/wp\/v2\/types\/post"}],"author":[{"embeddable":true,"href":"https:\/\/modenafuturacreativa.it\/es\/wp-json\/wp\/v2\/users\/1"}],"replies":[{"embeddable":true,"href":"https:\/\/modenafuturacreativa.it\/es\/wp-json\/wp\/v2\/comments?post=229"}],"version-history":[{"count":2,"href":"https:\/\/modenafuturacreativa.it\/es\/wp-json\/wp\/v2\/posts\/229\/revisions"}],"predecessor-version":[{"id":237,"href":"https:\/\/modenafuturacreativa.it\/es\/wp-json\/wp\/v2\/posts\/229\/revisions\/237"}],"wp:featuredmedia":[{"embeddable":true,"href":"https:\/\/modenafuturacreativa.it\/es\/wp-json\/wp\/v2\/media\/230"}],"wp:attachment":[{"href":"https:\/\/modenafuturacreativa.it\/es\/wp-json\/wp\/v2\/media?parent=229"}],"wp:term":[{"taxonomy":"category","embeddable":true,"href":"https:\/\/modenafuturacreativa.it\/es\/wp-json\/wp\/v2\/categories?post=229"},{"taxonomy":"post_tag","embeddable":true,"href":"https:\/\/modenafuturacreativa.it\/es\/wp-json\/wp\/v2\/tags?post=229"}],"curies":[{"name":"wp","href":"https:\/\/api.w.org\/{rel}","templated":true}]}}