{"id":225,"date":"2021-09-14T10:48:52","date_gmt":"2021-09-14T08:48:52","guid":{"rendered":"https:\/\/modenafutura.com\/?p=225"},"modified":"2025-03-21T14:18:27","modified_gmt":"2025-03-21T13:18:27","slug":"citta-creative-modena-si-e-presentata-a-unesco-italia","status":"publish","type":"post","link":"https:\/\/modenafuturacreativa.it\/es\/citta-creative-modena-si-e-presentata-a-unesco-italia\/","title":{"rendered":"CIUDADES CREATIVAS, MODENA SE PRESENTA A LA UNESCO ITALIA"},"content":{"rendered":"<div id=\"fws_6a9b7b8a85add\"  data-column-margin=\"60px\" data-midnight=\"dark\"  class=\"wpb_row vc_row-fluid vc_row\"  style=\"padding-top: 0px; padding-bottom: 0px; \"><div class=\"row-bg-wrap\" data-bg-animation=\"none\" data-bg-animation-delay=\"\" data-bg-overlay=\"false\"><div class=\"inner-wrap row-bg-layer\" ><div class=\"row-bg viewport-desktop\"  style=\"\"><\/div><\/div><\/div><div class=\"row_col_wrap_12 col span_12 dark left\">\n\t<div  class=\"vc_col-sm-6 wpb_column column_container vc_column_container col no-extra-padding inherit_tablet inherit_phone\"  data-padding-pos=\"all\" data-has-bg-color=\"false\" data-bg-color=\"\" data-bg-opacity=\"1\" data-animation=\"\" data-delay=\"0\" >\n\t\t<div class=\"vc_column-inner\" >\n\t\t\t<div class=\"wpb_wrapper\">\n\t\t\t\t\n<div class=\"wpb_text_column wpb_content_element\" >\n\t<p><strong>El camino hacia la candidatura contin\u00faa. Reuni\u00f3n en l\u00ednea entre el Alcalde Muzzarelli, el Consejero Bortolamasi, el Embajador de la Unesco Riccardo y el Secretario General Vicenti.<\/strong><\/p>\n<p>Un nuevo paso en la candidatura de M\u00f3dena a Ciudad Creativa 2021 de la Unesco para las \"Artes medi\u00e1ticas\". Hace unos d\u00edas se celebr\u00f3 una reuni\u00f3n en l\u00ednea en la que el alcalde Gian Carlo Muzzarelli y el concejal de Cultura Andrea Bortolamasi comunicaron a Massimo Riccardo, embajador italiano de la Unesco en Par\u00eds, y a Enrico Vicenti, Secretario General de la Comisi\u00f3n Nacional de la Unesco para Italia, la intenci\u00f3n de la ciudad de presentar su candidatura. Tambi\u00e9n particip\u00f3 en la teleconferencia Vittorio Salmoni, coordinador nacional de las Ciudades Creativas italianas pertenecientes a la red de la Unesco.<\/p>\n<p>En la reuni\u00f3n, el alcalde y el concejal, al anunciar su intenci\u00f3n de presentar la candidatura de M\u00f3dena, subrayaron el inter\u00e9s de la ciudad por unirse a una red de m\u00e1s de 200 ciudades de todo el mundo que se caracterizan, tambi\u00e9n en t\u00e9rminos promocionales, por la excelencia en los sectores culturales. La candidatura de M\u00f3dena como Ciudad Creativa 2021 de la Unesco ser\u00eda la primera de una ciudad italiana en el \"cluster\" de las Artes Medi\u00e1ticas, en el signo de una realidad que invierte en lo digital y en las tecnolog\u00edas aplicadas a los lenguajes culturales.<\/p>\n<p>La Red de Ciudades Creativas es un programa de la Unesco activo desde 2004, en el que participa una red de 246 ciudades de 72 pa\u00edses de los cinco continentes. Su objetivo es promover el conocimiento, la cooperaci\u00f3n y los proyectos entre ciudades que han identificado la cultura y la creatividad como motores de su desarrollo. Las consignas son colaboraci\u00f3n, intercambio de conocimientos y buenas pr\u00e1cticas, confrontaci\u00f3n, planificaci\u00f3n, valorizaci\u00f3n del patrimonio cultural inmaterial. A trav\u00e9s de la Red, en siete \u00e1reas por sectores culturales - M\u00fasica, Literatura, Artesan\u00eda y Tradiciones Populares, Dise\u00f1o, Artes Medi\u00e1ticas, Gastronom\u00eda, Cine - las ciudades pueden mejorar sus experiencias y competencias en los mercados nacionales e internacionales.<\/p>\n<p>El proceso de candidatura contin\u00faa ahora con la elecci\u00f3n del \"logotipo\" que la acompa\u00f1ar\u00e1 y con la puesta en com\u00fan del protocolo que constituir\u00e1 el \"Comit\u00e9 Promotor\" que apoyar\u00e1 la candidatura, formado por representantes de institutos, organizaciones y sujetos de la escena cultural modenesa en red entre s\u00ed y con el Ayuntamiento.<\/p>\n<\/div>\n\n\n\n\n\t\t\t<\/div> \n\t\t<\/div>\n\t<\/div> \n\n\t<div  class=\"vc_col-sm-6 wpb_column column_container vc_column_container col no-extra-padding inherit_tablet inherit_phone\"  data-padding-pos=\"all\" data-has-bg-color=\"false\" data-bg-color=\"\" data-bg-opacity=\"1\" data-animation=\"\" data-delay=\"0\" >\n\t\t<div class=\"vc_column-inner\" >\n\t\t\t<div class=\"wpb_wrapper\">\n\t\t\t\t<div class=\"img-with-aniamtion-wrap\" data-max-width=\"100%\" data-max-width-mobile=\"default\" data-shadow=\"none\" data-animation=\"fade-in\" >\n      <div class=\"inner\">\n        <div class=\"hover-wrap\"> \n          <div class=\"hover-wrap-inner\">\n            <a href=\"https:\/\/modenafuturacreativa.it\/wp-content\/uploads\/2021\/09\/2K6A4021.jpg\" class=\"pp\" title=\"El alcalde de M\u00f3dena, Gian Carlo Muzzarelli, en teleconferencia con Massimo Riccardo, embajador italiano de la Unesco en Par\u00eds\">\n              <img loading=\"lazy\" decoding=\"async\" class=\"img-with-animation skip-lazy\" data-delay=\"0\" height=\"960\" width=\"1440\" data-animation=\"fade-in\" src=\"https:\/\/modenafuturacreativa.it\/wp-content\/uploads\/2021\/09\/2K6A4021.jpg\" alt=\"\" srcset=\"https:\/\/modenafuturacreativa.it\/wp-content\/uploads\/2021\/09\/2K6A4021.jpg 1440w, https:\/\/modenafuturacreativa.it\/wp-content\/uploads\/2021\/09\/2K6A4021-300x200.jpg 300w, https:\/\/modenafuturacreativa.it\/wp-content\/uploads\/2021\/09\/2K6A4021-1024x683.jpg 1024w, https:\/\/modenafuturacreativa.it\/wp-content\/uploads\/2021\/09\/2K6A4021-768x512.jpg 768w, https:\/\/modenafuturacreativa.it\/wp-content\/uploads\/2021\/09\/2K6A4021-900x600.jpg 900w\" sizes=\"auto, (max-width: 1440px) 100vw, 1440px\" \/>\n            <\/a>\n          <\/div>\n        <\/div>\n         \n      <\/div>\n      <\/div>\n<div class=\"wpb_text_column wpb_content_element\" >\n\t<p><em>El alcalde de M\u00f3dena, Gian Carlo Muzzarelli, en teleconferencia con Massimo Riccardo, embajador italiano de la Unesco en Par\u00eds<\/em><\/p>\n<\/div>\n\n\n\n\n\t\t\t<\/div> \n\t\t<\/div>\n\t<\/div> \n<\/div><\/div>","protected":false},"excerpt":{"rendered":"Contin\u00faa el camino hacia la candidatura. Reuni\u00f3n en l\u00ednea entre el Alcalde Muzzarelli, el Consejero Bortolamasi, el Embajador de la Unesco Riccardo y el Secretario General Vicenti Un nuevo paso en el camino por el que M\u00f3dena...","protected":false},"author":1,"featured_media":226,"comment_status":"closed","ping_status":"closed","sticky":false,"template":"","format":"standard","meta":{"wpupg_custom_link":[],"wpupg_custom_link_behaviour":[],"wpupg_custom_link_nofollow":[],"wpupg_custom_image":[],"wpupg_custom_image_id":[],"footnotes":""},"categories":[475],"tags":[],"class_list":["post-225","post","type-post","status-publish","format-standard","has-post-thumbnail","category-news"],"_links":{"self":[{"href":"https:\/\/modenafuturacreativa.it\/es\/wp-json\/wp\/v2\/posts\/225","targetHints":{"allow":["GET"]}}],"collection":[{"href":"https:\/\/modenafuturacreativa.it\/es\/wp-json\/wp\/v2\/posts"}],"about":[{"href":"https:\/\/modenafuturacreativa.it\/es\/wp-json\/wp\/v2\/types\/post"}],"author":[{"embeddable":true,"href":"https:\/\/modenafuturacreativa.it\/es\/wp-json\/wp\/v2\/users\/1"}],"replies":[{"embeddable":true,"href":"https:\/\/modenafuturacreativa.it\/es\/wp-json\/wp\/v2\/comments?post=225"}],"version-history":[{"count":2,"href":"https:\/\/modenafuturacreativa.it\/es\/wp-json\/wp\/v2\/posts\/225\/revisions"}],"predecessor-version":[{"id":228,"href":"https:\/\/modenafuturacreativa.it\/es\/wp-json\/wp\/v2\/posts\/225\/revisions\/228"}],"wp:featuredmedia":[{"embeddable":true,"href":"https:\/\/modenafuturacreativa.it\/es\/wp-json\/wp\/v2\/media\/226"}],"wp:attachment":[{"href":"https:\/\/modenafuturacreativa.it\/es\/wp-json\/wp\/v2\/media?parent=225"}],"wp:term":[{"taxonomy":"category","embeddable":true,"href":"https:\/\/modenafuturacreativa.it\/es\/wp-json\/wp\/v2\/categories?post=225"},{"taxonomy":"post_tag","embeddable":true,"href":"https:\/\/modenafuturacreativa.it\/es\/wp-json\/wp\/v2\/tags?post=225"}],"curies":[{"name":"wp","href":"https:\/\/api.w.org\/{rel}","templated":true}]}}