{"id":223,"date":"2021-09-14T10:44:35","date_gmt":"2021-09-14T08:44:35","guid":{"rendered":"https:\/\/modenafutura.com\/?p=223"},"modified":"2025-03-21T14:18:27","modified_gmt":"2025-03-21T13:18:27","slug":"un-logo-per-modena-citta-creativa-unesco-media-arts-2021","status":"publish","type":"post","link":"https:\/\/modenafuturacreativa.it\/es\/un-logo-per-modena-citta-creativa-unesco-media-arts-2021\/","title":{"rendered":"UN LOGOTIPO PARA MODENA CIUDAD CREATIVA UNESCO MEDIA ARTS 2021"},"content":{"rendered":"<div id=\"fws_6a9b7bec0c044\"  data-column-margin=\"60px\" data-midnight=\"dark\"  class=\"wpb_row vc_row-fluid vc_row\"  style=\"padding-top: 0px; padding-bottom: 0px; \"><div class=\"row-bg-wrap\" data-bg-animation=\"none\" data-bg-animation-delay=\"\" data-bg-overlay=\"false\"><div class=\"inner-wrap row-bg-layer\" ><div class=\"row-bg viewport-desktop\"  style=\"\"><\/div><\/div><\/div><div class=\"row_col_wrap_12 col span_12 dark left\">\n\t<div  class=\"vc_col-sm-6 wpb_column column_container vc_column_container col no-extra-padding inherit_tablet inherit_phone\"  data-padding-pos=\"all\" data-has-bg-color=\"false\" data-bg-color=\"\" data-bg-opacity=\"1\" data-animation=\"\" data-delay=\"0\" >\n\t\t<div class=\"vc_column-inner\" >\n\t\t\t<div class=\"wpb_wrapper\">\n\t\t\t\t\n<div class=\"wpb_text_column wpb_content_element\" >\n\t<p><strong>Convocatoria de ideas\" para j\u00f3venes de 18 a 30 a\u00f1os publicada en la web. Fecha l\u00edmite: 15 de enero <\/strong><\/p>\n<p>El Ayuntamiento de M\u00f3dena ha publicado en su p\u00e1gina web la \"convocatoria de ideas\" para identificar un logotipo de marca que identificar\u00e1 a \"M\u00f3dena Ciudad Creativa Unesco 2021\" en el cl\u00faster de Artes Audiovisuales durante el proceso de candidatura. La iniciativa pretende ofrecer a los j\u00f3venes nuevas oportunidades de participaci\u00f3n activa e implicaci\u00f3n en la vida cultural del territorio. Los participantes, individualmente o en grupos de un m\u00e1ximo de cuatro, deben tener entre 18 y 30 a\u00f1os. El objetivo de la convocatoria es identificar una marca capaz de comunicar con fuerza y coherencia la candidatura con un elemento gr\u00e1fico que resuma sus valores rectores. La elegida ser\u00e1 utilizada en el proceso de candidatura por el municipio y los socios del proyecto. Si M\u00f3dena resulta designada, se completar\u00e1 con el s\u00edmbolo de la Unesco y se utilizar\u00e1, en esta segunda versi\u00f3n, en el cuatrienio siguiente hasta que la ciudad mantenga su posici\u00f3n en el \u00e1mbito de las Artes Medi\u00e1ticas. La convocatoria con informaci\u00f3n, procedimientos y formularios de solicitud est\u00e1 en l\u00ednea en la web municipal (www.comune.modena.it y www.comune.modena.it\/cultura). Para m\u00e1s informaci\u00f3n, puede ponerse en contacto con la direcci\u00f3n de correo electr\u00f3nico de la Oficina de Cultura (settore.cultura@comune.modena.it) indicando el asunto de su solicitud y el n\u00famero de tel\u00e9fono al que se le llamar\u00e1. La fecha l\u00edmite es el 15 de enero de 2021. Se otorgar\u00e1 un premio de mil quinientos euros a la propuesta elegida por un comit\u00e9. Para el segundo y tercer puesto el premio ascender\u00e1 a 800 y 500 euros respectivamente. El logotipo deber\u00e1 ser original, caracterizado para Media Arts y no relacionado con el sitio del Patrimonio Mundial de la Unesco de la Piazza Grande con la Catedral y Ghirlandina; deber\u00e1 ser altamente reconocible y vers\u00e1til en cualquier dimensi\u00f3n sin perder eficacia y legibilidad; tambi\u00e9n deber\u00e1 poder utilizarse en blanco y negro, si se va a utilizar en color, y ser f\u00e1cil de colocar junto al logotipo de la Unesco, as\u00ed como el escudo de armas del Ayuntamiento de M\u00f3dena u otros socios; deber\u00e1 estar disponible en italiano e ingl\u00e9s. La propuesta deber\u00e1 responder a la necesidad de uso en diversos medios de comunicaci\u00f3n, entre ellos: portal web, social, carteles, audiovisual y multimedia, merchandising. La idea creativa propuesta deber\u00e1 ir acompa\u00f1ada de la motivaci\u00f3n y del manual de uso. La comisi\u00f3n evaluar\u00e1 las propuestas en funci\u00f3n de su coherencia con la identidad y los objetivos del proyecto Modena Ciudad Creativa Unesco 2021 Media Arts; la inmediatez y la fuerza comunicativa; la coherencia de las motivaciones con la propuesta; la precisi\u00f3n y la correcci\u00f3n t\u00e9cnica. La candidatura de M\u00f3dena como Ciudad Creativa Unesco 2021 es la primera de una ciudad italiana en el \"cluster\" Media Arts, en el signo de una realidad que invierte en digital y tecnolog\u00edas aplicadas a los lenguajes culturales en una ciudad que, tambi\u00e9n debido a sus grandes transformaciones urbanas, ha identificado la cultura como un hilo conductor fundamental. La Red de Ciudades Creativas es un programa de la Unesco activo desde 2004, en el que participa una red de m\u00e1s de 200 ciudades de 72 pa\u00edses de los cinco continentes. El objetivo de la Red es promover el conocimiento, la cooperaci\u00f3n y los proyectos entre ciudades que han identificado la cultura y la creatividad como motor de su desarrollo. Las consignas son colaboraci\u00f3n, intercambio de conocimientos y buenas pr\u00e1cticas, confrontaci\u00f3n, planificaci\u00f3n, valorizaci\u00f3n del patrimonio cultural inmaterial. A trav\u00e9s de la Red, en siete \u00e1mbitos correspondientes a otros tantos sectores culturales - M\u00fasica, Literatura, Artesan\u00eda y Tradiciones Populares, Dise\u00f1o, Artes Audiovisuales, Gastronom\u00eda, Cine - las ciudades pueden valorizar sus experiencias y competencias en los mercados nacionales e internacionales.<\/p>\n<\/div>\n\n\n\n\n\t\t\t<\/div> \n\t\t<\/div>\n\t<\/div> \n\n\t<div  class=\"vc_col-sm-6 wpb_column column_container vc_column_container col no-extra-padding inherit_tablet inherit_phone\"  data-padding-pos=\"all\" data-has-bg-color=\"false\" data-bg-color=\"\" data-bg-opacity=\"1\" data-animation=\"\" data-delay=\"0\" >\n\t\t<div class=\"vc_column-inner\" >\n\t\t\t<div class=\"wpb_wrapper\">\n\t\t\t\t<div class=\"img-with-aniamtion-wrap\" data-max-width=\"100%\" data-max-width-mobile=\"default\" data-shadow=\"none\" data-animation=\"fade-in\" >\n      <div class=\"inner\">\n        <div class=\"hover-wrap\"> \n          <div class=\"hover-wrap-inner\">\n            <img loading=\"lazy\" decoding=\"async\" class=\"img-with-animation skip-lazy\" data-delay=\"0\" height=\"100\" width=\"100\" data-animation=\"fade-in\" src=\"https:\/\/modenafuturacreativa.it\/wp-content\/uploads\/2021\/09\/modena-futura-creativa-logo.svg\" alt=\"\"  \/>\n          <\/div>\n        <\/div>\n        \n      <\/div>\n    <\/div>\n\t\t\t<\/div> \n\t\t<\/div>\n\t<\/div> \n<\/div><\/div>","protected":false},"excerpt":{"rendered":"Publicada en la web la \"convocatoria de ideas\" dirigida a j\u00f3venes de 18 a 30 a\u00f1os. Fecha l\u00edmite 15 de enero El Ayuntamiento de M\u00f3dena ha publicado en su p\u00e1gina web la \"convocatoria de...","protected":false},"author":1,"featured_media":8,"comment_status":"closed","ping_status":"closed","sticky":false,"template":"","format":"standard","meta":{"wpupg_custom_link":[],"wpupg_custom_link_behaviour":[],"wpupg_custom_link_nofollow":[],"wpupg_custom_image":[],"wpupg_custom_image_id":[],"footnotes":""},"categories":[475],"tags":[],"class_list":["post-223","post","type-post","status-publish","format-standard","has-post-thumbnail","category-news"],"_links":{"self":[{"href":"https:\/\/modenafuturacreativa.it\/es\/wp-json\/wp\/v2\/posts\/223","targetHints":{"allow":["GET"]}}],"collection":[{"href":"https:\/\/modenafuturacreativa.it\/es\/wp-json\/wp\/v2\/posts"}],"about":[{"href":"https:\/\/modenafuturacreativa.it\/es\/wp-json\/wp\/v2\/types\/post"}],"author":[{"embeddable":true,"href":"https:\/\/modenafuturacreativa.it\/es\/wp-json\/wp\/v2\/users\/1"}],"replies":[{"embeddable":true,"href":"https:\/\/modenafuturacreativa.it\/es\/wp-json\/wp\/v2\/comments?post=223"}],"version-history":[{"count":1,"href":"https:\/\/modenafuturacreativa.it\/es\/wp-json\/wp\/v2\/posts\/223\/revisions"}],"predecessor-version":[{"id":224,"href":"https:\/\/modenafuturacreativa.it\/es\/wp-json\/wp\/v2\/posts\/223\/revisions\/224"}],"wp:featuredmedia":[{"embeddable":true,"href":"https:\/\/modenafuturacreativa.it\/es\/wp-json\/wp\/v2\/media\/8"}],"wp:attachment":[{"href":"https:\/\/modenafuturacreativa.it\/es\/wp-json\/wp\/v2\/media?parent=223"}],"wp:term":[{"taxonomy":"category","embeddable":true,"href":"https:\/\/modenafuturacreativa.it\/es\/wp-json\/wp\/v2\/categories?post=223"},{"taxonomy":"post_tag","embeddable":true,"href":"https:\/\/modenafuturacreativa.it\/es\/wp-json\/wp\/v2\/tags?post=223"}],"curies":[{"name":"wp","href":"https:\/\/api.w.org\/{rel}","templated":true}]}}