{"id":2198,"date":"2023-05-23T15:53:28","date_gmt":"2023-05-23T13:53:28","guid":{"rendered":"https:\/\/modenafuturacreativa.it\/?p=2198"},"modified":"2025-03-21T14:18:26","modified_gmt":"2025-03-21T13:18:26","slug":"la-casa-editrice-il-dondolo-al-salone-del-libro-di-torino","status":"publish","type":"post","link":"https:\/\/modenafuturacreativa.it\/es\/la-casa-editrice-il-dondolo-al-salone-del-libro-di-torino\/","title":{"rendered":"La editorial \"Il Dondolo\" en la Feria del Libro de Tur\u00edn"},"content":{"rendered":"<div id=\"fws_6a9b7b8ab684a\"  data-column-margin=\"60px\" data-midnight=\"dark\"  class=\"wpb_row vc_row-fluid vc_row\"  style=\"padding-top: 0px; padding-bottom: 0px; \"><div class=\"row-bg-wrap\" data-bg-animation=\"none\" data-bg-animation-delay=\"\" data-bg-overlay=\"false\"><div class=\"inner-wrap row-bg-layer\" ><div class=\"row-bg viewport-desktop\"  style=\"\"><\/div><\/div><\/div><div class=\"row_col_wrap_12 col span_12 dark left\">\n\t<div  class=\"vc_col-sm-12 wpb_column column_container vc_column_container col no-extra-padding inherit_tablet inherit_phone\"  data-padding-pos=\"all\" data-has-bg-color=\"false\" data-bg-color=\"\" data-bg-opacity=\"1\" data-animation=\"\" data-delay=\"0\" >\n\t\t<div class=\"vc_column-inner\" >\n\t\t\t<div class=\"wpb_wrapper\">\n\t\t\t\t<div class=\"divider-wrap\" data-alignment=\"default\"><div style=\"height: 5vh;\" class=\"divider\"><\/div><\/div><div id=\"fws_6a9b7b8ab7392\" data-midnight=\"\" data-column-margin=\"default\" class=\"wpb_row vc_row-fluid vc_row inner_row\"  style=\"\"><div class=\"row-bg-wrap\"> <div class=\"row-bg\" ><\/div> <\/div><div class=\"row_col_wrap_12_inner col span_12  left\">\n\t<div  class=\"vc_col-sm-12 wpb_column column_container vc_column_container col child_column no-extra-padding inherit_tablet inherit_phone\"   data-padding-pos=\"all\" data-has-bg-color=\"false\" data-bg-color=\"\" data-bg-opacity=\"1\" data-animation=\"\" data-delay=\"0\" >\n\t\t<div class=\"vc_column-inner\" >\n\t\t<div class=\"wpb_wrapper\">\n\t\t\t\n<div class=\"wpb_text_column wpb_content_element\" >\n\t<h3 id=\"parent-fieldname-description\" class=\"documentDescription\"><strong>El viernes 19 de mayo, a las 12.30 horas, presentaci\u00f3n de actividades y novedades. Campa\u00f1a tem\u00e1tica de carteles sobre Delfines, M\u00f3dena, Sognalib(e)ro y los libros de arte.<\/strong><\/h3>\n<div id=\"viewlet-above-content-body\"><\/div>\n<div><\/div>\n<div id=\"content-core\">\n<div id=\"parent-fieldname-text\" class=\"plain\">\n<p>Il Dondolo, la editorial digital del Ayuntamiento de M\u00f3dena, vuelve a la Feria del Libro de Tur\u00edn, donde ya estuvo en 2017, a\u00f1o de su fundaci\u00f3n, para presentar las caracter\u00edsticas y actividades de una experiencia ciudadana \u00fanica en Italia, que ha alcanzado los 69 t\u00edtulos en su cat\u00e1logo y superado las cien mil descargas.<\/p>\n<p>En el marco de la presentaci\u00f3n, prevista para el viernes 19 de mayo a las 12.30 horas, el concejal de Cultura del Ayuntamiento de M\u00f3dena, Andrea Bortolamasi, y el director de la editorial, Beppe Cottafavi, presentar\u00e1n tambi\u00e9n las novedades: \"Casa d'altri\" de Silvio D'Arzo, \"Io bambino cretino\", la primera novela de Salvo Cotrino, el librero de ocasi\u00f3n de via Canalino, y, un a\u00f1o despu\u00e9s de su muerte, la recopilaci\u00f3n de los escritos de Adriana Querz\u00e8 titulada \"Scuola, citt\u00e0, relazioni. La mirada m\u00e1s all\u00e1 del presente de Adriana Querz\u00e8\".<\/p>\n<p>Con motivo de su participaci\u00f3n en el Salone, M\u00f3dena ha lanzado una campa\u00f1a de comunicaci\u00f3n, con carteles y postales, que hace hincapi\u00e9 en cuatro temas principales del Dondolo: \"M\u00f3dena y sus tierras\", con relatos de Ugo Cornia, Barbara Baraldi, Francesca Bussi y Sandro Campani; \"Antonio Delfini. Un gran escritor del siglo XX\", con textos del propio Delfini, Cesare Garboli, Natalia Ginzburg y Pier Paolo Pasolini; \"Dondoli d'arte\", con las obras maestras de la Galleria Estense narradas por Martina Bagnoli, los relatos de Paul Campani, las obras de Cesare Leonardi y Gianni Valbonesi; el \"Sognalib(e)ro\", con las historias de presos en c\u00e1rceles italianas. La caracter\u00edstica de la campa\u00f1a es que todos los t\u00edtulos seleccionados pueden descargarse gratuitamente a trav\u00e9s del c\u00f3digo QR que aparece debajo de cada imagen.<\/p>\n<p>Como subraya la consejera Bortolamasi, \"en la Feria del Libro presentaremos un relato coral de nuestro territorio con sus historias y protagonistas. Estamos contentos de poder contar un proyecto que crece y ampl\u00eda su cat\u00e1logo. Adem\u00e1s, con la campa\u00f1a de carteles 'interactivos' pretendemos fomentar la lectura para todos y todas con un gesto sencillo y ya habitual como es enmarcar un C\u00f3digo QR que abre la puerta a un mundo de historias, ideas y cuentos'.<\/p>\n<p>Il Dondolo, con el apoyo de Bper Banca, produce libros electr\u00f3nicos in\u00e9ditos de ficci\u00f3n, no ficci\u00f3n, arte y poes\u00eda, centr\u00e1ndose en historias notables de la zona de M\u00f3dena. En el cat\u00e1logo figuran Walter Siti, Edmondo Berselli, Carlo Lucarelli, Barbara Baraldi, Stefano Massini, as\u00ed como recuperaciones hist\u00f3ricas de Antonio Delfini, Silvio D'Arzo, Angelo Fortunato Formiggini y contribuciones cr\u00edticas de Natalia Ginzburg, Pier Paolo Pasolini, Cesare Garboli. Tambi\u00e9n est\u00e1n los ebooks dedicados a Luigi Ghirri, Gianni Celati, Cesare Leonardi, Vasco Rossi, Paul Campani y la maravillosa historia de Paul Film, Gulp y Supergulp, la historia del c\u00f3mic en televisi\u00f3n, las obras maestras de la Pinacoteca Estense y una antolog\u00eda de los mejores escritores emilianos.<\/p>\n<p>Los ebooks del Dondolo pueden descargarse gratuitamente de la web de la editorial (ildondolo.it) y de la plataforma Mlol (mlol.it), la biblioteca digital m\u00e1s importante de Italia, que conecta en red a m\u00e1s de seis mil bibliotecas p\u00fablicas.<\/p>\n<p>El proyecto est\u00e1 dirigido por Beppe Cottafavi, con contribuciones de Andrea Zanni, Silvia Sitton y la direcci\u00f3n art\u00edstica de Patty Di Gioia y Giorgio Di Mitri.\n<\/p><\/div>\n<\/div>\n<\/div>\n\n\n\n\n\t\t<\/div> \n\t<\/div>\n\t<\/div> \n<\/div><\/div><div class=\"divider-wrap\" data-alignment=\"default\"><div style=\"height: 5vh;\" class=\"divider\"><\/div><\/div>\n\t<div class=\"wpb_gallery wpb_content_element clearfix\">\n\t\t<div class=\"wpb_wrapper\"><div class=\"wpb_gallery_slidesimage_grid\" data-onclick=\"link_image\" data-interval=\"5\">\n\n\t<div class=\"portfolio-wrap\">\n\n\t\t\t<span class=\"portfolio-loading\"><\/span>\n\n\t\t\t<div class=\"row portfolio-items no-masonry\" data-starting-filter=\"\" data-gutter=\"default\" data-masonry-type=\"default\" data-bypass-cropping=\"\"  data-ps=\"7\" data-loading=\"default\" data-categories-to-show=\"\" data-col-num=\"cols-4\">\n\n\n\n\t\n\t\t\t\t\t\t\t<div class=\"col span_3  element\" data-project-cat=\"\" data-default-color=\"true\" data-title-color=\"\" data-subtitle-color=\"\">\n\n\t\t\t\t\t\t\t<div class=\"inner-wrap animated\" data-animation=\"none\">\n\n\t\t\t\t\t\t\t\n\t\t\t\t\t\t\t<div class=\"work-item style-2\">\n\n\t\t\t\t\t\t\t\t<img decoding=\"async\" class=\"skip-lazy top-level-image\" src=\"https:\/\/modenafuturacreativa.it\/wp-content\/uploads\/2023\/05\/Laura_1_Pagina_2-scaled-600x400.jpg\" width=\"600\" height=\"400\" alt=\"Laura_1_Pagina_2\" title=\"Laura_1_P\u00e1gina_2\" loading=\"lazy\" \/>\n\t\t\t\t\t\t\t\t<div class=\"work-info-bg\"><\/div>\n\t\t\t\t\t\t\t\t<div class=\"work-info\">\n\n\n\t\t\t\t\t\t\t\t\t\t\t\t\t\t\t\t\t   \t\t\t <a href=\"https:\/\/modenafuturacreativa.it\/wp-content\/uploads\/2023\/05\/Laura_1_Pagina_2-scaled.jpg\" class=\"pretty_photo\"><span class=\"screen-reader-text\">Laura_1_P\u00e1gina_2<\/span><\/a>\n\t\t\t\t\t\t\t\t   \t\t\n\t\t\t\t\t\t\t\t\t\t<div class=\"vert-center\">\n\t\t\t\t\t\t\t\t\t\t\t\t\t\t\t\t\t\t\t\t\t<\/div><!--\/vert-center-->\n\n\t\t\t\t\t\t\t\t\t\n\n\t\t\t\t\t\t\t\t<\/div>\n\t\t\t\t\t\t\t<\/div><!--work-item-->\n\n\t\t\t\t\t\t\n\n\t\t\t\t\t\t<\/div><\/div> \n\t\t\t\t\t\t\n\t\t\t\t\t\t\t<div class=\"col span_3  element\" data-project-cat=\"\" data-default-color=\"true\" data-title-color=\"\" data-subtitle-color=\"\">\n\n\t\t\t\t\t\t\t<div class=\"inner-wrap animated\" data-animation=\"none\">\n\n\t\t\t\t\t\t\t\n\t\t\t\t\t\t\t<div class=\"work-item style-2\">\n\n\t\t\t\t\t\t\t\t<img decoding=\"async\" class=\"skip-lazy top-level-image\" src=\"https:\/\/modenafuturacreativa.it\/wp-content\/uploads\/2023\/05\/Laura_2_Pagina_2-scaled-600x400.jpg\" width=\"600\" height=\"400\" alt=\"Laura_2_Pagina_2\" title=\"Laura_2_P\u00e1gina_2\" loading=\"lazy\" \/>\n\t\t\t\t\t\t\t\t<div class=\"work-info-bg\"><\/div>\n\t\t\t\t\t\t\t\t<div class=\"work-info\">\n\n\n\t\t\t\t\t\t\t\t\t\t\t\t\t\t\t\t\t   \t\t\t <a href=\"https:\/\/modenafuturacreativa.it\/wp-content\/uploads\/2023\/05\/Laura_2_Pagina_2-scaled.jpg\" class=\"pretty_photo\"><span class=\"screen-reader-text\">Laura_2_P\u00e1gina_2<\/span><\/a>\n\t\t\t\t\t\t\t\t   \t\t\n\t\t\t\t\t\t\t\t\t\t<div class=\"vert-center\">\n\t\t\t\t\t\t\t\t\t\t\t\t\t\t\t\t\t\t\t\t\t<\/div><!--\/vert-center-->\n\n\t\t\t\t\t\t\t\t\t\n\n\t\t\t\t\t\t\t\t<\/div>\n\t\t\t\t\t\t\t<\/div><!--work-item-->\n\n\t\t\t\t\t\t\n\n\t\t\t\t\t\t<\/div><\/div> \n\t\t\t\t\t\t<\/div><\/div><\/div>\n\t\t<\/div> \n\t<\/div> \n\t\t\t<\/div> \n\t\t<\/div>\n\t<\/div> \n<\/div><\/div>","protected":false},"excerpt":{"rendered":"Viernes 19 de mayo, a las 12.30 h, presentaci\u00f3n de actividades y novedades. Campa\u00f1a tem\u00e1tica de carteles sobre Delfines, M\u00f3dena, Sognalib(e)ro y libros de arte Il Dondolo, la editorial digital de la...","protected":false},"author":1,"featured_media":2199,"comment_status":"closed","ping_status":"closed","sticky":false,"template":"","format":"standard","meta":{"wpupg_custom_link":[],"wpupg_custom_link_behaviour":["default"],"wpupg_custom_link_nofollow":[],"wpupg_custom_image":[],"wpupg_custom_image_id":[],"footnotes":""},"categories":[475],"tags":[],"class_list":["post-2198","post","type-post","status-publish","format-standard","has-post-thumbnail","category-news"],"_links":{"self":[{"href":"https:\/\/modenafuturacreativa.it\/es\/wp-json\/wp\/v2\/posts\/2198","targetHints":{"allow":["GET"]}}],"collection":[{"href":"https:\/\/modenafuturacreativa.it\/es\/wp-json\/wp\/v2\/posts"}],"about":[{"href":"https:\/\/modenafuturacreativa.it\/es\/wp-json\/wp\/v2\/types\/post"}],"author":[{"embeddable":true,"href":"https:\/\/modenafuturacreativa.it\/es\/wp-json\/wp\/v2\/users\/1"}],"replies":[{"embeddable":true,"href":"https:\/\/modenafuturacreativa.it\/es\/wp-json\/wp\/v2\/comments?post=2198"}],"version-history":[{"count":2,"href":"https:\/\/modenafuturacreativa.it\/es\/wp-json\/wp\/v2\/posts\/2198\/revisions"}],"predecessor-version":[{"id":2202,"href":"https:\/\/modenafuturacreativa.it\/es\/wp-json\/wp\/v2\/posts\/2198\/revisions\/2202"}],"wp:featuredmedia":[{"embeddable":true,"href":"https:\/\/modenafuturacreativa.it\/es\/wp-json\/wp\/v2\/media\/2199"}],"wp:attachment":[{"href":"https:\/\/modenafuturacreativa.it\/es\/wp-json\/wp\/v2\/media?parent=2198"}],"wp:term":[{"taxonomy":"category","embeddable":true,"href":"https:\/\/modenafuturacreativa.it\/es\/wp-json\/wp\/v2\/categories?post=2198"},{"taxonomy":"post_tag","embeddable":true,"href":"https:\/\/modenafuturacreativa.it\/es\/wp-json\/wp\/v2\/tags?post=2198"}],"curies":[{"name":"wp","href":"https:\/\/api.w.org\/{rel}","templated":true}]}}