{"id":1749,"date":"2023-04-20T15:38:54","date_gmt":"2023-04-20T13:38:54","guid":{"rendered":"https:\/\/modenafuturacreativa.it\/?p=1749"},"modified":"2025-03-21T14:18:26","modified_gmt":"2025-03-21T13:18:26","slug":"modena-citta-creativa-al-forum-di-giovani-per-lunesco","status":"publish","type":"post","link":"https:\/\/modenafuturacreativa.it\/es\/modena-citta-creativa-al-forum-di-giovani-per-lunesco\/","title":{"rendered":"M\u00f3dena como ciudad creativa en el foro \"Youth for Unesco"},"content":{"rendered":"<div id=\"fws_6a9b7bedd6a79\"  data-column-margin=\"60px\" data-midnight=\"dark\"  class=\"wpb_row vc_row-fluid vc_row\"  style=\"padding-top: 0px; padding-bottom: 0px; \"><div class=\"row-bg-wrap\" data-bg-animation=\"none\" data-bg-animation-delay=\"\" data-bg-overlay=\"false\"><div class=\"inner-wrap row-bg-layer\" ><div class=\"row-bg viewport-desktop\"  style=\"\"><\/div><\/div><\/div><div class=\"row_col_wrap_12 col span_12 dark left\">\n\t<div  class=\"vc_col-sm-12 wpb_column column_container vc_column_container col no-extra-padding inherit_tablet inherit_phone\"  data-padding-pos=\"all\" data-has-bg-color=\"false\" data-bg-color=\"\" data-bg-opacity=\"1\" data-animation=\"\" data-delay=\"0\" >\n\t\t<div class=\"vc_column-inner\" >\n\t\t\t<div class=\"wpb_wrapper\">\n\t\t\t\t<div class=\"divider-wrap\" data-alignment=\"default\"><div style=\"height: 5vh;\" class=\"divider\"><\/div><\/div><div id=\"fws_6a9b7bedd707e\" data-midnight=\"\" data-column-margin=\"default\" class=\"wpb_row vc_row-fluid vc_row inner_row\"  style=\"\"><div class=\"row-bg-wrap\"> <div class=\"row-bg\" ><\/div> <\/div><div class=\"row_col_wrap_12_inner col span_12  left\">\n\t<div  class=\"vc_col-sm-12 wpb_column column_container vc_column_container col child_column no-extra-padding inherit_tablet inherit_phone\"   data-padding-pos=\"all\" data-has-bg-color=\"false\" data-bg-color=\"\" data-bg-opacity=\"1\" data-animation=\"\" data-delay=\"0\" >\n\t\t<div class=\"vc_column-inner\" >\n\t\t<div class=\"wpb_wrapper\">\n\t\t\t\n<div class=\"wpb_text_column wpb_content_element\" >\n\t<h3 id=\"parent-fieldname-description\" class=\"documentDescription\"><strong>En Tur\u00edn, el s\u00e1bado 15 de abril, presentaci\u00f3n del camino como ciudad creativa para las artes medi\u00e1ticas y los proyectos de regeneraci\u00f3n urbana entre la memoria y el futuro.<\/strong><\/h3>\n<div id=\"viewlet-above-content-body\"><\/div>\n<div><\/div>\n<div id=\"content-core\">\n<div id=\"parent-fieldname-text\" class=\"plain\">\n<p>M\u00f3dena, Ciudad Creativa de la Unesco para las Artes Audiovisuales, participa en el Foro dedicado a las Ciudades Creativas Italianas organizado por la asociaci\u00f3n Giovani per l'Unesco que se celebra actualmente en Tur\u00edn.<\/p>\n<p>El foro, que celebra su quinta edici\u00f3n, se re\u00fane este a\u00f1o con la Red de Ciudades Creativas de la UNESCO y, con las aportaciones de representantes de instituciones y de la sociedad civil, explora el tema de la creatividad como herramienta de innovaci\u00f3n social.<\/p>\n<p>La experiencia de M\u00f3dena como Ciudad Creativa de las Artes Audiovisuales se presentar\u00e1 el s\u00e1bado 15 de abril en el taller \"Ciudades y memoria. Entregando el futuro\", uno de los cuatro programados para la jornada, en el que se dar\u00e1 espacio a las ciudades para que cuenten la trayectoria y las motivaciones por las que han sido nombradas Ciudad Creativa y los proyectos que combinan tradici\u00f3n e innovaci\u00f3n y que para M\u00f3dena se relacionan en particular con la regeneraci\u00f3n urbana.<\/p>\n<p>La Asociaci\u00f3n Italiana de J\u00f3venes para la UNESCO es una organizaci\u00f3n sin \u00e1nimo de lucro activa a escala nacional e internacional que lleva a cabo actividades en el \u00e1mbito de la educaci\u00f3n, la ciencia, la cultura y la comunicaci\u00f3n, promoviendo proyectos, valores y prioridades mediante la participaci\u00f3n activa de las generaciones m\u00e1s j\u00f3venes y la sociedad civil. Cada a\u00f1o, la asociaci\u00f3n organiza un evento cultural de \u00e1mbito nacional, el Foro Italiano de la Juventud, en una ciudad italiana diferente, como oportunidad para que los miembros voluntarios, de edades comprendidas entre los 18 y los 35 a\u00f1os, reflexionen y se re\u00fanan.<\/p>\n<\/div>\n<\/div>\n<\/div>\n\n\n\n\n\t\t<\/div> \n\t<\/div>\n\t<\/div> \n<\/div><\/div><div class=\"divider-wrap\" data-alignment=\"default\"><div style=\"height: 5vh;\" class=\"divider\"><\/div><\/div>\n\t\t\t<\/div> \n\t\t<\/div>\n\t<\/div> \n<\/div><\/div>","protected":false},"excerpt":{"rendered":"En Tur\u00edn, el s\u00e1bado 15 de abril, presentaci\u00f3n del camino como ciudad creativa para las artes medi\u00e1ticas y los proyectos de regeneraci\u00f3n urbana entre la memoria y el futuro. M\u00f3dena, Ciudad Creativa de la Unesco...","protected":false},"author":1,"featured_media":1202,"comment_status":"closed","ping_status":"closed","sticky":false,"template":"","format":"standard","meta":{"wpupg_custom_link":[],"wpupg_custom_link_behaviour":[],"wpupg_custom_link_nofollow":[],"wpupg_custom_image":[],"wpupg_custom_image_id":[],"footnotes":""},"categories":[475],"tags":[],"class_list":["post-1749","post","type-post","status-publish","format-standard","has-post-thumbnail","category-news"],"_links":{"self":[{"href":"https:\/\/modenafuturacreativa.it\/es\/wp-json\/wp\/v2\/posts\/1749","targetHints":{"allow":["GET"]}}],"collection":[{"href":"https:\/\/modenafuturacreativa.it\/es\/wp-json\/wp\/v2\/posts"}],"about":[{"href":"https:\/\/modenafuturacreativa.it\/es\/wp-json\/wp\/v2\/types\/post"}],"author":[{"embeddable":true,"href":"https:\/\/modenafuturacreativa.it\/es\/wp-json\/wp\/v2\/users\/1"}],"replies":[{"embeddable":true,"href":"https:\/\/modenafuturacreativa.it\/es\/wp-json\/wp\/v2\/comments?post=1749"}],"version-history":[{"count":3,"href":"https:\/\/modenafuturacreativa.it\/es\/wp-json\/wp\/v2\/posts\/1749\/revisions"}],"predecessor-version":[{"id":1752,"href":"https:\/\/modenafuturacreativa.it\/es\/wp-json\/wp\/v2\/posts\/1749\/revisions\/1752"}],"wp:featuredmedia":[{"embeddable":true,"href":"https:\/\/modenafuturacreativa.it\/es\/wp-json\/wp\/v2\/media\/1202"}],"wp:attachment":[{"href":"https:\/\/modenafuturacreativa.it\/es\/wp-json\/wp\/v2\/media?parent=1749"}],"wp:term":[{"taxonomy":"category","embeddable":true,"href":"https:\/\/modenafuturacreativa.it\/es\/wp-json\/wp\/v2\/categories?post=1749"},{"taxonomy":"post_tag","embeddable":true,"href":"https:\/\/modenafuturacreativa.it\/es\/wp-json\/wp\/v2\/tags?post=1749"}],"curies":[{"name":"wp","href":"https:\/\/api.w.org\/{rel}","templated":true}]}}