{"id":1744,"date":"2023-03-28T09:36:56","date_gmt":"2023-03-28T07:36:56","guid":{"rendered":"https:\/\/modenafuturacreativa.it\/?p=1744"},"modified":"2025-03-21T14:18:26","modified_gmt":"2025-03-21T13:18:26","slug":"nuovo-bando-per-le-industrie-culturali-e-creative","status":"publish","type":"post","link":"https:\/\/modenafuturacreativa.it\/es\/nuovo-bando-per-le-industrie-culturali-e-creative\/","title":{"rendered":"Nueva convocatoria para las industrias culturales y creativas"},"content":{"rendered":"<div id=\"fws_6a9b7b9b0c98c\"  data-column-margin=\"60px\" data-midnight=\"dark\"  class=\"wpb_row vc_row-fluid vc_row\"  style=\"padding-top: 0px; padding-bottom: 0px; \"><div class=\"row-bg-wrap\" data-bg-animation=\"none\" data-bg-animation-delay=\"\" data-bg-overlay=\"false\"><div class=\"inner-wrap row-bg-layer\" ><div class=\"row-bg viewport-desktop\"  style=\"\"><\/div><\/div><\/div><div class=\"row_col_wrap_12 col span_12 dark left\">\n\t<div  class=\"vc_col-sm-12 wpb_column column_container vc_column_container col no-extra-padding inherit_tablet inherit_phone\"  data-padding-pos=\"all\" data-has-bg-color=\"false\" data-bg-color=\"\" data-bg-opacity=\"1\" data-animation=\"\" data-delay=\"0\" >\n\t\t<div class=\"vc_column-inner\" >\n\t\t\t<div class=\"wpb_wrapper\">\n\t\t\t\t<div class=\"divider-wrap\" data-alignment=\"default\"><div style=\"height: 5vh;\" class=\"divider\"><\/div><\/div><div id=\"fws_6a9b7b9b0cfc0\" data-midnight=\"\" data-column-margin=\"default\" class=\"wpb_row vc_row-fluid vc_row inner_row\"  style=\"\"><div class=\"row-bg-wrap\"> <div class=\"row-bg\" ><\/div> <\/div><div class=\"row_col_wrap_12_inner col span_12  left\">\n\t<div  class=\"vc_col-sm-12 wpb_column column_container vc_column_container col child_column no-extra-padding inherit_tablet inherit_phone\"   data-padding-pos=\"all\" data-has-bg-color=\"false\" data-bg-color=\"\" data-bg-opacity=\"1\" data-animation=\"\" data-delay=\"0\" >\n\t\t<div class=\"vc_column-inner\" >\n\t\t<div class=\"wpb_wrapper\">\n\t\t\t\n<div class=\"wpb_text_column wpb_content_element\" >\n\t<p><strong><span style=\"font-size: 12pt;\">Se ha publicado el primer anuncio\u00a0<em>Euroclusters para unas industrias creativas y culturales pr\u00f3speras\u00a0<\/em>(CHREATHRIV-UE) de la secci\u00f3n COSME del Programa del Mercado \u00danico (PMU), cuyo objetivo es apoyar financieramente a las PYME de las industrias culturales y creativas (ICC).<\/span><\/strong><\/p>\n<p>&nbsp;<\/p>\n<p><span style=\"font-size: 12pt;\">Los proyectos y actividades financiados deber\u00e1n haber concluido antes del 30\/04\/2024 y responder a uno de los siguientes retos:<\/span><br \/>\n<span style=\"font-size: 12pt;\">- diversificaci\u00f3n de productos\/servicios\/contenidos sobre la base de las tecnolog\u00edas digitales, especialmente en el \u00e1mbito del patrimonio, los archivos y las bibliotecas CCI;<\/span><br \/>\n<span style=\"font-size: 12pt;\">- apoyar la transici\u00f3n ecol\u00f3gica del sector audiovisual y multimedia y de las artes esc\u00e9nicas;<\/span><br \/>\n<span style=\"font-size: 12pt;\">- colmar el d\u00e9ficit de cualificaci\u00f3n de la mano de obra de las CCI y apoyar una mayor participaci\u00f3n femenina;<\/span><br \/>\n<span style=\"font-size: 12pt;\">- aumentar las oportunidades de negocio mediante la internacionalizaci\u00f3n y las sinergias a lo largo de las cadenas de suministro y entre ellas.<\/span><\/p>\n<p>&nbsp;<\/p>\n<p><span style=\"font-size: 12pt;\"><strong>Beneficiarios:<\/strong>\u00a0PYME de las industrias culturales y creativas activas en los siguientes sectores:<\/span><br \/>\n<span style=\"font-size: 12pt;\">- patrimonio cultural, archivos, bibliotecas;<\/span><br \/>\n<span style=\"font-size: 12pt;\">- audiovisuales y multimedia, incluidas las tecnolog\u00edas de la informaci\u00f3n, los programas inform\u00e1ticos y los servicios inform\u00e1ticos;<\/span><br \/>\n<span style=\"font-size: 12pt;\">- impresi\u00f3n y publicaci\u00f3n;<\/span><br \/>\n<span style=\"font-size: 12pt;\">- artes visuales;<\/span><br \/>\n<span style=\"font-size: 12pt;\">- artes esc\u00e9nicas;<\/span><br \/>\n<span style=\"font-size: 12pt;\">- educaci\u00f3n.<\/span><\/p>\n<p>&nbsp;<\/p>\n<p><span style=\"font-size: 12pt;\"><strong>Cofinanciaci\u00f3n:<br \/>\n<\/strong>- 5.000 euros para proyectos a peque\u00f1a escala destinados a desarrollar un proyecto con un experto externo, es decir, un mapeo de las necesidades espec\u00edficas y la provisi\u00f3n de recomendaciones\/planes de acci\u00f3n en los \u00e1mbitos de gesti\u00f3n y mitigaci\u00f3n de riesgos, digitalizaci\u00f3n, transici\u00f3n ecol\u00f3gica, innovaci\u00f3n y tecnolog\u00eda, internacionalizaci\u00f3n, reciclaje o desarrollo de capacidades;<\/span><\/p>\n<p><span style=\"font-size: 12pt;\">- 20.000 euros para proyectos de colaboraci\u00f3n en los que las PYME tendr\u00e1n que trabajar con al menos otra organizaci\u00f3n en un proyecto piloto para desarrollar y crear el prototipo de un producto con un nivel m\u00ednimo de madurez tecnol\u00f3gica y comercial (TRL y CRL) de 4. Las actividades subvencionadas ser\u00e1n el desarrollo de una tecnolog\u00eda emergente o la mejora de un producto o tecnolog\u00eda existentes.<\/span><\/p>\n<p>&nbsp;<\/p>\n<p><span style=\"font-size: 12pt;\"><strong>Plazo: 02\/05\/2023<\/strong><\/span><\/p>\n<p><span style=\"font-size: 12pt;\"><strong>Fuente:<\/strong>\u00a0.\u00a0<a style=\"color: #3f3f3f; text-decoration: underline; cursor: pointer;\" href=\"https:\/\/nl-europa.comune.modena.it\/nl\/pmz5by\/j2thxi\/jejtgf\/uf\/8\/aHR0cHM6Ly9maXJzdC5hcnQtZXIuaXQvbmV3cy9pbmR1c3RyaWUtY3VsdHVyYWxpLWUtY3JlYXRpdmUtbnVvdm8tYmFuZG8tc21w?_d=82M&amp;_c=6fc8e092\" rel=\"noopener\">Primero de ART-ER<\/a><\/span><\/p>\n<\/div>\n\n\n\n\n\t\t<\/div> \n\t<\/div>\n\t<\/div> \n<\/div><\/div><div class=\"divider-wrap\" data-alignment=\"default\"><div style=\"height: 5vh;\" class=\"divider\"><\/div><\/div>\n\t\t\t<\/div> \n\t\t<\/div>\n\t<\/div> \n<\/div><\/div>","protected":false},"excerpt":{"rendered":"Se ha publicado la primera convocatoria Euroclusters for Thriving Creative and Cultural Industries (CHREATHRIV-EU) del cap\u00edtulo COSME del Programa del Mercado \u00danico (PMU), cuyo objetivo es apoyar financieramente a las PYME de las industrias culturales...","protected":false},"author":1,"featured_media":1745,"comment_status":"closed","ping_status":"closed","sticky":false,"template":"","format":"standard","meta":{"wpupg_custom_link":[],"wpupg_custom_link_behaviour":[],"wpupg_custom_link_nofollow":[],"wpupg_custom_image":[],"wpupg_custom_image_id":[],"footnotes":""},"categories":[475],"tags":[],"class_list":["post-1744","post","type-post","status-publish","format-standard","has-post-thumbnail","category-news"],"_links":{"self":[{"href":"https:\/\/modenafuturacreativa.it\/es\/wp-json\/wp\/v2\/posts\/1744","targetHints":{"allow":["GET"]}}],"collection":[{"href":"https:\/\/modenafuturacreativa.it\/es\/wp-json\/wp\/v2\/posts"}],"about":[{"href":"https:\/\/modenafuturacreativa.it\/es\/wp-json\/wp\/v2\/types\/post"}],"author":[{"embeddable":true,"href":"https:\/\/modenafuturacreativa.it\/es\/wp-json\/wp\/v2\/users\/1"}],"replies":[{"embeddable":true,"href":"https:\/\/modenafuturacreativa.it\/es\/wp-json\/wp\/v2\/comments?post=1744"}],"version-history":[{"count":1,"href":"https:\/\/modenafuturacreativa.it\/es\/wp-json\/wp\/v2\/posts\/1744\/revisions"}],"predecessor-version":[{"id":1746,"href":"https:\/\/modenafuturacreativa.it\/es\/wp-json\/wp\/v2\/posts\/1744\/revisions\/1746"}],"wp:featuredmedia":[{"embeddable":true,"href":"https:\/\/modenafuturacreativa.it\/es\/wp-json\/wp\/v2\/media\/1745"}],"wp:attachment":[{"href":"https:\/\/modenafuturacreativa.it\/es\/wp-json\/wp\/v2\/media?parent=1744"}],"wp:term":[{"taxonomy":"category","embeddable":true,"href":"https:\/\/modenafuturacreativa.it\/es\/wp-json\/wp\/v2\/categories?post=1744"},{"taxonomy":"post_tag","embeddable":true,"href":"https:\/\/modenafuturacreativa.it\/es\/wp-json\/wp\/v2\/tags?post=1744"}],"curies":[{"name":"wp","href":"https:\/\/api.w.org\/{rel}","templated":true}]}}