{"id":1612,"date":"2022-12-22T12:44:05","date_gmt":"2022-12-22T11:44:05","guid":{"rendered":"https:\/\/modenafuturacreativa.it\/?p=1612"},"modified":"2025-03-21T14:18:26","modified_gmt":"2025-03-21T13:18:26","slug":"capodanno-a-cielo-aperto-che-unisce-il-mito-larte-e-le-nuove-tecnologie","status":"publish","type":"post","link":"https:\/\/modenafuturacreativa.it\/es\/capodanno-a-cielo-aperto-che-unisce-il-mito-larte-e-le-nuove-tecnologie\/","title":{"rendered":"M\u00f3dena: Nochevieja a cielo abierto combinando mito, arte y nuevas tecnolog\u00edas"},"content":{"rendered":"<div id=\"fws_6a9b7bf6733ce\"  data-column-margin=\"60px\" data-midnight=\"dark\"  class=\"wpb_row vc_row-fluid vc_row\"  style=\"padding-top: 0px; padding-bottom: 0px; \"><div class=\"row-bg-wrap\" data-bg-animation=\"none\" data-bg-animation-delay=\"\" data-bg-overlay=\"false\"><div class=\"inner-wrap row-bg-layer\" ><div class=\"row-bg viewport-desktop\"  style=\"\"><\/div><\/div><\/div><div class=\"row_col_wrap_12 col span_12 dark left\">\n\t<div  class=\"vc_col-sm-12 wpb_column column_container vc_column_container col no-extra-padding inherit_tablet inherit_phone\"  data-padding-pos=\"all\" data-has-bg-color=\"false\" data-bg-color=\"\" data-bg-opacity=\"1\" data-animation=\"\" data-delay=\"0\" >\n\t\t<div class=\"vc_column-inner\" >\n\t\t\t<div class=\"wpb_wrapper\">\n\t\t\t\t\n\t<div class=\"wpb_video_widget wpb_content_element vc_clearfix   vc_video-aspect-ratio-169 vc_video-el-width-100 vc_video-align-center\" >\n\t\t<div class=\"wpb_wrapper\">\n\t\t\t\n\t\t\t<div class=\"wpb_video_wrapper\"><iframe loading=\"lazy\" title=\"A\u00f1o Nuevo Modena 2023\" width=\"500\" height=\"281\" src=\"https:\/\/www.youtube.com\/embed\/WS3irxiwLXQ?feature=oembed\" frameborder=\"0\" allow=\"accelerometer; autoplay; clipboard-write; encrypted-media; gyroscope; picture-in-picture; web-share\" referrerpolicy=\"strict-origin-when-cross-origin\" allowfullscreen><\/iframe><\/div>\n\t\t<\/div>\n\t<\/div>\n<div class=\"divider-wrap\" data-alignment=\"default\"><div style=\"height: 5vh;\" class=\"divider\"><\/div><\/div><div id=\"fws_6a9b7bf673b38\" data-midnight=\"\" data-column-margin=\"default\" class=\"wpb_row vc_row-fluid vc_row inner_row\"  style=\"\"><div class=\"row-bg-wrap\"> <div class=\"row-bg\" ><\/div> <\/div><div class=\"row_col_wrap_12_inner col span_12  left\">\n\t<div  class=\"vc_col-sm-12 wpb_column column_container vc_column_container col child_column no-extra-padding inherit_tablet inherit_phone\"   data-padding-pos=\"all\" data-has-bg-color=\"false\" data-bg-color=\"\" data-bg-opacity=\"1\" data-animation=\"\" data-delay=\"0\" >\n\t\t<div class=\"vc_column-inner\" >\n\t\t<div class=\"wpb_wrapper\">\n\t\t\t\n<div class=\"wpb_text_column wpb_content_element\" >\n\t<p><span style=\"font-size: large;\"><b>M\u00f3dena saluda al a\u00f1o 2022 con una fiesta de Nochevieja al aire libre que combina mito, arte y nuevas tecnolog\u00edas con dos instalaciones digitales y un espect\u00e1culo de danza a\u00e9rea, protagonizado por el recinto de la Unesco con la Piazza Grande, el Duomo y la Ghirlandina.<\/b><\/span><\/p>\n<p>&nbsp;<\/p>\n<h4 id=\"x1dug3\">Programa<\/h4>\n<p style=\"margin: 0px;\"><strong>El mito de Faet\u00f3n<br \/>\n<\/strong>Del 31 de diciembre al 3 de enero, video mapping en la catedral<\/p>\n<p style=\"margin: 0px;\"><strong>Horario:<\/strong><\/p>\n<ul>\n<li>31 de diciembre de 23.15 a 23.30 \/ de 00.30 a 01.00;<\/li>\n<li>1 de enero de 19.15 a 21.15 h;<\/li>\n<li>2 de enero de 19.15 a 21.15 h;<\/li>\n<li>3 de enero de 19.15 a 21.15 h.<\/li>\n<\/ul>\n<p style=\"margin: 0px;\"><strong>Instalaci\u00f3n digital \"Un mundo diferente<br \/>\n<\/strong>Del 31 de diciembre al 3 de enero - Piazza Torre, junto a la Torre Ghirlandina -<\/p>\n<p style=\"margin: 0px;\"><strong>Horario:<\/strong> la instalaci\u00f3n de v\u00eddeo se repite en bucle en los siguientes momentos:<\/p>\n<ul>\n<li>31 de diciembre de 19.00 a 20.30 h. \/ de 23.00 a 23.15 h.<\/li>\n<li>1 de enero de 19.00 a 21.00 h.<\/li>\n<li>2 de enero de 19.00 a 21.00 h.<\/li>\n<li>3 de enero de 19.00 a 21.00 h.<\/li>\n<\/ul>\n<p style=\"margin: 0px;\">La instalaci\u00f3n, inspirada en el libro hom\u00f3nimo del fot\u00f3grafo Stefano Unthertiner rodado en las islas Svalbard, es una proyecci\u00f3n de gran formato que ofrece al p\u00fablico una experiencia sensorial inmersiva: la plaza se transformar\u00e1 en un gran decorado invernal, una extensi\u00f3n de hielo que invadir\u00e1 la arquitectura hist\u00f3rica de la ciudad y transportar\u00e1 a los participantes a un mundo diferente, donde la nieve y el paisaje \u00e1rtico estar\u00e1n tan cerca que tendr\u00e1n la sensaci\u00f3n de poder tocarlos. Un conjunto de c\u00e1maras vigilar\u00e1 algunas zonas de la plaza donde adultos y ni\u00f1os, con el movimiento de sus cuerpos, podr\u00e1n interactuar con los sonidos y las im\u00e1genes, determinando su forma.<\/p>\n<p>&nbsp;<\/p>\n<p style=\"margin: 0px;\"><strong>Espect\u00e1culo de danza a\u00e9rea \"Clairi\u00e8re Urbaine<\/strong><\/p>\n<p style=\"margin: 0px;\">En la Piazza Grande el 31 de diciembre<\/p>\n<p style=\"margin: 0px;\"><strong>Horario:<\/strong> de 23.30 a 23.50 h. Pausa de medianoche, de 00.05 a 00.30 h. (en caso de mal tiempo, el espect\u00e1culo se reprogramar\u00e1 para la noche del 1 de enero a las 21.30 h.)<\/p>\n<p style=\"margin: 0px;\">La \u00fanica representaci\u00f3n ser\u00e1 la de Nochevieja, a partir de las 23.30 horas, a cargo de la compa\u00f1\u00eda francesa Retouramont, pionera de la danza vertical.<\/p>\n<p style=\"margin: 0px;\">La representaci\u00f3n, que dura unos cuarenta minutos y est\u00e1 dividida en dos partes con un brindis de Nochevieja en medio, se titula \"Clairi\u00e8re Urbaine\", que literalmente significa \"claro urbano\" y hace referencia a los \"espacios interminables\" del ascenso de Leopardi. La idea que subyace a la representaci\u00f3n es el di\u00e1logo entre los cuerpos humanos y la monumentalidad de un lugar simb\u00f3lico como la Piazza Grande, con los bailarines, izados con cuerdas, atravesando el espacio entre la torre del reloj del Palazzo Comunale y el edificio del banco Unicredit, dise\u00f1ado en los a\u00f1os sesenta por Gio Ponti.<\/p>\n<\/div>\n\n\n\n\n\t\t<\/div> \n\t<\/div>\n\t<\/div> \n<\/div><\/div><div class=\"divider-wrap\" data-alignment=\"default\"><div style=\"height: 5vh;\" class=\"divider\"><\/div><\/div>\n\t\t\t<\/div> \n\t\t<\/div>\n\t<\/div> \n<\/div><\/div>","protected":false},"excerpt":{"rendered":"M\u00f3dena recibe 2022 con una fiesta de Nochevieja al aire libre que combina mito, arte y nuevas tecnolog\u00edas con dos instalaciones digitales y un espect\u00e1culo de danza...","protected":false},"author":1,"featured_media":1613,"comment_status":"closed","ping_status":"closed","sticky":false,"template":"","format":"standard","meta":{"wpupg_custom_link":[],"wpupg_custom_link_behaviour":[],"wpupg_custom_link_nofollow":[],"wpupg_custom_image":[],"wpupg_custom_image_id":[],"footnotes":""},"categories":[475],"tags":[],"class_list":["post-1612","post","type-post","status-publish","format-standard","has-post-thumbnail","category-news"],"_links":{"self":[{"href":"https:\/\/modenafuturacreativa.it\/es\/wp-json\/wp\/v2\/posts\/1612","targetHints":{"allow":["GET"]}}],"collection":[{"href":"https:\/\/modenafuturacreativa.it\/es\/wp-json\/wp\/v2\/posts"}],"about":[{"href":"https:\/\/modenafuturacreativa.it\/es\/wp-json\/wp\/v2\/types\/post"}],"author":[{"embeddable":true,"href":"https:\/\/modenafuturacreativa.it\/es\/wp-json\/wp\/v2\/users\/1"}],"replies":[{"embeddable":true,"href":"https:\/\/modenafuturacreativa.it\/es\/wp-json\/wp\/v2\/comments?post=1612"}],"version-history":[{"count":3,"href":"https:\/\/modenafuturacreativa.it\/es\/wp-json\/wp\/v2\/posts\/1612\/revisions"}],"predecessor-version":[{"id":1634,"href":"https:\/\/modenafuturacreativa.it\/es\/wp-json\/wp\/v2\/posts\/1612\/revisions\/1634"}],"wp:featuredmedia":[{"embeddable":true,"href":"https:\/\/modenafuturacreativa.it\/es\/wp-json\/wp\/v2\/media\/1613"}],"wp:attachment":[{"href":"https:\/\/modenafuturacreativa.it\/es\/wp-json\/wp\/v2\/media?parent=1612"}],"wp:term":[{"taxonomy":"category","embeddable":true,"href":"https:\/\/modenafuturacreativa.it\/es\/wp-json\/wp\/v2\/categories?post=1612"},{"taxonomy":"post_tag","embeddable":true,"href":"https:\/\/modenafuturacreativa.it\/es\/wp-json\/wp\/v2\/tags?post=1612"}],"curies":[{"name":"wp","href":"https:\/\/api.w.org\/{rel}","templated":true}]}}