{"id":1235,"date":"2022-03-18T11:29:09","date_gmt":"2022-03-18T10:29:09","guid":{"rendered":"https:\/\/modenafuturacreativa.it\/?p=1235"},"modified":"2025-03-21T14:18:26","modified_gmt":"2025-03-21T13:18:26","slug":"e-disponibile-il-dossier-di-candidatura-di-modena-citta-creativa-unesco","status":"publish","type":"post","link":"https:\/\/modenafuturacreativa.it\/es\/e-disponibile-il-dossier-di-candidatura-di-modena-citta-creativa-unesco\/","title":{"rendered":"El expediente de candidatura de M\u00f3dena como Ciudad Creativa de la UNESCO est\u00e1 disponible"},"content":{"rendered":"<div id=\"fws_6a9b7bf5aeebf\"  data-column-margin=\"60px\" data-midnight=\"dark\"  class=\"wpb_row vc_row-fluid vc_row\"  style=\"padding-top: 0px; padding-bottom: 0px; \"><div class=\"row-bg-wrap\" data-bg-animation=\"none\" data-bg-animation-delay=\"\" data-bg-overlay=\"false\"><div class=\"inner-wrap row-bg-layer\" ><div class=\"row-bg viewport-desktop\"  style=\"\"><\/div><\/div><\/div><div class=\"row_col_wrap_12 col span_12 dark left\">\n\t<div  class=\"vc_col-sm-12 wpb_column column_container vc_column_container col no-extra-padding inherit_tablet inherit_phone\"  data-padding-pos=\"all\" data-has-bg-color=\"false\" data-bg-color=\"\" data-bg-opacity=\"1\" data-animation=\"\" data-delay=\"0\" >\n\t\t<div class=\"vc_column-inner\" >\n\t\t\t<div class=\"wpb_wrapper\">\n\t\t\t\t<div class=\"img-with-aniamtion-wrap\" data-max-width=\"100%\" data-max-width-mobile=\"default\" data-shadow=\"none\" data-animation=\"fade-in\" >\n      <div class=\"inner\">\n        <div class=\"hover-wrap\"> \n          <div class=\"hover-wrap-inner\">\n            <img loading=\"lazy\" decoding=\"async\" class=\"img-with-animation skip-lazy\" data-delay=\"0\" height=\"796\" width=\"1141\" data-animation=\"fade-in\" src=\"https:\/\/modenafuturacreativa.it\/wp-content\/uploads\/2022\/03\/dossier-modena-citta-creativa2.jpg\" alt=\"\" srcset=\"https:\/\/modenafuturacreativa.it\/wp-content\/uploads\/2022\/03\/dossier-modena-citta-creativa2.jpg 1141w, https:\/\/modenafuturacreativa.it\/wp-content\/uploads\/2022\/03\/dossier-modena-citta-creativa2-300x209.jpg 300w, https:\/\/modenafuturacreativa.it\/wp-content\/uploads\/2022\/03\/dossier-modena-citta-creativa2-1024x714.jpg 1024w, https:\/\/modenafuturacreativa.it\/wp-content\/uploads\/2022\/03\/dossier-modena-citta-creativa2-768x536.jpg 768w\" sizes=\"auto, (max-width: 1141px) 100vw, 1141px\" \/>\n          <\/div>\n        <\/div>\n        \n      <\/div>\n    <\/div>\n<div class=\"wpb_text_column wpb_content_element\" >\n\t<p><strong>El camino que condujo primero a la candidatura y despu\u00e9s al nombramiento de M\u00f3dena como Ciudad Creativa de la UNESCO fue el resultado de un gran esfuerzo colectivo.<\/strong><\/p>\n<p>Nos hemos centrado en la innovaci\u00f3n digital, la inteligencia artificial, los nuevos productos culturales y los proyectos tecnol\u00f3gicamente avanzados aplicados a la m\u00fasica, las artes visuales, el teatro y la educaci\u00f3n. Es un proceso que llevamos a cabo en plena pandemia, en esa doble v\u00eda que nos vio lidiar con la emergencia, por un lado, y con la planificaci\u00f3n de la normalidad pospand\u00e9mica, por otro. La nominaci\u00f3n reconoci\u00f3 la excelencia de M\u00f3dena en este sector y, antes que eso, la calidad de la cultura extendida en nuestra ciudad. Una ciudad que no se rinde, que cree en el futuro y por tanto lo planifica, y que precisamente en la cultura ve un eje de reinicio, con una funci\u00f3n estrat\u00e9gica decisiva para seguir siendo grande en las pr\u00f3ximas d\u00e9cadas.<\/p>\n<p><strong>Gian Carlo Muzzarelli, Alcalde de M\u00f3dena<\/strong><\/p>\n<\/div>\n\n\n\n<div class=\"divider-wrap\" data-alignment=\"default\"><div style=\"height: 5vh;\" class=\"divider\"><\/div><\/div><div class=\"nectar-cta freccia alignment_tablet_default alignment_phone_default display_tablet_inherit display_phone_inherit\" data-color=\"default\" data-using-bg=\"false\" data-display=\"block\" data-style=\"underline\" data-alignment=\"left\" data-text-color=\"custom\" style=\"--nectar-text-color: #0054ff; --nectar-button-color: var(--nectar-default); --nectar-icon-gap: 10px; \"><h5 style=\"color: #0054ff;\"> <span class=\"link_wrap\" ><a target=\"_blank\" class=\"link_text\" style=\"border-color: #0054ff;\" role=\"button\" href=\"https:\/\/modenafuturacreativa.it\/wp-content\/uploads\/2022\/03\/ModenaCittaCreativaUnesco_DossierDiCandidatura.pdf\">Descargar el dossier de candidatura 2021<\/a><\/span><\/h5><\/div>\n\t\t\t<\/div> \n\t\t<\/div>\n\t<\/div> \n<\/div><\/div>","protected":false},"excerpt":{"rendered":"El camino que condujo primero a la candidatura y despu\u00e9s al nombramiento de M\u00f3dena como Ciudad Creativa de la UNESCO fue el resultado de un gran esfuerzo colectivo. Nos centramos en la innovaci\u00f3n...","protected":false},"author":1,"featured_media":1236,"comment_status":"closed","ping_status":"closed","sticky":false,"template":"","format":"standard","meta":{"wpupg_custom_link":[],"wpupg_custom_link_behaviour":[],"wpupg_custom_link_nofollow":[],"wpupg_custom_image":[],"wpupg_custom_image_id":[],"footnotes":""},"categories":[475],"tags":[],"class_list":["post-1235","post","type-post","status-publish","format-standard","has-post-thumbnail","category-news"],"_links":{"self":[{"href":"https:\/\/modenafuturacreativa.it\/es\/wp-json\/wp\/v2\/posts\/1235","targetHints":{"allow":["GET"]}}],"collection":[{"href":"https:\/\/modenafuturacreativa.it\/es\/wp-json\/wp\/v2\/posts"}],"about":[{"href":"https:\/\/modenafuturacreativa.it\/es\/wp-json\/wp\/v2\/types\/post"}],"author":[{"embeddable":true,"href":"https:\/\/modenafuturacreativa.it\/es\/wp-json\/wp\/v2\/users\/1"}],"replies":[{"embeddable":true,"href":"https:\/\/modenafuturacreativa.it\/es\/wp-json\/wp\/v2\/comments?post=1235"}],"version-history":[{"count":8,"href":"https:\/\/modenafuturacreativa.it\/es\/wp-json\/wp\/v2\/posts\/1235\/revisions"}],"predecessor-version":[{"id":1245,"href":"https:\/\/modenafuturacreativa.it\/es\/wp-json\/wp\/v2\/posts\/1235\/revisions\/1245"}],"wp:featuredmedia":[{"embeddable":true,"href":"https:\/\/modenafuturacreativa.it\/es\/wp-json\/wp\/v2\/media\/1236"}],"wp:attachment":[{"href":"https:\/\/modenafuturacreativa.it\/es\/wp-json\/wp\/v2\/media?parent=1235"}],"wp:term":[{"taxonomy":"category","embeddable":true,"href":"https:\/\/modenafuturacreativa.it\/es\/wp-json\/wp\/v2\/categories?post=1235"},{"taxonomy":"post_tag","embeddable":true,"href":"https:\/\/modenafuturacreativa.it\/es\/wp-json\/wp\/v2\/tags?post=1235"}],"curies":[{"name":"wp","href":"https:\/\/api.w.org\/{rel}","templated":true}]}}