{"id":1206,"date":"2022-02-07T13:11:16","date_gmt":"2022-02-07T12:11:16","guid":{"rendered":"https:\/\/modenafuturacreativa.it\/?p=1206"},"modified":"2025-03-21T14:18:26","modified_gmt":"2025-03-21T13:18:26","slug":"citta-di-modena-e-ufficialmente-sulla-mappa-delle-citta-creative","status":"publish","type":"post","link":"https:\/\/modenafuturacreativa.it\/es\/citta-di-modena-e-ufficialmente-sulla-mappa-delle-citta-creative\/","title":{"rendered":"\u00a1La ciudad de M\u00f3dena est\u00e1 oficialmente en el mapa de las Ciudades Creativas!"},"content":{"rendered":"<div id=\"fws_6a9b7b8b8d6a6\"  data-column-margin=\"60px\" data-midnight=\"dark\"  class=\"wpb_row vc_row-fluid vc_row\"  style=\"padding-top: 0px; padding-bottom: 0px; \"><div class=\"row-bg-wrap\" data-bg-animation=\"none\" data-bg-animation-delay=\"\" data-bg-overlay=\"false\"><div class=\"inner-wrap row-bg-layer\" ><div class=\"row-bg viewport-desktop\"  style=\"\"><\/div><\/div><\/div><div class=\"row_col_wrap_12 col span_12 dark left\">\n\t<div  class=\"vc_col-sm-12 wpb_column column_container vc_column_container col no-extra-padding inherit_tablet inherit_phone\"  data-padding-pos=\"all\" data-has-bg-color=\"false\" data-bg-color=\"\" data-bg-opacity=\"1\" data-animation=\"\" data-delay=\"0\" >\n\t\t<div class=\"vc_column-inner\" >\n\t\t\t<div class=\"wpb_wrapper\">\n\t\t\t\t<div class=\"img-with-aniamtion-wrap\" data-max-width=\"100%\" data-max-width-mobile=\"default\" data-shadow=\"none\" data-animation=\"fade-in\" >\n      <div class=\"inner\">\n        <div class=\"hover-wrap\"> \n          <div class=\"hover-wrap-inner\">\n            <img loading=\"lazy\" decoding=\"async\" class=\"img-with-animation skip-lazy\" data-delay=\"0\" height=\"796\" width=\"1292\" data-animation=\"fade-in\" src=\"https:\/\/modenafuturacreativa.it\/wp-content\/uploads\/2022\/02\/Modena-citta-creative-unesco2.png\" alt=\"\" srcset=\"https:\/\/modenafuturacreativa.it\/wp-content\/uploads\/2022\/02\/Modena-citta-creative-unesco2.png 1292w, https:\/\/modenafuturacreativa.it\/wp-content\/uploads\/2022\/02\/Modena-citta-creative-unesco2-300x185.png 300w, https:\/\/modenafuturacreativa.it\/wp-content\/uploads\/2022\/02\/Modena-citta-creative-unesco2-1024x631.png 1024w, https:\/\/modenafuturacreativa.it\/wp-content\/uploads\/2022\/02\/Modena-citta-creative-unesco2-768x473.png 768w\" sizes=\"auto, (max-width: 1292px) 100vw, 1292px\" \/>\n          <\/div>\n        <\/div>\n        \n      <\/div>\n    <\/div>\n<div class=\"wpb_text_column wpb_content_element\" >\n\t<p><strong>\u00a1La ciudad de M\u00f3dena est\u00e1 oficialmente en el mapa de las Ciudades Creativas!<\/strong><br \/>\nEn el sitio: <a href=\"https:\/\/mediaartscities.com\/\" target=\"_blank\" rel=\"noopener\">https:\/\/mediaartscities.com\/<\/a> podr\u00e1 encontrar todas las ciudades que la UNESCO ha reconocido como Ciudades Creativas para el cl\u00faster de las Artes Audiovisuales, \u00a1y entre ellas se encuentra nuestra M\u00f3dena!<\/p>\n<p><a href=\"https:\/\/mediaartscities.com\/about\/\" target=\"_blank\" rel=\"noopener\">Seguir leyendo<\/a><\/p>\n<\/div>\n\n\n\n\n\t\t\t<\/div> \n\t\t<\/div>\n\t<\/div> \n<\/div><\/div>","protected":false},"excerpt":{"rendered":"\u00a1La ciudad de M\u00f3dena est\u00e1 oficialmente en el mapa de las Ciudades Creativas! En la p\u00e1gina web: https:\/\/mediaartscities.com\/ puede encontrar todas las ciudades que la UNESCO ha reconocido como Ciudades Creativas para el cl\u00faster...","protected":false},"author":1,"featured_media":1207,"comment_status":"closed","ping_status":"closed","sticky":false,"template":"","format":"standard","meta":{"wpupg_custom_link":[],"wpupg_custom_link_behaviour":[],"wpupg_custom_link_nofollow":[],"wpupg_custom_image":[],"wpupg_custom_image_id":[],"footnotes":""},"categories":[475],"tags":[],"class_list":["post-1206","post","type-post","status-publish","format-standard","has-post-thumbnail","category-news"],"_links":{"self":[{"href":"https:\/\/modenafuturacreativa.it\/es\/wp-json\/wp\/v2\/posts\/1206","targetHints":{"allow":["GET"]}}],"collection":[{"href":"https:\/\/modenafuturacreativa.it\/es\/wp-json\/wp\/v2\/posts"}],"about":[{"href":"https:\/\/modenafuturacreativa.it\/es\/wp-json\/wp\/v2\/types\/post"}],"author":[{"embeddable":true,"href":"https:\/\/modenafuturacreativa.it\/es\/wp-json\/wp\/v2\/users\/1"}],"replies":[{"embeddable":true,"href":"https:\/\/modenafuturacreativa.it\/es\/wp-json\/wp\/v2\/comments?post=1206"}],"version-history":[{"count":3,"href":"https:\/\/modenafuturacreativa.it\/es\/wp-json\/wp\/v2\/posts\/1206\/revisions"}],"predecessor-version":[{"id":1211,"href":"https:\/\/modenafuturacreativa.it\/es\/wp-json\/wp\/v2\/posts\/1206\/revisions\/1211"}],"wp:featuredmedia":[{"embeddable":true,"href":"https:\/\/modenafuturacreativa.it\/es\/wp-json\/wp\/v2\/media\/1207"}],"wp:attachment":[{"href":"https:\/\/modenafuturacreativa.it\/es\/wp-json\/wp\/v2\/media?parent=1206"}],"wp:term":[{"taxonomy":"category","embeddable":true,"href":"https:\/\/modenafuturacreativa.it\/es\/wp-json\/wp\/v2\/categories?post=1206"},{"taxonomy":"post_tag","embeddable":true,"href":"https:\/\/modenafuturacreativa.it\/es\/wp-json\/wp\/v2\/tags?post=1206"}],"curies":[{"name":"wp","href":"https:\/\/api.w.org\/{rel}","templated":true}]}}