{"id":1,"date":"2020-12-19T10:47:41","date_gmt":"2020-12-19T09:47:41","guid":{"rendered":"https:\/\/modenafutura.com\/?p=1"},"modified":"2025-03-21T14:18:27","modified_gmt":"2025-03-21T13:18:27","slug":"modena-si-candida-a-citta-creativa-unesco-media-arts-2021","status":"publish","type":"post","link":"https:\/\/modenafuturacreativa.it\/es\/modena-si-candida-a-citta-creativa-unesco-media-arts-2021\/","title":{"rendered":"MODENA PRESENTA SU CANDIDATURA A CIUDAD CREATIVA DE LA UNESCO PARA LAS ARTES MEDI\u00c1TICAS 2021"},"content":{"rendered":"<div id=\"fws_6a9b7beb911df\"  data-column-margin=\"60px\" data-midnight=\"dark\"  class=\"wpb_row vc_row-fluid vc_row\"  style=\"padding-top: 0px; padding-bottom: 0px; \"><div class=\"row-bg-wrap\" data-bg-animation=\"none\" data-bg-animation-delay=\"\" data-bg-overlay=\"false\"><div class=\"inner-wrap row-bg-layer\" ><div class=\"row-bg viewport-desktop\"  style=\"\"><\/div><\/div><\/div><div class=\"row_col_wrap_12 col span_12 dark left\">\n\t<div  class=\"vc_col-sm-6 wpb_column column_container vc_column_container col no-extra-padding inherit_tablet inherit_phone\"  data-padding-pos=\"all\" data-has-bg-color=\"false\" data-bg-color=\"\" data-bg-opacity=\"1\" data-animation=\"\" data-delay=\"0\" >\n\t\t<div class=\"vc_column-inner\" >\n\t\t\t<div class=\"wpb_wrapper\">\n\t\t\t\t\n<div class=\"wpb_text_column wpb_content_element\" >\n\t<div id=\"parent-fieldname-description\" class=\"documentDescription\"><strong>Anuncio del Alcalde Muzzarelli y la Concejala Bortolamasi en la \"Mesa del Crecimiento \"La candidatura en la perspectiva del reinicio post-Covid. La cultura como factor de desarrollo\".<\/strong><\/div>\n<div id=\"viewlet-above-content-body\">\u00a0<\/div>\n<div id=\"content-core\">\n<div id=\"parent-fieldname-text\" class=\"plain\">\n<p class=\"wp-block-paragraph\" align=\"JUSTIFY\">M\u00f3dena presenta su candidatura a Ciudad Creativa 2021 de la Unesco para \"Artes medi\u00e1ticas\", con la posibilidad de unirse a una red de casi 200 ciudades de todo el mundo que se caracterizan, tambi\u00e9n en t\u00e9rminos promocionales, por la excelencia en los sectores culturales. El proceso de candidatura fue presentado por el Alcalde Gian Carlo Muzzarelli y el Concejal de Cultura Andrea Bortolamasi en el \"Tavolo per la crescita intelligente, sostenibile e inclusiva\" (Mesa para el crecimiento inteligente, sostenible e integrador) promovido por el Ayuntamiento de M\u00f3dena con asociaciones econ\u00f3micas y sociales. En la reuni\u00f3n, que tuvo lugar por teleconferencia el viernes 18 de diciembre, se anunci\u00f3 la senda como una oportunidad para relanzar la Cultura tras la grave crisis que ha azotado al sector y a la ciudad con la pandemia. La iniciativa, en la que participar\u00e1n el Ayuntamiento y los principales agentes implicados en la cultura de la ciudad, puede ser de hecho una de las herramientas que se activen para promover el relanzamiento de M\u00f3dena tras la emergencia sanitaria.<\/p>\n<p align=\"JUSTIFY\">Bortolamasi, en concreto, subray\u00f3 que la candidatura \"representa un reto de la ciudad y para la ciudad, en la perspectiva de un reinicio post-Covidio en 2021 tambi\u00e9n gracias a la cultura como factor de crecimiento, de empleo, de trabajo\". Con un proceso -explic\u00f3 el concejal- que pretende reforzar la marca M\u00f3dena subrayando su naturaleza de ciudad abierta y f\u00e9rtil para los j\u00f3venes, que mantiene firmes sus ra\u00edces manufactureras, pero que tambi\u00e9n mira al futuro como ciudad creativa, donde cultura y tecnolog\u00eda dialogan, gracias a una red creciente de actores cualificados implicados: desde institutos culturales a Unimore, Fmav, Ago, Ert, Art- ER, Teatro Comunale, Fondazione di Modena, Gallerie Estensi, Fondazione Brodolini, Fondazione San Carlo, entidades p\u00fablicas y privadas, asociaciones y protagonistas de la escena cultural\".<\/p>\n<p align=\"JUSTIFY\">La candidatura de M\u00f3dena como Ciudad Creativa 2021 de la Unesco es la primera de una ciudad italiana en el \"cluster\" Media arts, en el signo de una realidad que invierte en nuevos lenguajes -digitales y tecnol\u00f3gicos- aplicados a los lenguajes culturales. Entre los proyectos destacan el Clap (Cultural Lab Platforming) para la innovaci\u00f3n de las industrias creativas y culturales con plataformas digitales y la innovaci\u00f3n de las industrias audiovisuales, en colaboraci\u00f3n entre el Centro Interdepartamental de Humanidades Digitales Unimore, el Laboratorio Aperto y el Ayuntamiento; la digitalizaci\u00f3n del Museo de la Figurita, \"Il Dondolo\" la editorial digital c\u00edvica, el streaming de la \u00d3pera del Teatro Municipal Pavarotti, el uso de los medios sociales y los nuevos medios por parte de bibliotecas, museos y la Casa de la M\u00fasica, y otras experiencias. En una ciudad que, entre otras cosas por las grandes transformaciones urbanas que ha experimentado, ha identificado la cultura como un hilo conductor fundamental.<\/p>\n<p align=\"JUSTIFY\">El proceso de candidatura est\u00e1 dirigido por Vittorio Salmoni, coordinador de la Red Italiana de Ciudades Creativas de la Unesco. Salmoni se encarga de definir las l\u00edneas estrat\u00e9gicas de la candidatura y el programa de actividades de M\u00f3dena Creativa, de iniciar las relaciones internacionales con las ciudades de la red y las entidades institucionales representativas, como las embajadas, as\u00ed como de planificar las actividades de promoci\u00f3n y comunicaci\u00f3n de la candidatura en sedes nacionales e internacionales.<\/p>\n<p align=\"JUSTIFY\">Los primeros pasos del proceso consistieron en un mapeo de lo existente con formularios enviados a todos los agentes locales para sacar a la luz los proyectos m\u00e1s importantes. En un futuro inmediato se formalizar\u00e1 la red de agentes, entre otras cosas mediante la puesta en com\u00fan de un protocolo, se crear\u00e1 con ellos un \"comit\u00e9 promotor\" y se lanzar\u00e1 un anuncio p\u00fablico para el dise\u00f1o de un logotipo,<\/p>\n<p align=\"JUSTIFY\">La Red de Ciudades Creativas es un programa de la Unesco activo desde 2004, en el que participa una red de 180 ciudades de 72 pa\u00edses de los cinco continentes. El objetivo de la Red es promover el conocimiento, la cooperaci\u00f3n y los proyectos entre ciudades que han identificado la cultura y la creatividad como motor de su desarrollo. Las consignas son colaboraci\u00f3n, intercambio de conocimientos y buenas pr\u00e1cticas, confrontaci\u00f3n, planificaci\u00f3n, valorizaci\u00f3n del patrimonio cultural inmaterial. A trav\u00e9s de la Red, en siete \u00e1mbitos correspondientes a otros tantos sectores culturales - M\u00fasica, Literatura, Artesan\u00eda y Tradiciones Populares, Dise\u00f1o, Artes Audiovisuales, Gastronom\u00eda, Cine - las ciudades pueden valorizar sus experiencias y competencias en los mercados nacionales e internacionales.<\/p>\n<\/div>\n<\/div>\n<\/div>\n\n\n\n\n\t\t\t<\/div> \n\t\t<\/div>\n\t<\/div> \n\n\t<div  class=\"vc_col-sm-6 wpb_column column_container vc_column_container col no-extra-padding inherit_tablet inherit_phone\"  data-padding-pos=\"all\" data-has-bg-color=\"false\" data-bg-color=\"\" data-bg-opacity=\"1\" data-animation=\"\" data-delay=\"0\" >\n\t\t<div class=\"vc_column-inner\" >\n\t\t\t<div class=\"wpb_wrapper\">\n\t\t\t\t<div class=\"img-with-aniamtion-wrap\" data-max-width=\"100%\" data-max-width-mobile=\"default\" data-shadow=\"none\" data-animation=\"fade-in\" >\n      <div class=\"inner\">\n        <div class=\"hover-wrap\"> \n          <div class=\"hover-wrap-inner\">\n            <img loading=\"lazy\" decoding=\"async\" class=\"img-with-animation skip-lazy\" data-delay=\"0\" height=\"100\" width=\"100\" data-animation=\"fade-in\" src=\"https:\/\/modenafuturacreativa.it\/wp-content\/uploads\/2021\/09\/modena-futura-creativa-logo.svg\" alt=\"\"  \/>\n          <\/div>\n        <\/div>\n        \n      <\/div>\n    <\/div>\n\t\t\t<\/div> \n\t\t<\/div>\n\t<\/div> \n<\/div><\/div>","protected":false},"excerpt":{"rendered":"Anuncio del Alcalde Muzzarelli y el Consejero Bortolamasi en la \"Mesa del Crecimiento \"Candidatura con vistas al reinicio post-Covid. La cultura como factor de desarrollo\" M\u00f3dena es candidata a convertirse en Ciudad...","protected":false},"author":1,"featured_media":8,"comment_status":"closed","ping_status":"closed","sticky":false,"template":"","format":"standard","meta":{"wpupg_custom_link":[],"wpupg_custom_link_behaviour":[],"wpupg_custom_link_nofollow":[],"wpupg_custom_image":[],"wpupg_custom_image_id":[],"footnotes":""},"categories":[475],"tags":[],"class_list":["post-1","post","type-post","status-publish","format-standard","has-post-thumbnail","category-news"],"_links":{"self":[{"href":"https:\/\/modenafuturacreativa.it\/es\/wp-json\/wp\/v2\/posts\/1","targetHints":{"allow":["GET"]}}],"collection":[{"href":"https:\/\/modenafuturacreativa.it\/es\/wp-json\/wp\/v2\/posts"}],"about":[{"href":"https:\/\/modenafuturacreativa.it\/es\/wp-json\/wp\/v2\/types\/post"}],"author":[{"embeddable":true,"href":"https:\/\/modenafuturacreativa.it\/es\/wp-json\/wp\/v2\/users\/1"}],"replies":[{"embeddable":true,"href":"https:\/\/modenafuturacreativa.it\/es\/wp-json\/wp\/v2\/comments?post=1"}],"version-history":[{"count":4,"href":"https:\/\/modenafuturacreativa.it\/es\/wp-json\/wp\/v2\/posts\/1\/revisions"}],"predecessor-version":[{"id":222,"href":"https:\/\/modenafuturacreativa.it\/es\/wp-json\/wp\/v2\/posts\/1\/revisions\/222"}],"wp:featuredmedia":[{"embeddable":true,"href":"https:\/\/modenafuturacreativa.it\/es\/wp-json\/wp\/v2\/media\/8"}],"wp:attachment":[{"href":"https:\/\/modenafuturacreativa.it\/es\/wp-json\/wp\/v2\/media?parent=1"}],"wp:term":[{"taxonomy":"category","embeddable":true,"href":"https:\/\/modenafuturacreativa.it\/es\/wp-json\/wp\/v2\/categories?post=1"},{"taxonomy":"post_tag","embeddable":true,"href":"https:\/\/modenafuturacreativa.it\/es\/wp-json\/wp\/v2\/tags?post=1"}],"curies":[{"name":"wp","href":"https:\/\/api.w.org\/{rel}","templated":true}]}}