{"id":994,"date":"2021-12-07T09:21:26","date_gmt":"2021-12-07T08:21:26","guid":{"rendered":"https:\/\/modenafuturacreativa.it\/?p=994"},"modified":"2025-03-21T14:18:26","modified_gmt":"2025-03-21T13:18:26","slug":"ultimo-dellanno-2021-un-cartellone-di-eventi-per-la-festa","status":"publish","type":"post","link":"https:\/\/modenafuturacreativa.it\/de\/ultimo-dellanno-2021-un-cartellone-di-eventi-per-la-festa\/","title":{"rendered":"LETZTEN DES JAHRES 2021, EIN VERANSTALTUNGSPROGRAMM F\u00dcR DIE FEIERLICHKEITEN"},"content":{"rendered":"<div id=\"fws_6a9b7691c0248\"  data-column-margin=\"60px\" data-midnight=\"dark\"  class=\"wpb_row vc_row-fluid vc_row\"  style=\"padding-top: 0px; padding-bottom: 0px; \"><div class=\"row-bg-wrap\" data-bg-animation=\"none\" data-bg-animation-delay=\"\" data-bg-overlay=\"false\"><div class=\"inner-wrap row-bg-layer\" ><div class=\"row-bg viewport-desktop\"  style=\"\"><\/div><\/div><\/div><div class=\"row_col_wrap_12 col span_12 dark left\">\n\t<div  class=\"vc_col-sm-12 wpb_column column_container vc_column_container col no-extra-padding inherit_tablet inherit_phone\"  data-padding-pos=\"all\" data-has-bg-color=\"false\" data-bg-color=\"\" data-bg-opacity=\"1\" data-animation=\"\" data-delay=\"0\" >\n\t\t<div class=\"vc_column-inner\" >\n\t\t\t<div class=\"wpb_wrapper\">\n\t\t\t\t\n\t<div class=\"wpb_gallery wpb_content_element clearfix\">\n\t\t<div class=\"wpb_wrapper\"><div class=\"wpb_gallery_slidesflickity_style\" data-onclick=\"link_image\" data-interval=\"5\"><div class=\"nectar-flickity not-initialized\" role=\"region\" aria-roledescription=\"carousel\" aria-label=\"Bildergalerie\"  data-touch-icon-color=\"default\" data-stagger=\"\" data-drag-scale=\"\" data-overflow=\"hidden\" data-wrap=\"wrap\" data-spacing=\"default\" data-shadow=\"large_depth\" data-autoplay=\"true\" data-autoplay-dur=\"\" data-free-scroll=\"\" data-controls=\"material_pagination\" data-desktop-columns=\"1\" data-small-desktop-columns=\"1\" data-tablet-columns=\"1\" data-phone-columns=\"default\"><div class=\"flickity-viewport\"> <div class=\"flickity-slider\"><div class=\"cell\" data-lazy=\"false\"><img decoding=\"async\" class=\"skip-lazy nectar-lazy\" src=\"https:\/\/modenafuturacreativa.it\/wp-content\/uploads\/2021\/12\/foto-Colapescedimartino000567-600x400.jpg\" width=\"600\" height=\"400\" alt=\"foto Colapescedimartino000567\" title=\"Foto: Colapescedimartino000567\" loading=\"lazy\" \/><a class=\"entire-slide-link\" aria-label=\"Foto: Colapescedimartino000567\"  href=\"https:\/\/modenafuturacreativa.it\/wp-content\/uploads\/2021\/12\/foto-Colapescedimartino000567.jpg\"><\/a><\/div><div class=\"cell\" data-lazy=\"false\"><img decoding=\"async\" class=\"skip-lazy nectar-lazy\" src=\"https:\/\/modenafuturacreativa.it\/wp-content\/uploads\/2021\/12\/duomoModena-2021-11-18-120447-600x400.jpg\" width=\"600\" height=\"400\" alt=\"duomoModena 2021-11-18 120447\" title=\"KathedraleModena 2021-11-18 120447\" loading=\"lazy\" \/><a class=\"entire-slide-link\" aria-label=\"KathedraleModena 2021-11-18 120447\"  href=\"https:\/\/modenafuturacreativa.it\/wp-content\/uploads\/2021\/12\/duomoModena-2021-11-18-120447.jpg\"><\/a><\/div><div class=\"cell\" data-lazy=\"false\"><img decoding=\"async\" class=\"skip-lazy nectar-lazy\" src=\"https:\/\/modenafuturacreativa.it\/wp-content\/uploads\/2021\/12\/duomoModena-2021-11-18-120018-600x400.jpg\" width=\"600\" height=\"400\" alt=\"duomoModena 2021-11-18 120018\" title=\"domeModena 2021-11-18 120018\" loading=\"lazy\" \/><a class=\"entire-slide-link\" aria-label=\"domeModena 2021-11-18 120018\"  href=\"https:\/\/modenafuturacreativa.it\/wp-content\/uploads\/2021\/12\/duomoModena-2021-11-18-120018.jpg\"><\/a><\/div><\/div><\/div><\/div><\/div>\n\t\t<\/div> \n\t<\/div> \n<div class=\"wpb_text_column wpb_content_element\" >\n\t<p><strong>Im Teatro Comunale ColapesceDimartino im Konzert, der Dom wird mit Lichtern und Farben zum Leben erweckt und Auff\u00fchrungen f\u00fcr Erwachsene und Kinder mit dem Teatro Nelle Foglie<\/strong><\/p>\n<p>Das Konzert von ColapesceDimartino im Teatro Comunale, der Dom, der mit Lichtern und Farben zum Leben erweckt wird, und ein Zirkustheater im Ferrari-Park: Die Silvesterfeierlichkeiten des Jahres 2021 dauern nicht nur bis zum 31. Dezember, sondern verwandeln sich in ein Silvesterprogramm, das bis Sonntag, den 2. Januar, andauert und die Menschen in Modena ins neue Jahr begleitet.<\/p>\n<p>Das Programmheft tr\u00e4gt den Titel \"e quindi uscimmo a riveder le stelle...\", um den letzten Tag des Jahres 2021 zu begr\u00fc\u00dfen, indem man Dante anl\u00e4sslich seines 700. Todestages mit dem letzten Vers des Inferno gedenkt, in dem der Dichter und Virgil unter einem sternenklaren Nachthimmel ins Freie gehen. Das von der Stadt Modena mit Unterst\u00fctzung der Fondazione di Modena gef\u00f6rderte Projekt (im Wert von 130.000 Euro, einschlie\u00dflich der Kosten f\u00fcr die Gew\u00e4hrleistung von Sicherheitsma\u00dfnahmen gegen die Coviden) wird von der Ater Fondazione kuratiert.<\/p>\n<p>\"Wir kehren mit gro\u00dfer Freude ins Leben zur\u00fcck\", kommentiert Kulturstadtrat Andrea Bortolamasi, \"mit einem Festival, das sicher und f\u00fcr alle gedacht ist und verschiedene kulturelle Sprachen in einer Kontamination von Musik, Theater und Medienkunst vereint. Ein Festival, das sich \u00fcber mehrere Tage an verschiedenen Orten in der Stadt erstreckt, um die durch Covid zerbrochenen Bindungen und Beziehungen zwischen den Gemeinschaften wiederherzustellen. Das Theater, unsere Unesco-St\u00e4tte, ein Theater in einem Park\", f\u00e4hrt er fort, \"sind die Orte, die wir ausgew\u00e4hlt haben, um die Stadt ins Jahr 2022 zu begleiten. Die Entscheidung, das Mapping auf den Dom zu projizieren, nachdem Modena von der Unesco als kreative Stadt f\u00fcr Medienkunst anerkannt wurde, stellt die Verbindung von Vergangenheit, Gegenwart und Zukunft unserer Gemeinschaft dar\".<\/p>\n<p>Roberto De Lellis, Direktor der Ater Fondazione, betont: \"Die Kraft der Poesie Dantes, das Wunder der Bilder, die den Dom f\u00e4rben, die Zerbrechlichkeit eines Zirkuszeltes und die leichte Musik zweier sizilianischer Liedermacher sind die Elemente, die diese besondere Silvesternacht in Modena ausmachen. Der Abend, den wir mit dem letzten Vers von Inferno \"e quindi uscimmo a riveder le stelle\" \u00fcberschrieben haben, wird ein gro\u00dfer Vers\u00f6hnungsritus sein, der in den Worten unseres gr\u00f6\u00dften Dichters eine Ermutigung findet, nach vorne zu blicken und nach der Dunkelheit einer langen und schmerzhaften \u00dcberfahrt ins Licht zu kommen\".<\/p>\n<p>Und genau der letzte Gesang des Infernos wird das Thema des Monologs der Schauspielerin Lucilla Giagnoni sein, die am 31. Dezember die Veranstaltung im Teatro Comunale er\u00f6ffnen wird, um mit Dantes Worten symbolisch die Schwierigkeiten des Jahres 2021 hinter sich zu lassen und hoffnungsvoll ins Jahr 2022 zu gehen. Ab 22.30 Uhr werden Colapesce und Dimartino, die beiden Singer-Songwriter, die dieses Jahr vom Sanremo Festival mit der Single \"Musica leggerissima\" geweiht wurden, die B\u00fchne f\u00fcr ein Konzert betreten, das p\u00fcnktlich zum Mitternachtsgru\u00df endet. Der Eintritt zum Konzert ist frei, eine Reservierung ist erforderlich.<\/p>\n<p>Ab dem Nachmittag des 31. Dezember und bis zum 2. Januar wird die der Piazza Grande zugewandte Seite der Kathedrale in regelm\u00e4\u00dfigen Abst\u00e4nden durch die Projektion eines vom Lichtdesigner Carlo Cerri entworfenen Videomappings hervorgehoben, das das Publikum auf eine Lichtreise mitnimmt, bei der die Wahrnehmung des Betrachters durch die Illusion einer \u00fcber das Reale hinausgehenden Realit\u00e4t stimuliert wird.<\/p>\n<p>Und an denselben Tagen werden die Artisten des Teatro Nelle Foglie im Festzelt des Ferrari-Parks einen lebendigen Zirkus zum Leben erwecken, der die Kraft des Stra\u00dfentheaters und die Poesie des Figurentheaters mit Akrobatik, Jonglage und Spa\u00df in einer Show verbindet, die bei freiem Eintritt f\u00fcr Kinder und Familien konzipiert ist und in mehreren Nachbildungen wiederholt wird.<\/p>\n<p>Ausf\u00fchrliche Informationen \u00fcber das Neujahrsprogramm und die Teilnahmebedingungen finden Sie auf der Website der Stadt Modena (<a href=\"http:\/\/www.comune.modena.it\/capodanno2022\" target=\"_blank\" rel=\"noopener\">www.comune.modena.it\/capodanno2022<\/a>).<\/p>\n<\/div>\n\n\n\n\n\t\t\t<\/div> \n\t\t<\/div>\n\t<\/div> \n<\/div><\/div>","protected":false},"excerpt":{"rendered":"Beim Konzert des Teatro Comunale ColapesceDimartino wird der Dom mit Lichtern und Farben zum Leben erweckt und es gibt Shows f\u00fcr Erwachsene und Kinder mit dem Teatro Nelle Foglie ColapesceDimartino im Konzert...","protected":false},"author":1,"featured_media":995,"comment_status":"closed","ping_status":"closed","sticky":false,"template":"","format":"standard","meta":{"wpupg_custom_link":[],"wpupg_custom_link_behaviour":[],"wpupg_custom_link_nofollow":[],"wpupg_custom_image":[],"wpupg_custom_image_id":[],"footnotes":""},"categories":[475],"tags":[],"class_list":["post-994","post","type-post","status-publish","format-standard","has-post-thumbnail","category-news"],"_links":{"self":[{"href":"https:\/\/modenafuturacreativa.it\/de\/wp-json\/wp\/v2\/posts\/994","targetHints":{"allow":["GET"]}}],"collection":[{"href":"https:\/\/modenafuturacreativa.it\/de\/wp-json\/wp\/v2\/posts"}],"about":[{"href":"https:\/\/modenafuturacreativa.it\/de\/wp-json\/wp\/v2\/types\/post"}],"author":[{"embeddable":true,"href":"https:\/\/modenafuturacreativa.it\/de\/wp-json\/wp\/v2\/users\/1"}],"replies":[{"embeddable":true,"href":"https:\/\/modenafuturacreativa.it\/de\/wp-json\/wp\/v2\/comments?post=994"}],"version-history":[{"count":2,"href":"https:\/\/modenafuturacreativa.it\/de\/wp-json\/wp\/v2\/posts\/994\/revisions"}],"predecessor-version":[{"id":1000,"href":"https:\/\/modenafuturacreativa.it\/de\/wp-json\/wp\/v2\/posts\/994\/revisions\/1000"}],"wp:featuredmedia":[{"embeddable":true,"href":"https:\/\/modenafuturacreativa.it\/de\/wp-json\/wp\/v2\/media\/995"}],"wp:attachment":[{"href":"https:\/\/modenafuturacreativa.it\/de\/wp-json\/wp\/v2\/media?parent=994"}],"wp:term":[{"taxonomy":"category","embeddable":true,"href":"https:\/\/modenafuturacreativa.it\/de\/wp-json\/wp\/v2\/categories?post=994"},{"taxonomy":"post_tag","embeddable":true,"href":"https:\/\/modenafuturacreativa.it\/de\/wp-json\/wp\/v2\/tags?post=994"}],"curies":[{"name":"wp","href":"https:\/\/api.w.org\/{rel}","templated":true}]}}