{"id":982,"date":"2021-12-07T09:13:44","date_gmt":"2021-12-07T08:13:44","guid":{"rendered":"https:\/\/modenafuturacreativa.it\/?p=982"},"modified":"2025-03-21T14:18:26","modified_gmt":"2025-03-21T13:18:26","slug":"arti-digitali-e-linguaggi-innovativi-torna-node","status":"publish","type":"post","link":"https:\/\/modenafuturacreativa.it\/de\/arti-digitali-e-linguaggi-innovativi-torna-node\/","title":{"rendered":"DIGITALE KUNST UND INNOVATIVE SPRACHEN, \"NODE\" KEHRT ZUR\u00dcCK"},"content":{"rendered":"<div id=\"fws_6a9b769189c65\"  data-column-margin=\"60px\" data-midnight=\"dark\"  class=\"wpb_row vc_row-fluid vc_row\"  style=\"padding-top: 0px; padding-bottom: 0px; \"><div class=\"row-bg-wrap\" data-bg-animation=\"none\" data-bg-animation-delay=\"\" data-bg-overlay=\"false\"><div class=\"inner-wrap row-bg-layer\" ><div class=\"row-bg viewport-desktop\"  style=\"\"><\/div><\/div><\/div><div class=\"row_col_wrap_12 col span_12 dark left\">\n\t<div  class=\"vc_col-sm-12 wpb_column column_container vc_column_container col no-extra-padding inherit_tablet inherit_phone\"  data-padding-pos=\"all\" data-has-bg-color=\"false\" data-bg-color=\"\" data-bg-opacity=\"1\" data-animation=\"\" data-delay=\"0\" >\n\t\t<div class=\"vc_column-inner\" >\n\t\t\t<div class=\"wpb_wrapper\">\n\t\t\t\t\n\t<div class=\"wpb_gallery wpb_content_element clearfix\">\n\t\t<div class=\"wpb_wrapper\"><div class=\"wpb_gallery_slidesflickity_style\" data-onclick=\"link_image\" data-interval=\"5\"><div class=\"nectar-flickity not-initialized\" role=\"region\" aria-roledescription=\"carousel\" aria-label=\"Bildergalerie\"  data-touch-icon-color=\"default\" data-stagger=\"\" data-drag-scale=\"\" data-overflow=\"hidden\" data-wrap=\"wrap\" data-spacing=\"default\" data-shadow=\"large_depth\" data-autoplay=\"true\" data-autoplay-dur=\"\" data-free-scroll=\"\" data-controls=\"material_pagination\" data-desktop-columns=\"1\" data-small-desktop-columns=\"1\" data-tablet-columns=\"1\" data-phone-columns=\"default\"><div class=\"flickity-viewport\"> <div class=\"flickity-slider\"><div class=\"cell\" data-lazy=\"false\"><img decoding=\"async\" class=\"skip-lazy nectar-lazy\" src=\"https:\/\/modenafuturacreativa.it\/wp-content\/uploads\/2021\/12\/maria-w-horn-600x400.jpg\" width=\"600\" height=\"400\" alt=\"maria w horn\" title=\"maria w horn\" loading=\"lazy\" \/><a class=\"entire-slide-link\" aria-label=\"maria w horn\"  href=\"https:\/\/modenafuturacreativa.it\/wp-content\/uploads\/2021\/12\/maria-w-horn.jpg\"><\/a><\/div><div class=\"cell\" data-lazy=\"false\"><img decoding=\"async\" class=\"skip-lazy nectar-lazy\" src=\"https:\/\/modenafuturacreativa.it\/wp-content\/uploads\/2021\/12\/Transient__N-5-600x400.jpg\" width=\"600\" height=\"400\" alt=\"Transient__N -5\" title=\"Vor\u00fcbergehend__N -5\" loading=\"lazy\" \/><a class=\"entire-slide-link\" aria-label=\"Vor\u00fcbergehend__N -5\"  href=\"https:\/\/modenafuturacreativa.it\/wp-content\/uploads\/2021\/12\/Transient__N-5.jpg\"><\/a><\/div><div class=\"cell\" data-lazy=\"false\"><img decoding=\"async\" class=\"skip-lazy nectar-lazy\" src=\"https:\/\/modenafuturacreativa.it\/wp-content\/uploads\/2021\/12\/Soma-FJBonnet-c-Eleonore-Huisse-Light-600x400.jpg\" width=\"600\" height=\"400\" alt=\"Soma-FJBonnet -c- Eleonore Huisse Light\" title=\"Soma-FJBonnet -c- Eleonore Huisse Light\" loading=\"lazy\" \/><a class=\"entire-slide-link\" aria-label=\"Soma-FJBonnet -c- Eleonore Huisse Light\"  href=\"https:\/\/modenafuturacreativa.it\/wp-content\/uploads\/2021\/12\/Soma-FJBonnet-c-Eleonore-Huisse-Light.jpg\"><\/a><\/div><div class=\"cell\" data-lazy=\"false\"><img decoding=\"async\" class=\"skip-lazy nectar-lazy\" src=\"https:\/\/modenafuturacreativa.it\/wp-content\/uploads\/2021\/12\/Roly-Porter_MFO-KISTVAEN-Contemporary-future-Westland-600x400.jpg\" width=\"600\" height=\"400\" alt=\"Roly Porter_MFO - KISTVAEN - Contemporary future - Westland\" title=\"Roly Porter_MFO - KISTVAEN - Zeitgen\u00f6ssische Zukunft - Westland\" loading=\"lazy\" \/><a class=\"entire-slide-link\" aria-label=\"Roly Porter_MFO - KISTVAEN - Zeitgen\u00f6ssische Zukunft - Westland\"  href=\"https:\/\/modenafuturacreativa.it\/wp-content\/uploads\/2021\/12\/Roly-Porter_MFO-KISTVAEN-Contemporary-future-Westland.jpg\"><\/a><\/div><div class=\"cell\" data-lazy=\"false\"><img decoding=\"async\" class=\"skip-lazy nectar-lazy\" src=\"https:\/\/modenafuturacreativa.it\/wp-content\/uploads\/2021\/12\/robert-henke-LNCHMT_20_NG_FRI_Jakub_Dolezal-4-600x400.jpeg\" width=\"600\" height=\"400\" alt=\"robert henke -LNCHMT_20_NG_FRI_Jakub_Dolezal-4\" title=\"robert henke -LNCHMT_20_NG_FRI_Jakub_Dolezal-4\" loading=\"lazy\" \/><a class=\"entire-slide-link\" aria-label=\"robert henke -LNCHMT_20_NG_FRI_Jakub_Dolezal-4\"  href=\"https:\/\/modenafuturacreativa.it\/wp-content\/uploads\/2021\/12\/robert-henke-LNCHMT_20_NG_FRI_Jakub_Dolezal-4.jpeg\"><\/a><\/div><div class=\"cell\" data-lazy=\"false\"><img decoding=\"async\" class=\"skip-lazy nectar-lazy\" src=\"https:\/\/modenafuturacreativa.it\/wp-content\/uploads\/2021\/12\/kurokawa_sa_photo_01-600x400.jpg\" width=\"600\" height=\"400\" alt=\"kurokawa_sa_photo_01\" title=\"kurokawa_sa_photo_01\" loading=\"lazy\" \/><a class=\"entire-slide-link\" aria-label=\"kurokawa_sa_photo_01\"  href=\"https:\/\/modenafuturacreativa.it\/wp-content\/uploads\/2021\/12\/kurokawa_sa_photo_01.jpg\"><\/a><\/div><\/div><\/div><\/div><\/div>\n\t\t<\/div> \n\t<\/div> \n<div class=\"wpb_text_column wpb_content_element\" >\n\t<p><strong>Von Dienstag, den 7. bis Freitag, den 10. Dezember kehrt die zehnte Ausgabe des Festivals live in das Theater Storchi und das Kino Astra zur\u00fcck, mit historischen K\u00fcnstlern und ersten Auftritten<\/strong><\/p>\n<p>Hyperrealistische digitale Landschaften und antike Suggestionen, veraltete Technologien, die bis an die Grenzen des M\u00f6glichen gehen, und vielschichtige Kl\u00e4nge, Ambient, Elektroakustik, Minimalismus, Ordnung und Chaos. Node, das Festival der digitalen K\u00fcnste und der elektronischen Musik, kehrt live zur\u00fcck: Von Dienstag, dem 7. bis Freitag, dem 10. Dezember, feiert es seine zehnte Ausgabe, indem es einen kleinen, aber vielf\u00e4ltigen synthetischen Mikrokosmos schafft, der als Zusammenfassung dessen gedacht ist, was bis jetzt geschaffen wurde. Zwischen dem Theater Storchi, dem Kino Astra und der Kirche Jesus der Erl\u00f6ser bietet das Festival ein Programm, das aus einer Vielzahl von Sprachen, Codes und Formen besteht, darunter die willkommene R\u00fcckkehr historischer K\u00fcnstler und Erstauftritte.<\/p>\n<p>Das von Lemniscata und fuse* mit Unterst\u00fctzung der Stadt Modena, der Region Emilia Romagna und der Fondazione di Modena organisierte Festival wurde heute Vormittag, Mittwoch, 1. Dezember, bei einer Pressekonferenz im Astra-Kino vorgestellt, an der der Kulturstadtrat Andrea Bortolamasi, der k\u00fcnstlerische Leiter des Festivals Filippo Aldovini, Mattia Carretti, Co-Direktor von fuse*, und Oderso Rubini f\u00fcr die Region teilnahmen.<\/p>\n<p>Stadtrat Bortolamasi kommentierte: \"Die R\u00fcckkehr von Node live ist eine wunderbare Nachricht, das Ergebnis einer \u00fcber die Jahre gewachsenen Arbeit, die es uns erm\u00f6glicht, die zehnte Ausgabe mit einem hochwertigen Programm zu feiern. Das Festival mit seiner Mischung aus Sprachen, die in die Zukunft blicken\", f\u00fcgte er hinzu, \"ist ein weiterer Teil der kreativen Stadt, die in der Medienkunst experimentiert und innoviert. Filippo Aldovini betonte auch, dass Node seinen \"Weg des Wachstums und der Transformation fortsetzt und ein Zeichen von erneuerter und wertvoller Vitalit\u00e4t setzt, das durch seine F\u00e4higkeit \u00fcberrascht, sowohl seiner Berufung, die mit der radikalsten Forschung verbunden ist, als auch dem internationalen Charakter des Festivals treu zu bleiben\". Die zehnte Ausgabe sei eine M\u00f6glichkeit, \"das zu feiern und zur\u00fcckzuverfolgen, was Node im Laufe der Jahre mit dem Publikum und der Gemeinschaft von Modena geteilt hat, indem einige der K\u00fcnstler, die die Geschichte des Festivals am st\u00e4rksten gepr\u00e4gt haben, zusammen mit den ersten Auftritten und nationalen Exklusivit\u00e4ten in die Stadt zur\u00fcckkehren\".<\/p>\n<p>Am Dienstag, den 7. Dezember, kehrt Ryoichi Kurokawa ins Theater Storchi zur\u00fcck und setzt seine Reise auf dem Festival fort, indem er \"subassemblies\" vorstellt, sein neuestes A\/V-Projekt, bei dem Bilder von verfallenen Geb\u00e4uden und von der Natur zur\u00fcckeroberten R\u00e4umen mit Hilfe von 3D-Technologien gerendert werden, wodurch eine dynamische hybride Realit\u00e4t in st\u00e4ndiger Balance zwischen Ordnung und Chaos entsteht. Den perfekten Kontrapunkt zu Kurokawas Auftritt bildet der Austausch zwischen dem franz\u00f6sischen elektroakustischen Musiker und Theoretiker Fran\u00e7ois J. Bonnet, alias Kassel Jaeger, und dem Komponisten, Produzenten und Gr\u00fcnder von Sunn O))) Stephen O'Malley, die die Ruhe vor dem Sturm heraufbeschw\u00f6ren, indem sie langsam eine weite Gletscherebene \u00fcber dem Publikum ausbreiten.<\/p>\n<p>Ebenfalls im Storchi, am Mittwoch, den 8. Dezember, kehrt Quayola zusammen mit Andrea Santicchia alias SETA zu Node zur\u00fcck, um \"Transient - Impermanent Paintings\" zu pr\u00e4sentieren, ein Duett aus motorisierten Klavieren und Videoprojektionen, das menschliche und technologische Elemente durch ein System unkonventioneller generativer Algorithmen verbindet. Danach folgt \"kistvaen\", die Performance von Roly Porter und MFO, die auf der Grundlage vorchristlicher Grabm\u00e4ler eine Erz\u00e4hlung f\u00fcr Kl\u00e4nge und Bilder zwischen Feldaufnahmen, Volksinstrumenten, digitalen Ausarbeitungen, kinematografischen Bildern und Lichtzeichnungen entwickelt, in die die Stimme von Mary-Anne Roberts, der Interpretin ritueller Lieder aus der walisischen Beerdigungstradition, einflie\u00dft.<\/p>\n<p>Am 9. Dezember pr\u00e4sentiert der deutsche Tontechniker und Musiker Robert Henke im Astra-Kino \"CBM 8032 AV\", eine audiovisuelle Performance, bei der f\u00fcnf Commodore CBM 8032 inmitten von Ger\u00e4uschvariationen und digitalen Sinuswellen an die Grenzen ihrer Technik gebracht werden.<\/p>\n<p>Den Abschluss bildet am 10. Dezember in der Kirche Jesus der Erl\u00f6ser (in der Via Leonardo da Vinci) \"Dies Irae\", ein St\u00fcck f\u00fcr Frauenvokalquartett und Elektronik der schwedischen Komponistin Maria W. Horn, das mit einem Chor beginnt und mit einer Improvisation f\u00fcr harmonisierte Kelche, Stimme und Elektronik endet.<\/p>\n<p>Alle Termine sind nur nach Voranmeldung m\u00f6glich, und f\u00fcr einige ist auch ein Eintrittspreis zu entrichten. Reservierungen und Eintrittskarten k\u00f6nnen online auf der Website des Knotenpunkts vorgenommen werden (<a href=\"http:\/\/www.nodefestival.com\/archivio\/2021\/biglietti\" target=\"_blank\" rel=\"noopener\">www.nodefestival.com\/archivio\/2021\/biglietti<\/a>).<\/p>\n<p>Das Bild von Node 2021 wurde von der slowenischen K\u00fcnstlerin Natalia Trejbalova geschaffen. \"Centerpiece 3 (Greetings from Rachael)\" ist Teil einer Serie von Skulpturen, die die Umgebungen einer unbestimmten Zukunft bev\u00f6lkern sollen, in der organisches Leben, wie wir es kennen, hybriden Formen gewichen ist, die nicht katalogisiert werden k\u00f6nnen. Sie stellen kleine synthetische Welten dar, Stillleben, die in der Zeit verankert sind, Relikte einer anderen Dimension, die dazu bestimmt sind, f\u00fcr immer in demselben Zustand betrachtet zu werden.<\/p>\n<\/div>\n\n\n\n\n\t\t\t<\/div> \n\t\t<\/div>\n\t<\/div> \n<\/div><\/div>","protected":false},"excerpt":{"rendered":"Von Dienstag, den 7. bis Freitag, den 10. Dezember kehrt die zehnte Ausgabe des Festivals live in das Theater Storchi und das Kino Astra zur\u00fcck, mit historischen K\u00fcnstlern und ersten Auftritten Paesaggi...","protected":false},"author":1,"featured_media":983,"comment_status":"closed","ping_status":"closed","sticky":false,"template":"","format":"standard","meta":{"wpupg_custom_link":[],"wpupg_custom_link_behaviour":[],"wpupg_custom_link_nofollow":[],"wpupg_custom_image":[],"wpupg_custom_image_id":[],"footnotes":""},"categories":[475],"tags":[],"class_list":["post-982","post","type-post","status-publish","format-standard","has-post-thumbnail","category-news"],"_links":{"self":[{"href":"https:\/\/modenafuturacreativa.it\/de\/wp-json\/wp\/v2\/posts\/982","targetHints":{"allow":["GET"]}}],"collection":[{"href":"https:\/\/modenafuturacreativa.it\/de\/wp-json\/wp\/v2\/posts"}],"about":[{"href":"https:\/\/modenafuturacreativa.it\/de\/wp-json\/wp\/v2\/types\/post"}],"author":[{"embeddable":true,"href":"https:\/\/modenafuturacreativa.it\/de\/wp-json\/wp\/v2\/users\/1"}],"replies":[{"embeddable":true,"href":"https:\/\/modenafuturacreativa.it\/de\/wp-json\/wp\/v2\/comments?post=982"}],"version-history":[{"count":5,"href":"https:\/\/modenafuturacreativa.it\/de\/wp-json\/wp\/v2\/posts\/982\/revisions"}],"predecessor-version":[{"id":1001,"href":"https:\/\/modenafuturacreativa.it\/de\/wp-json\/wp\/v2\/posts\/982\/revisions\/1001"}],"wp:featuredmedia":[{"embeddable":true,"href":"https:\/\/modenafuturacreativa.it\/de\/wp-json\/wp\/v2\/media\/983"}],"wp:attachment":[{"href":"https:\/\/modenafuturacreativa.it\/de\/wp-json\/wp\/v2\/media?parent=982"}],"wp:term":[{"taxonomy":"category","embeddable":true,"href":"https:\/\/modenafuturacreativa.it\/de\/wp-json\/wp\/v2\/categories?post=982"},{"taxonomy":"post_tag","embeddable":true,"href":"https:\/\/modenafuturacreativa.it\/de\/wp-json\/wp\/v2\/tags?post=982"}],"curies":[{"name":"wp","href":"https:\/\/api.w.org\/{rel}","templated":true}]}}