{"id":952,"date":"2021-11-09T13:10:14","date_gmt":"2021-11-09T12:10:14","guid":{"rendered":"https:\/\/modenafuturacreativa.it\/?p=952"},"modified":"2025-03-21T14:18:27","modified_gmt":"2025-03-21T13:18:27","slug":"modena-e-citta-creativa-unesco-per-le-media-arts","status":"publish","type":"post","link":"https:\/\/modenafuturacreativa.it\/de\/modena-e-citta-creativa-unesco-per-le-media-arts\/","title":{"rendered":"MODENA IST UNESCO-KREATIVE STADT F\u00dcR MEDIENKUNST"},"content":{"rendered":"<div id=\"fws_6a9b7690af31a\"  data-column-margin=\"60px\" data-midnight=\"dark\"  class=\"wpb_row vc_row-fluid vc_row\"  style=\"padding-top: 0px; padding-bottom: 0px; \"><div class=\"row-bg-wrap\" data-bg-animation=\"none\" data-bg-animation-delay=\"\" data-bg-overlay=\"false\"><div class=\"inner-wrap row-bg-layer\" ><div class=\"row-bg viewport-desktop\"  style=\"\"><\/div><\/div><\/div><div class=\"row_col_wrap_12 col span_12 dark left\">\n\t<div  class=\"vc_col-sm-12 wpb_column column_container vc_column_container col no-extra-padding inherit_tablet inherit_phone\"  data-padding-pos=\"all\" data-has-bg-color=\"false\" data-bg-color=\"\" data-bg-opacity=\"1\" data-animation=\"\" data-delay=\"0\" >\n\t\t<div class=\"vc_column-inner\" >\n\t\t\t<div class=\"wpb_wrapper\">\n\t\t\t\t\n<div class=\"wpb_text_column wpb_content_element\" >\n\t<p><strong>Die Ernennung fand am Montag, dem 8. November, in Paris statt. Die Zahl der italienischen Kreativst\u00e4dte erh\u00f6ht sich damit auf 13. Bortolamasi: \"Eine Anerkennung, die die gro\u00dfartige Netzwerkarbeit des Ausschusses belohnt\".<\/strong><\/p>\n<p>Modena ist eine Unesco-Kreativstadt f\u00fcr Medienkunst und die erste Stadt Italiens, die diese Anerkennung erh\u00e4lt. Die Nominierung wurde am Montag, dem 8. November, in Paris von der Generaldirektorin der Unesco, Audrey Azoulay, w\u00e4hrend der Generalkonferenz, auf der 49 neue Kreativst\u00e4dte in der Welt ernannt wurden, offiziell bekannt gegeben. Die italienischen St\u00e4dte, die ausgew\u00e4hlt wurden, sind Modena f\u00fcr den Bereich Medienkunst und Como f\u00fcr den Bereich Kunsthandwerk und Volkskunst. Damit steigt die Zahl der Unesco-Kreativst\u00e4dte in Italien auf 13.<\/p>\n<p>Es ist eine wichtige Anerkennung, auf die wir stolz sind\", so der erste Kommentar des B\u00fcrgermeisters von Modena, Gian Carlo Muzzarelli: \"Der Beitritt zum Netzwerk der Unesco Creative Cities ist eine gro\u00dfe Chance, an die wir von Anfang an geglaubt haben, indem wir Aufmerksamkeit, Energie und viel Teamarbeit in ein Projekt gesteckt haben, das alle Werte unserer Stadt zur Geltung bringen sollte, und es ist uns gelungen, das erhoffte Ergebnis zu erzielen, was ein weiterer Ansporn ist, weiterhin in die Kultur zu investieren, die ein entscheidender Sektor f\u00fcr die Wiedergeburt unserer Gemeinschaft ist.<\/p>\n<p>Die Aufnahme Modenas in die Unesco Creative Cities for the Media Arts \"erf\u00fcllt uns mit Freude\", kommentiert Kulturstadtrat Andrea Bortolamasi und betont: \"Das Verdienst dieser Nominierung ist kollektiv und die Anerkennung belohnt die gro\u00dfartige Netzwerkarbeit des gesamten Komitees, das die Kandidatur in einer chorischen und konstanten Anstrengung unterst\u00fctzt hat, die vor \u00fcber einem Jahr begann und die von der gro\u00dfen Vitalit\u00e4t des kulturellen \u00d6kosystems unserer Stadt zeugt. Die erste italienische Stadt im Medienkunst-Cluster zu sein, ist f\u00fcr uns von gro\u00dfem Wert und ein Ansporn, den Weg der Transformation und Innovation im kulturellen Bereich fortzusetzen, auf den Achsen der Kreativit\u00e4t und eines immer st\u00e4rkeren Dialogs zwischen humanistischem und wissenschaftlichem Wissen und auf digitalen Innovationen, die auf die Kultur und ihre Sprachen angewendet werden\".<\/p>\n<\/div>\n\n\n\n\n\t\t\t<\/div> \n\t\t<\/div>\n\t<\/div> \n<\/div><\/div>","protected":false},"excerpt":{"rendered":"Die Ernennung fand am Montag, dem 8. November, in Paris statt. Die Zahl der italienischen Kreativst\u00e4dte steigt damit auf 13. Bortolamasi: \"Eine Anerkennung, die die gro\u00dfartige Netzwerkarbeit des Komitees belohnt\" Modena ist eine kreative Stadt in...","protected":false},"author":1,"featured_media":953,"comment_status":"closed","ping_status":"closed","sticky":false,"template":"","format":"standard","meta":{"wpupg_custom_link":[],"wpupg_custom_link_behaviour":[],"wpupg_custom_link_nofollow":[],"wpupg_custom_image":[],"wpupg_custom_image_id":[],"footnotes":""},"categories":[475],"tags":[],"class_list":["post-952","post","type-post","status-publish","format-standard","has-post-thumbnail","category-news"],"_links":{"self":[{"href":"https:\/\/modenafuturacreativa.it\/de\/wp-json\/wp\/v2\/posts\/952","targetHints":{"allow":["GET"]}}],"collection":[{"href":"https:\/\/modenafuturacreativa.it\/de\/wp-json\/wp\/v2\/posts"}],"about":[{"href":"https:\/\/modenafuturacreativa.it\/de\/wp-json\/wp\/v2\/types\/post"}],"author":[{"embeddable":true,"href":"https:\/\/modenafuturacreativa.it\/de\/wp-json\/wp\/v2\/users\/1"}],"replies":[{"embeddable":true,"href":"https:\/\/modenafuturacreativa.it\/de\/wp-json\/wp\/v2\/comments?post=952"}],"version-history":[{"count":1,"href":"https:\/\/modenafuturacreativa.it\/de\/wp-json\/wp\/v2\/posts\/952\/revisions"}],"predecessor-version":[{"id":954,"href":"https:\/\/modenafuturacreativa.it\/de\/wp-json\/wp\/v2\/posts\/952\/revisions\/954"}],"wp:featuredmedia":[{"embeddable":true,"href":"https:\/\/modenafuturacreativa.it\/de\/wp-json\/wp\/v2\/media\/953"}],"wp:attachment":[{"href":"https:\/\/modenafuturacreativa.it\/de\/wp-json\/wp\/v2\/media?parent=952"}],"wp:term":[{"taxonomy":"category","embeddable":true,"href":"https:\/\/modenafuturacreativa.it\/de\/wp-json\/wp\/v2\/categories?post=952"},{"taxonomy":"post_tag","embeddable":true,"href":"https:\/\/modenafuturacreativa.it\/de\/wp-json\/wp\/v2\/tags?post=952"}],"curies":[{"name":"wp","href":"https:\/\/api.w.org\/{rel}","templated":true}]}}