{"id":856,"date":"2021-10-19T11:46:05","date_gmt":"2021-10-19T09:46:05","guid":{"rendered":"https:\/\/modenafuturacreativa.it\/?p=856"},"modified":"2025-03-21T14:18:27","modified_gmt":"2025-03-21T13:18:27","slug":"aigu-incontra-le-candidate-italiane-a-creative-cities","status":"publish","type":"post","link":"https:\/\/modenafuturacreativa.it\/de\/aigu-incontra-le-candidate-italiane-a-creative-cities\/","title":{"rendered":"AIGU TRIFFT DIE ITALIENISCHEN KANDIDATEN F\u00dcR KREATIVE ST\u00c4DTE"},"content":{"rendered":"<div id=\"fws_6a9b769140c5e\"  data-column-margin=\"60px\" data-midnight=\"dark\"  class=\"wpb_row vc_row-fluid vc_row\"  style=\"padding-top: 0px; padding-bottom: 0px; \"><div class=\"row-bg-wrap\" data-bg-animation=\"none\" data-bg-animation-delay=\"\" data-bg-overlay=\"false\"><div class=\"inner-wrap row-bg-layer\" ><div class=\"row-bg viewport-desktop\"  style=\"\"><\/div><\/div><\/div><div class=\"row_col_wrap_12 col span_12 dark left\">\n\t<div  class=\"vc_col-sm-12 wpb_column column_container vc_column_container col no-extra-padding inherit_tablet inherit_phone\"  data-padding-pos=\"all\" data-has-bg-color=\"false\" data-bg-color=\"\" data-bg-opacity=\"1\" data-animation=\"\" data-delay=\"0\" >\n\t\t<div class=\"vc_column-inner\" >\n\t\t\t<div class=\"wpb_wrapper\">\n\t\t\t\t\n<div class=\"wpb_text_column wpb_content_element\" >\n\t<div id=\"parent-fieldname-description\">\n<div id=\"parent-fieldname-description\">\n<div id=\"parent-fieldname-description\">\n<div id=\"parent-fieldname-description\">\n<div id=\"parent-fieldname-description\">\n<div id=\"parent-fieldname-description\">\n<div id=\"parent-fieldname-description\">\n<p><strong>Die Regionalaussch\u00fcsse der Emilia-Romagna und der Lombardei treffen sich mit den Experten, die die von der nationalen italienischen UNESCO-Kommission unterst\u00fctzten Bewerbungen als kreative St\u00e4dte von Como und Modena begleitet haben.<\/strong><\/p>\n<p>F\u00fcr Modena wird der Stadtrat f\u00fcr Kultur Andrea Bortolamasi sprechen.<br \/>\nZiel dieser Veranstaltung ist es, den Prozess zu erkunden, der zu den Vorschl\u00e4gen f\u00fcr diese Kandidaturen gef\u00fchrt hat, und die beiden St\u00e4dte auf diesem Weg kennenzulernen und zu unterst\u00fctzen.<\/p>\n<p>Moderator:<br \/>\nAndrea Croci Regionalbeauftragter Emilia-Romagna Ausschuss<br \/>\nGiulio Del Giudice Regionaler Vertreter des Lombardei-Ausschusses<\/p>\n<\/div>\n<p>Die Veranstaltung wird live auf Facebook auf der Seite von AIGU - Italian Youth Association for UNESCO \u00fcbertragen:<br \/>\n<a href=\"https:\/\/fb.me\/e\/Nc1LCpZk\" target=\"_blank\" rel=\"noopener\">https:\/\/fb.me\/e\/Nc1LCpZk<\/a><\/p>\n<\/div>\n<\/div>\n<\/div>\n<\/div>\n<\/div>\n<\/div>\n<\/div>\n\n\n\n\n\t\t\t<\/div> \n\t\t<\/div>\n\t<\/div> \n<\/div><\/div>","protected":false},"excerpt":{"rendered":"I Comitati Regionali di Emilia-Romagna e Lombardia, incontrano gli esperti che hanno seguito le candidature appoggiate dalla Commissione Nazionale Italiana UNESCO a citt\u00e0 creative di Como e Modena. Per Modena...","protected":false},"author":1,"featured_media":857,"comment_status":"closed","ping_status":"closed","sticky":false,"template":"","format":"standard","meta":{"wpupg_custom_link":[],"wpupg_custom_link_behaviour":[],"wpupg_custom_link_nofollow":[],"wpupg_custom_image":[],"wpupg_custom_image_id":[],"footnotes":""},"categories":[475],"tags":[],"class_list":["post-856","post","type-post","status-publish","format-standard","has-post-thumbnail","category-news"],"_links":{"self":[{"href":"https:\/\/modenafuturacreativa.it\/de\/wp-json\/wp\/v2\/posts\/856","targetHints":{"allow":["GET"]}}],"collection":[{"href":"https:\/\/modenafuturacreativa.it\/de\/wp-json\/wp\/v2\/posts"}],"about":[{"href":"https:\/\/modenafuturacreativa.it\/de\/wp-json\/wp\/v2\/types\/post"}],"author":[{"embeddable":true,"href":"https:\/\/modenafuturacreativa.it\/de\/wp-json\/wp\/v2\/users\/1"}],"replies":[{"embeddable":true,"href":"https:\/\/modenafuturacreativa.it\/de\/wp-json\/wp\/v2\/comments?post=856"}],"version-history":[{"count":2,"href":"https:\/\/modenafuturacreativa.it\/de\/wp-json\/wp\/v2\/posts\/856\/revisions"}],"predecessor-version":[{"id":859,"href":"https:\/\/modenafuturacreativa.it\/de\/wp-json\/wp\/v2\/posts\/856\/revisions\/859"}],"wp:featuredmedia":[{"embeddable":true,"href":"https:\/\/modenafuturacreativa.it\/de\/wp-json\/wp\/v2\/media\/857"}],"wp:attachment":[{"href":"https:\/\/modenafuturacreativa.it\/de\/wp-json\/wp\/v2\/media?parent=856"}],"wp:term":[{"taxonomy":"category","embeddable":true,"href":"https:\/\/modenafuturacreativa.it\/de\/wp-json\/wp\/v2\/categories?post=856"},{"taxonomy":"post_tag","embeddable":true,"href":"https:\/\/modenafuturacreativa.it\/de\/wp-json\/wp\/v2\/tags?post=856"}],"curies":[{"name":"wp","href":"https:\/\/api.w.org\/{rel}","templated":true}]}}