{"id":799,"date":"2021-10-04T14:26:09","date_gmt":"2021-10-04T12:26:09","guid":{"rendered":"https:\/\/modenafutura.com\/?p=799"},"modified":"2025-03-21T14:18:27","modified_gmt":"2025-03-21T13:18:27","slug":"citta-creativa-unesco-un-video-e-un-nuovo-sito-dedicato","status":"publish","type":"post","link":"https:\/\/modenafuturacreativa.it\/de\/citta-creativa-unesco-un-video-e-un-nuovo-sito-dedicato\/","title":{"rendered":"UNESCO CREATIVE CITY, EIN VIDEO UND EINE NEUE WEBSITE"},"content":{"rendered":"<div id=\"fws_6a9b7691061a3\"  data-column-margin=\"60px\" data-midnight=\"dark\"  class=\"wpb_row vc_row-fluid vc_row\"  style=\"padding-top: 0px; padding-bottom: 0px; \"><div class=\"row-bg-wrap\" data-bg-animation=\"none\" data-bg-animation-delay=\"\" data-bg-overlay=\"false\"><div class=\"inner-wrap row-bg-layer\" ><div class=\"row-bg viewport-desktop\"  style=\"\"><\/div><\/div><\/div><div class=\"row_col_wrap_12 col span_12 dark left\">\n\t<div  class=\"vc_col-sm-12 wpb_column column_container vc_column_container col no-extra-padding inherit_tablet inherit_phone\"  data-padding-pos=\"all\" data-has-bg-color=\"false\" data-bg-color=\"\" data-bg-opacity=\"1\" data-animation=\"\" data-delay=\"0\" >\n\t\t<div class=\"vc_column-inner\" >\n\t\t\t<div class=\"wpb_wrapper\">\n\t\t\t\t\n<div class=\"wpb_text_column wpb_content_element\" >\n\t<div id=\"parent-fieldname-description\">\n<div id=\"parent-fieldname-description\">\n<div id=\"parent-fieldname-description\">\n<div id=\"parent-fieldname-description\">\n<div id=\"parent-fieldname-description\">\n<div id=\"parent-fieldname-description\">\n<div id=\"parent-fieldname-description\"><strong>Online der Weg und die Inhalte der Kandidatur im Finale in Paris, zusammen mit Bildern von \"Modena f\u00fcr Medienkunst\". Die Pr\u00e4sentation auch im Biella-Netzwerk<\/strong><\/div>\n<div id=\"viewlet-above-content-body\"><\/div>\n<div id=\"content-core\">\n<div id=\"parent-fieldname-text\">\n<p>Modena futura creativa\" ist der vielsagende Name der neuen Website, die der Bewerbung Modenas als Unesco Creative City for Media Arts gewidmet ist (online unter\u00a0<a href=\"https:\/\/modenafuturacreativa.it\/de\/\">www.modenafuturacreativa.it<\/a>), die einen detaillierten Einblick in die Projekte und den Weg, der Modena bis nach Paris gef\u00fchrt hat, bis zur endg\u00fcltigen Auswahl f\u00fcr die Aufnahme in das Netzwerk der Unesco Creative Cities, die Ende Oktober stattfinden wird, bietet. Die Homepage beginnt mit dem Video \"Modena for the media arts\", das in wenigen Minuten die Stimmung zusammenfasst, die der Bewerbung zugrunde liegt und die Wurzeln der Stadt, ihr k\u00fcnstlerisches und kulturelles Erbe, die DNA des Know-hows mit einer bereits konkreten Zukunft der Innovationen und der digitalen und weit verbreiteten Kultur in der Welt der Kultur verbindet.<\/p>\n<p>Die Website und das Video stehen im Mittelpunkt der Rede, die der Kulturstadtrat der Stadt Modena Andrea Bortolamasi im Rahmen des Biella Festival of Sustainability halten wird, dem Forum der Unesco Creative Cities, das sich mit den Erfahrungen der nachhaltigen Entwicklung befasst und noch bis Sonntag, den 3. Oktober, in der piemontesischen Stadt stattfindet. Das Video \"Modena for the media arts\" legt den Schwerpunkt auf Augmented Reality, die Digitalisierung des Bucherbes und die Entmaterialisierung, die bildende Kunst und Kunstinstallationen sowie die k\u00fcnstliche Intelligenz und hebt die Rolle der Verwaltung hervor, die die Bewerbung koordiniert und leitet. Wie das Video besteht auch die Website aus verschiedenen Sprachen, um den Nutzern Hinweise und Anreize zu geben, sich auf ihr zu bewegen.<\/p>\n<p>Die Projekte, die die Bewerbung von Modena unterst\u00fctzen, zeichnen sich durch die Verbindung zwischen digitalen Innovationen und Transformationen mit der bildenden und darstellenden Kunst, durch die \u00dcberschneidung zwischen den urbanen Ver\u00e4nderungen der Stadt und der Schaffung neuer digitaler Container und durch den Fokus auf die digitale Kultur als n\u00fctzliches Werkzeug f\u00fcr einen gr\u00f6\u00dferen Genuss kultureller Aktivit\u00e4ten aus.<\/p>\n<p>Das von der Stadt Modena nominierte Projekt wurde im Rahmen eines Prozesses entwickelt, an dem auch die Fondazione di Modena, die Fondazione Brodolini - Laboratorio Aperto, Fmav, Gallerie Estensi, Unimore, Fem, Ert, Fondazione Teatro Comunale, Art-ER und die Fondazione Collegio S. Carlo durch ihre Mitgliedschaft im F\u00f6rderausschuss beteiligt waren.<\/p>\n<\/div>\n<\/div>\n<\/div>\n<\/div>\n<\/div>\n<\/div>\n<\/div>\n<\/div>\n<\/div>\n\n\n\n\n\t\t\t<\/div> \n\t\t<\/div>\n\t<\/div> \n<\/div><\/div>","protected":false},"excerpt":{"rendered":"On line der Weg und die Inhalte der Kandidatur im Finale in Paris, zusammen mit den Bildern von \"Modena f\u00fcr die Medienkunst\". Die Pr\u00e4sentation auch im Biella-Netzwerk \"Modena...","protected":false},"author":1,"featured_media":800,"comment_status":"closed","ping_status":"closed","sticky":false,"template":"","format":"standard","meta":{"wpupg_custom_link":[],"wpupg_custom_link_behaviour":[],"wpupg_custom_link_nofollow":[],"wpupg_custom_image":[],"wpupg_custom_image_id":[],"footnotes":""},"categories":[475],"tags":[],"class_list":["post-799","post","type-post","status-publish","format-standard","has-post-thumbnail","category-news"],"_links":{"self":[{"href":"https:\/\/modenafuturacreativa.it\/de\/wp-json\/wp\/v2\/posts\/799","targetHints":{"allow":["GET"]}}],"collection":[{"href":"https:\/\/modenafuturacreativa.it\/de\/wp-json\/wp\/v2\/posts"}],"about":[{"href":"https:\/\/modenafuturacreativa.it\/de\/wp-json\/wp\/v2\/types\/post"}],"author":[{"embeddable":true,"href":"https:\/\/modenafuturacreativa.it\/de\/wp-json\/wp\/v2\/users\/1"}],"replies":[{"embeddable":true,"href":"https:\/\/modenafuturacreativa.it\/de\/wp-json\/wp\/v2\/comments?post=799"}],"version-history":[{"count":1,"href":"https:\/\/modenafuturacreativa.it\/de\/wp-json\/wp\/v2\/posts\/799\/revisions"}],"predecessor-version":[{"id":801,"href":"https:\/\/modenafuturacreativa.it\/de\/wp-json\/wp\/v2\/posts\/799\/revisions\/801"}],"wp:featuredmedia":[{"embeddable":true,"href":"https:\/\/modenafuturacreativa.it\/de\/wp-json\/wp\/v2\/media\/800"}],"wp:attachment":[{"href":"https:\/\/modenafuturacreativa.it\/de\/wp-json\/wp\/v2\/media?parent=799"}],"wp:term":[{"taxonomy":"category","embeddable":true,"href":"https:\/\/modenafuturacreativa.it\/de\/wp-json\/wp\/v2\/categories?post=799"},{"taxonomy":"post_tag","embeddable":true,"href":"https:\/\/modenafuturacreativa.it\/de\/wp-json\/wp\/v2\/tags?post=799"}],"curies":[{"name":"wp","href":"https:\/\/api.w.org\/{rel}","templated":true}]}}