{"id":795,"date":"2021-10-04T13:29:26","date_gmt":"2021-10-04T11:29:26","guid":{"rendered":"https:\/\/modenafutura.com\/?p=795"},"modified":"2025-03-21T14:18:27","modified_gmt":"2025-03-21T13:18:27","slug":"citta-creative-unesco-modena-al-forum-di-carrara","status":"publish","type":"post","link":"https:\/\/modenafuturacreativa.it\/de\/citta-creative-unesco-modena-al-forum-di-carrara\/","title":{"rendered":"UNESCO CREATIVE CITIES, MODENA IM CARRARA FORUM"},"content":{"rendered":"<div id=\"fws_6a9b76915aef5\"  data-column-margin=\"60px\" data-midnight=\"dark\"  class=\"wpb_row vc_row-fluid vc_row\"  style=\"padding-top: 0px; padding-bottom: 0px; \"><div class=\"row-bg-wrap\" data-bg-animation=\"none\" data-bg-animation-delay=\"\" data-bg-overlay=\"false\"><div class=\"inner-wrap row-bg-layer\" ><div class=\"row-bg viewport-desktop\"  style=\"\"><\/div><\/div><\/div><div class=\"row_col_wrap_12 col span_12 dark left\">\n\t<div  class=\"vc_col-sm-12 wpb_column column_container vc_column_container col no-extra-padding inherit_tablet inherit_phone\"  data-padding-pos=\"all\" data-has-bg-color=\"false\" data-bg-color=\"\" data-bg-opacity=\"1\" data-animation=\"\" data-delay=\"0\" >\n\t\t<div class=\"vc_column-inner\" >\n\t\t\t<div class=\"wpb_wrapper\">\n\t\t\t\t\n<div class=\"wpb_text_column wpb_content_element\" >\n\t<div id=\"parent-fieldname-description\">\n<div id=\"parent-fieldname-description\">\n<div id=\"parent-fieldname-description\">\n<div id=\"parent-fieldname-description\">\n<div id=\"parent-fieldname-description\">\n<div id=\"parent-fieldname-description\"><strong>Die Bewerbung von Modena im Bereich Medienkunst f\u00fcr die Endrunde in Paris wird im Rahmen des Creative Cities Network vorgestellt, das von Freitag, 24. bis Sonntag, 26. September stattfindet.<\/strong><\/div>\n<div id=\"viewlet-above-content-body\"><\/div>\n<div id=\"content-core\">\n<div id=\"parent-fieldname-text\">\n<p>Die Projekte, die die Bewerbung Modenas als Unesco Creative City for Media Arts unterst\u00fctzen, werden auf dem Forum der italienischen Kreativst\u00e4dte in Carrara von Freitag, 24. bis Sonntag, 26. September vorgestellt.<\/p>\n<p>Nachdem Modena die nationale Auswahl bestanden hat, wird es zusammen mit der f\u00fcr Kunsthandwerk und Volkskunst nominierten Stadt Como Italien bei der Endauswahl f\u00fcr die Aufnahme in das Netzwerk der Unesco Creative Cities vertreten, die Ende Oktober in Paris stattfindet.<\/p>\n<p>Die erste Ausgabe der\u00a0<a href=\"https:\/\/www.visitacarrara.it\/index.php?id_sezione=2372&amp;id_doc=4414&amp;fbclid=IwAR1IGysNrU9TyFieLD12P5X-Cc3poxS7sBWci6TMLu-ZmmdCCGvDigSqDac\">\"<\/a>Creativity Forum Carrara for the Unesco Creative Cities\" wird als Gelegenheit zum Dialog und zur Diskussion zwischen den italienischen Kreativst\u00e4dten \u00fcber post-pandemische Strategien zur Wiederbelebung historischer Zentren und Gebiete im Einklang mit der globalen Agenda 2030 f\u00fcr nachhaltige Entwicklung und \u00fcber die Rolle von K\u00fcnstlern und Handwerkern als Triebkr\u00e4fte der Stadterneuerung vorgeschlagen.<\/p>\n<p>Im Namen der Stadt Modena wird der Stadtrat f\u00fcr Kultur Andrea Bortolamasi (aus der Ferne) \u00fcber die Projekte sprechen, die die Kandidatur von Modena unterst\u00fctzen. Diese sind gekennzeichnet durch die Verbindung von Innovationen und digitalen Ver\u00e4nderungen mit der bildenden und darstellenden Kunst, die \u00dcberschneidung zwischen den st\u00e4dtischen Ver\u00e4nderungen der Stadt und der Schaffung neuer digitaler Container und die Konzentration auf die digitale Kultur als n\u00fctzliches Werkzeug f\u00fcr einen gr\u00f6\u00dferen Genuss der kulturellen Aktivit\u00e4ten.<\/p>\n<p>Das von der Stadt Modena nominierte Projekt wurde im Rahmen eines Prozesses entwickelt, an dem auch die Fondazione di Modena, die Fondazione Brodolini - Laboratorio Aperto, Fmav, Gallerie Estensi, Unimore, Fem, Ert, Fondazione Teatro Comunale, Art-ER und die Fondazione Collegio S. Carlo durch ihre Mitgliedschaft im F\u00f6rderausschuss beteiligt waren.<\/p>\n<p>Der n\u00e4chste Termin vor der Ankunft in Paris wird am 1. und 2. Oktober in Biella sein.<\/p>\n<p>Das Netzwerk der Kreativst\u00e4dte besteht derzeit aus 246 St\u00e4dten in rund achtzig L\u00e4ndern auf f\u00fcnf Kontinenten. In Italien gibt es elf kreative St\u00e4dte, wobei Modena die einzige ist, die f\u00fcr Medienkunst ausgew\u00e4hlt wurde. Ziel des Unesco-Kreativst\u00e4dte-Netzwerks ist es, Wissen, Zusammenarbeit und Projekte zwischen St\u00e4dten zu f\u00f6rdern, die Kultur und Kreativit\u00e4t als treibende Kr\u00e4fte f\u00fcr ihre Entwicklung erkannt haben. Die Schlagworte lauten: Zusammenarbeit, Austausch von Wissen und bew\u00e4hrten Verfahren, Konfrontation, Planung, Aufwertung des immateriellen Kulturerbes.<\/p>\n<\/div>\n<\/div>\n<\/div>\n<\/div>\n<\/div>\n<\/div>\n<\/div>\n<\/div>\n\n\n\n\n\t\t\t<\/div> \n\t\t<\/div>\n\t<\/div> \n<\/div><\/div>","protected":false},"excerpt":{"rendered":"Die Bewerbung von Modena im Bereich Medienkunst f\u00fcr das Finale in Paris wird im Rahmen des Creative Cities Network vorgestellt, das von Freitag, 24. bis Sonntag, 26. September stattfindet...","protected":false},"author":1,"featured_media":798,"comment_status":"closed","ping_status":"closed","sticky":false,"template":"","format":"standard","meta":{"wpupg_custom_link":[],"wpupg_custom_link_behaviour":[],"wpupg_custom_link_nofollow":[],"wpupg_custom_image":[],"wpupg_custom_image_id":[],"footnotes":""},"categories":[475],"tags":[],"class_list":["post-795","post","type-post","status-publish","format-standard","has-post-thumbnail","category-news"],"_links":{"self":[{"href":"https:\/\/modenafuturacreativa.it\/de\/wp-json\/wp\/v2\/posts\/795","targetHints":{"allow":["GET"]}}],"collection":[{"href":"https:\/\/modenafuturacreativa.it\/de\/wp-json\/wp\/v2\/posts"}],"about":[{"href":"https:\/\/modenafuturacreativa.it\/de\/wp-json\/wp\/v2\/types\/post"}],"author":[{"embeddable":true,"href":"https:\/\/modenafuturacreativa.it\/de\/wp-json\/wp\/v2\/users\/1"}],"replies":[{"embeddable":true,"href":"https:\/\/modenafuturacreativa.it\/de\/wp-json\/wp\/v2\/comments?post=795"}],"version-history":[{"count":1,"href":"https:\/\/modenafuturacreativa.it\/de\/wp-json\/wp\/v2\/posts\/795\/revisions"}],"predecessor-version":[{"id":797,"href":"https:\/\/modenafuturacreativa.it\/de\/wp-json\/wp\/v2\/posts\/795\/revisions\/797"}],"wp:featuredmedia":[{"embeddable":true,"href":"https:\/\/modenafuturacreativa.it\/de\/wp-json\/wp\/v2\/media\/798"}],"wp:attachment":[{"href":"https:\/\/modenafuturacreativa.it\/de\/wp-json\/wp\/v2\/media?parent=795"}],"wp:term":[{"taxonomy":"category","embeddable":true,"href":"https:\/\/modenafuturacreativa.it\/de\/wp-json\/wp\/v2\/categories?post=795"},{"taxonomy":"post_tag","embeddable":true,"href":"https:\/\/modenafuturacreativa.it\/de\/wp-json\/wp\/v2\/tags?post=795"}],"curies":[{"name":"wp","href":"https:\/\/api.w.org\/{rel}","templated":true}]}}