{"id":6815,"date":"2026-04-07T15:53:36","date_gmt":"2026-04-07T13:53:36","guid":{"rendered":"https:\/\/modenafuturacreativa.it\/?p=6815"},"modified":"2026-04-07T15:53:36","modified_gmt":"2026-04-07T13:53:36","slug":"archeologia-e-digitale-sincontrano","status":"publish","type":"post","link":"https:\/\/modenafuturacreativa.it\/de\/archeologia-e-digitale-sincontrano\/","title":{"rendered":"Der Terramara-Park wird wieder f\u00fcr die \u00d6ffentlichkeit zug\u00e4nglich gemacht, Arch\u00e4ologie und Digitalisierung treffen aufeinander"},"content":{"rendered":"<div id=\"fws_6a9b770079855\"  data-column-margin=\"default\" data-midnight=\"dark\"  class=\"wpb_row vc_row-fluid vc_row\"  style=\"padding-top: 0px; padding-bottom: 0px; \"><div class=\"row-bg-wrap\" data-bg-animation=\"none\" data-bg-animation-delay=\"\" data-bg-overlay=\"false\"><div class=\"inner-wrap row-bg-layer\" ><div class=\"row-bg viewport-desktop\"  style=\"\"><\/div><\/div><\/div><div class=\"row_col_wrap_12 col span_12 dark left\">\n\t<div  class=\"vc_col-sm-12 wpb_column column_container vc_column_container col no-extra-padding inherit_tablet inherit_phone\"  data-padding-pos=\"all\" data-has-bg-color=\"false\" data-bg-color=\"\" data-bg-opacity=\"1\" data-animation=\"\" data-delay=\"0\" >\n\t\t<div class=\"vc_column-inner\" >\n\t\t\t<div class=\"wpb_wrapper\">\n\t\t\t\t\n<div class=\"wpb_text_column wpb_content_element\" >\n\t<p><strong>Neue Multimedia-Installationen er\u00f6ffnen die Saison: Immersive Technologie und Inklusion erz\u00e4hlen die Geschichte des Lebens vor 3.500 Jahren<\/strong><\/p>\n<p>Der arch\u00e4ologische Park Terramara in Montale wird am Samstag, den 4. April, wiederer\u00f6ffnet und er\u00f6ffnet damit eine neue Saison, die von Innovationen gepr\u00e4gt ist: neue Multimedia-Installationen begleiten die Besucher zu einem noch intensiveren, umfassenderen und ansprechenderen Erlebnis. Die Wiederer\u00f6ffnung, die w\u00e4hrend der Osterferien - Samstag, 4., Sonntag, 5. und Montag, 6. April - stattfindet, bildet den Auftakt zu einem Programm, das bis Sonntag, 7. Juni, an Feiertagen und bei einigen Sonder\u00f6ffnungen, darunter Samstag, 23. Mai, anl\u00e4sslich der Europ\u00e4ischen Nacht der Museen, fortgesetzt wird.<\/p>\n<p>Mehr als zwanzig Jahre nach seiner Er\u00f6ffnung zieht der Park weiterhin Tausende von Besuchern an - bis heute mehr als 300.000 - dank eines Konzepts, das in der Lage ist, wissenschaftliche Popularisierung und direkte Beteiligung miteinander zu verbinden, Vergangenheit und Gegenwart zu verkn\u00fcpfen und seine p\u00e4dagogische Rolle, insbesondere f\u00fcr Schulen, dank der Arbeit eines hochqualifizierten Personals zu best\u00e4tigen.<\/p>\n<p>Der im April 2004 als \"Freiluft\"-Abteilung des Museo Civico di Modena er\u00f6ffnete Park ist den Terramare gewidmet, bronzezeitlichen Siedlungen, die sich zwischen 1650 und 1150 v. Chr. in der Poebene entwickelten und ein identit\u00e4tsstiftendes Element dieses Gebiets darstellen. Auch dank der lebensgro\u00dfen Rekonstruktion eines Teils des Dorfes, die auf Daten aus arch\u00e4ologischen Ausgrabungen mit Befestigungen, Produktionsanlagen und Wohnungen beruht, wird der Besuch des Parks zu einem tiefen Eintauchen in die Welt von vor 3.500 Jahren.<\/p>\n<p>Mit dem Projekt \"Open Air &amp; Open Use\" wird heute ein neues Kapitel aufgeschlagen. Das von der Stadt Modena gef\u00f6rderte und mit 315 000 Euro aus dem Nationalen Plan f\u00fcr Wiederaufbau und Resilienz (PNRR) finanzierte Projekt, das durch europ\u00e4ische Mittel der Region Emilia-Romagna PORFESR 2021-2027 (Regionales Operationelles Programm des Europ\u00e4ischen Fonds f\u00fcr regionale Entwicklung) erg\u00e4nzt wird, steht vor der Herausforderung, die starke Materialit\u00e4t des Ortes mit der digitalen Dimension zu verbinden.<\/p>\n<p>Video- und Audioinstallationen, virtuelle Rekonstruktionen, holografische Projektionen und immersive Umgebungen machen das Verst\u00e4ndnis arch\u00e4ologischer Prozesse und Zusammenh\u00e4nge unmittelbarer, erweitern die Zug\u00e4nglichkeit und f\u00f6rdern integrativere und ansprechendere Formen des Vergn\u00fcgens. Diese werden durch Hilfsmittel erg\u00e4nzt, die f\u00fcr alle Zielgruppen gedacht sind, wie Audiobeschreibungen, taktile Karten, Inhalte in Geb\u00e4rdensprache und schriftliche Texte.<\/p>\n<p>Das neue Projekt des Parks und das Programm f\u00fcr die Einweihung der Multimedia-Installationen wurden heute Vormittag, 2. April, in Terramara im Rahmen einer Pressekonferenz vorgestellt, an der Andrea Bortolamasi, Beigeordneter f\u00fcr Kultur der Stadt Modena, Daniela Sirotti Mattioli, stellvertretende B\u00fcrgermeisterin von Castelnuovo; Eugenia Valacchi, Beauftragte f\u00fcr Arch\u00e4ologie, Kunst und Landschaft der Provinzen Modena, Reggio Emilia und Ferrara; Andrea Cardarelli, Pr\u00e4sident des Italienischen Instituts f\u00fcr Vor- und Fr\u00fchgeschichte und Gr\u00fcnder des Parks; Valentina Galloni, Direktorin und Cristiana Zanasi, Kuratorin der arch\u00e4ologischen Abteilung des Stadtmuseums von Modena und des Parks von Terramara.<\/p>\n<p>\"Der Montale-Park ist eine Fundgrube an Informationen, die bereits in den didaktischen Ger\u00e4ten enthalten sind und von den Betreibern, die die Besuche leiten, vermittelt werden. Das wichtige Renovierungsprojekt, das neue Multimedia-Installationen im Ausgrabungsgebiet und auf dem der Nekropole gewidmeten Pfad einf\u00fchrt und einen Wendepunkt in der Entwicklung der St\u00e4tte markiert, ist Teil dieser Beziehung zwischen Kultur und digitalen Sprachen, die Modena dazu gebracht hat, ab 2021 Unesco Creative City zu werden, mit dem Ziel, Neugier und Reflexion durch einen multisensorischen Ansatz zu stimulieren, der eine direktere Verbindung zwischen dem Besucher und den Ereignissen von vor 3500 Jahren herstellt\".<\/p>\n<p>Der Park wurde in einem an die bronzezeitliche Siedlung angrenzenden Gebiet dank europ\u00e4ischer Mittel und gemeinsamer Anstrengungen der Gemeinden Modena und Castelnuovo Rangone angelegt.<\/p>\n<p>\"Seit zwanzig Jahren\", so der stellvertretende B\u00fcrgermeister Sirotti Mattioli, der auch f\u00fcr den Fremdenverkehr in Castelnuovo zust\u00e4ndig ist, \"ist es f\u00fcr uns eine Ehre, diesen Park im Gemeindegebiet zu beherbergen, der das Ergebnis einer gro\u00dfartigen Zusammenarbeit mit dem Stadtmuseum und der Gemeinde Modena ist. Die Tausenden von Besuchen in diesen Jahren sind mehr als jedes andere Wort ein Zeugnis daf\u00fcr, dass dieser Ort ein wahres und unsch\u00e4tzbares kollektives Erbe ist, nicht nur auf Provinzebene, sondern auch auf italienischer und europ\u00e4ischer Ebene\".<\/p>\n<p>Die Realisierung des Projekts tr\u00e4gt die Handschrift der Firma Santimone - Delumen srl, die auf Multimedia-Installationen f\u00fcr das kulturelle Erbe spezialisiert ist und in engem Dialog mit der wissenschaftlichen Leitung des Parks arbeitete. Die Animationen basieren auf Illustrationen von Riccardo Merlo, die mit fortschrittlichen digitalen Technologien, einschlie\u00dflich k\u00fcnstlicher Intelligenz, in dynamischer Form neu gestaltet wurden.<\/p>\n<p>Mit diesem Projekt st\u00e4rkt der Park seine Rolle als nationale Referenz f\u00fcr \u00f6ffentliche und experimentelle Arch\u00e4ologie und tritt in eine neue Phase der Aufwertung ein.<\/p>\n<\/div>\n\n\n\n\n\t<div class=\"wpb_gallery wpb_content_element clearfix\">\n\t\t<div class=\"wpb_wrapper\"><div class=\"wpb_gallery_slidesflickity_style\" data-onclick=\"link_image\" data-interval=\"5\"><div class=\"nectar-flickity not-initialized\" role=\"region\" aria-roledescription=\"carousel\" aria-label=\"Bildergalerie\"  data-touch-icon-color=\"default\" data-stagger=\"\" data-drag-scale=\"\" data-overflow=\"hidden\" data-wrap=\"wrap\" data-spacing=\"default\" data-shadow=\"large_depth\" data-autoplay=\"true\" data-autoplay-dur=\"\" data-free-scroll=\"\" data-controls=\"material_pagination\" data-desktop-columns=\"1\" data-small-desktop-columns=\"1\" data-tablet-columns=\"1\" data-phone-columns=\"1\"><div class=\"flickity-viewport\"> <div class=\"flickity-slider\"><div class=\"cell\" data-lazy=\"false\"><img decoding=\"async\" class=\"skip-lazy nectar-lazy\" src=\"https:\/\/modenafuturacreativa.it\/wp-content\/uploads\/2026\/04\/parco-montale-visita-immersiva-6-600x450.jpeg\" width=\"600\" height=\"450\" alt=\"parco-montale-visita-immersiva (6)\" title=\"Park-Berg-Besuch (6)\" loading=\"lazy\" \/><a class=\"entire-slide-link\" aria-label=\"Park-Berg-Besuch (6)\"  href=\"https:\/\/modenafuturacreativa.it\/wp-content\/uploads\/2026\/04\/parco-montale-visita-immersiva-6.jpeg\"><\/a><\/div><div class=\"cell\" data-lazy=\"false\"><img decoding=\"async\" class=\"skip-lazy nectar-lazy\" src=\"https:\/\/modenafuturacreativa.it\/wp-content\/uploads\/2026\/04\/parco-montale-visita-immersiva-1-600x450.jpeg\" width=\"600\" height=\"450\" alt=\"parco-montale-visita-immersiva (1)\" title=\"park-gebirge-besuchen-eintauchen (1)\" loading=\"lazy\" \/><a class=\"entire-slide-link\" aria-label=\"park-gebirge-besuchen-eintauchen (1)\"  href=\"https:\/\/modenafuturacreativa.it\/wp-content\/uploads\/2026\/04\/parco-montale-visita-immersiva-1.jpeg\"><\/a><\/div><div class=\"cell\" data-lazy=\"false\"><img decoding=\"async\" class=\"skip-lazy nectar-lazy\" src=\"https:\/\/modenafuturacreativa.it\/wp-content\/uploads\/2026\/04\/parco-montale-visita-immersiva-2-600x450.jpeg\" width=\"600\" height=\"450\" alt=\"parco-montale-visita-immersiva (2)\" title=\"park-gebirge-besuchen-eintauchen (2)\" loading=\"lazy\" \/><a class=\"entire-slide-link\" aria-label=\"park-gebirge-besuchen-eintauchen (2)\"  href=\"https:\/\/modenafuturacreativa.it\/wp-content\/uploads\/2026\/04\/parco-montale-visita-immersiva-2.jpeg\"><\/a><\/div><div class=\"cell\" data-lazy=\"false\"><img decoding=\"async\" class=\"skip-lazy nectar-lazy\" src=\"https:\/\/modenafuturacreativa.it\/wp-content\/uploads\/2026\/04\/parco-montale-visita-immersiva-3-600x450.jpeg\" width=\"600\" height=\"450\" alt=\"parco-montale-visita-immersiva (3)\" title=\"park-gebirge-besuchen-eintauchen (3)\" loading=\"lazy\" \/><a class=\"entire-slide-link\" aria-label=\"park-gebirge-besuchen-eintauchen (3)\"  href=\"https:\/\/modenafuturacreativa.it\/wp-content\/uploads\/2026\/04\/parco-montale-visita-immersiva-3.jpeg\"><\/a><\/div><div class=\"cell\" data-lazy=\"false\"><img decoding=\"async\" class=\"skip-lazy nectar-lazy\" src=\"https:\/\/modenafuturacreativa.it\/wp-content\/uploads\/2026\/04\/parco-montale-visita-immersiva-4-600x450.jpeg\" width=\"600\" height=\"450\" alt=\"parco-montale-visita-immersiva (4)\" title=\"Park-Berg-Besuch (4)\" loading=\"lazy\" \/><a class=\"entire-slide-link\" aria-label=\"Park-Berg-Besuch (4)\"  href=\"https:\/\/modenafuturacreativa.it\/wp-content\/uploads\/2026\/04\/parco-montale-visita-immersiva-4.jpeg\"><\/a><\/div><div class=\"cell\" data-lazy=\"false\"><img decoding=\"async\" class=\"skip-lazy nectar-lazy\" src=\"https:\/\/modenafuturacreativa.it\/wp-content\/uploads\/2026\/04\/parco-montale-visita-immersiva-7-600x450.jpeg\" width=\"600\" height=\"450\" alt=\"parco-montale-visita-immersiva (7)\" title=\"Park-Berg-Besuch (7)\" loading=\"lazy\" \/><a class=\"entire-slide-link\" aria-label=\"Park-Berg-Besuch (7)\"  href=\"https:\/\/modenafuturacreativa.it\/wp-content\/uploads\/2026\/04\/parco-montale-visita-immersiva-7.jpeg\"><\/a><\/div><div class=\"cell\" data-lazy=\"false\"><img decoding=\"async\" class=\"skip-lazy nectar-lazy\" src=\"https:\/\/modenafuturacreativa.it\/wp-content\/uploads\/2026\/04\/parco-montale-visita-immersiva-9-600x450.jpeg\" width=\"600\" height=\"450\" alt=\"parco-montale-visita-immersiva (9)\" title=\"Park-Berg-Besuch (9)\" loading=\"lazy\" \/><a class=\"entire-slide-link\" aria-label=\"Park-Berg-Besuch (9)\"  href=\"https:\/\/modenafuturacreativa.it\/wp-content\/uploads\/2026\/04\/parco-montale-visita-immersiva-9.jpeg\"><\/a><\/div><div class=\"cell\" data-lazy=\"false\"><img decoding=\"async\" class=\"skip-lazy nectar-lazy\" src=\"https:\/\/modenafuturacreativa.it\/wp-content\/uploads\/2026\/04\/parco-montale-visita-immersiva-10-600x450.jpeg\" width=\"600\" height=\"450\" alt=\"parco-montale-visita-immersiva (10)\" title=\"Park-Berg-Besuch (10)\" loading=\"lazy\" \/><a class=\"entire-slide-link\" aria-label=\"Park-Berg-Besuch (10)\"  href=\"https:\/\/modenafuturacreativa.it\/wp-content\/uploads\/2026\/04\/parco-montale-visita-immersiva-10.jpeg\"><\/a><\/div><div class=\"cell\" data-lazy=\"false\"><img decoding=\"async\" class=\"skip-lazy nectar-lazy\" src=\"https:\/\/modenafuturacreativa.it\/wp-content\/uploads\/2026\/04\/parco-montale-visita-immersiva-5-600x450.jpeg\" width=\"600\" height=\"450\" alt=\"parco-montale-visita-immersiva (5)\" title=\"Park-Berg-Besuch (5)\" loading=\"lazy\" \/><a class=\"entire-slide-link\" aria-label=\"Park-Berg-Besuch (5)\"  href=\"https:\/\/modenafuturacreativa.it\/wp-content\/uploads\/2026\/04\/parco-montale-visita-immersiva-5.jpeg\"><\/a><\/div><\/div><\/div><\/div><\/div>\n\t\t<\/div> \n\t<\/div> \n\t\t\t<\/div> \n\t\t<\/div>\n\t<\/div> \n<\/div><\/div>","protected":false},"excerpt":{"rendered":"Nuove installazioni multimediali inaugurano la stagione: tecnologie immersive e inclusione per raccontare la vita di 3.500 anni fa Il Parco archeologico della Terramara di Montale riapre sabato 4 aprile inaugurando...","protected":false},"author":1,"featured_media":6853,"comment_status":"closed","ping_status":"closed","sticky":false,"template":"","format":"standard","meta":{"wpupg_custom_link":[],"wpupg_custom_link_behaviour":["default"],"wpupg_custom_link_nofollow":["default"],"wpupg_custom_image":[],"wpupg_custom_image_id":[],"footnotes":""},"categories":[475],"tags":[],"class_list":["post-6815","post","type-post","status-publish","format-standard","has-post-thumbnail","category-news"],"_links":{"self":[{"href":"https:\/\/modenafuturacreativa.it\/de\/wp-json\/wp\/v2\/posts\/6815","targetHints":{"allow":["GET"]}}],"collection":[{"href":"https:\/\/modenafuturacreativa.it\/de\/wp-json\/wp\/v2\/posts"}],"about":[{"href":"https:\/\/modenafuturacreativa.it\/de\/wp-json\/wp\/v2\/types\/post"}],"author":[{"embeddable":true,"href":"https:\/\/modenafuturacreativa.it\/de\/wp-json\/wp\/v2\/users\/1"}],"replies":[{"embeddable":true,"href":"https:\/\/modenafuturacreativa.it\/de\/wp-json\/wp\/v2\/comments?post=6815"}],"version-history":[{"count":1,"href":"https:\/\/modenafuturacreativa.it\/de\/wp-json\/wp\/v2\/posts\/6815\/revisions"}],"predecessor-version":[{"id":6854,"href":"https:\/\/modenafuturacreativa.it\/de\/wp-json\/wp\/v2\/posts\/6815\/revisions\/6854"}],"wp:featuredmedia":[{"embeddable":true,"href":"https:\/\/modenafuturacreativa.it\/de\/wp-json\/wp\/v2\/media\/6853"}],"wp:attachment":[{"href":"https:\/\/modenafuturacreativa.it\/de\/wp-json\/wp\/v2\/media?parent=6815"}],"wp:term":[{"taxonomy":"category","embeddable":true,"href":"https:\/\/modenafuturacreativa.it\/de\/wp-json\/wp\/v2\/categories?post=6815"},{"taxonomy":"post_tag","embeddable":true,"href":"https:\/\/modenafuturacreativa.it\/de\/wp-json\/wp\/v2\/tags?post=6815"}],"curies":[{"name":"wp","href":"https:\/\/api.w.org\/{rel}","templated":true}]}}