{"id":6687,"date":"2026-02-18T11:40:12","date_gmt":"2026-02-18T10:40:12","guid":{"rendered":"https:\/\/modenafuturacreativa.it\/?p=6687"},"modified":"2026-02-18T11:40:12","modified_gmt":"2026-02-18T10:40:12","slug":"al-laboratorio-aperto-startup-digitali-e-imprese-a-confronto","status":"publish","type":"post","link":"https:\/\/modenafuturacreativa.it\/de\/al-laboratorio-aperto-startup-digitali-e-imprese-a-confronto\/","title":{"rendered":"Im Open Lab diskutieren digitale Start-ups und Unternehmen"},"content":{"rendered":"<div id=\"fws_6a9b770099507\"  data-column-margin=\"default\" data-midnight=\"dark\"  class=\"wpb_row vc_row-fluid vc_row\"  style=\"padding-top: 0px; padding-bottom: 0px; \"><div class=\"row-bg-wrap\" data-bg-animation=\"none\" data-bg-animation-delay=\"\" data-bg-overlay=\"false\"><div class=\"inner-wrap row-bg-layer\" ><div class=\"row-bg viewport-desktop\"  style=\"\"><\/div><\/div><\/div><div class=\"row_col_wrap_12 col span_12 dark left\">\n\t<div  class=\"vc_col-sm-12 wpb_column column_container vc_column_container col no-extra-padding inherit_tablet inherit_phone\"  data-padding-pos=\"all\" data-has-bg-color=\"false\" data-bg-color=\"\" data-bg-opacity=\"1\" data-animation=\"\" data-delay=\"0\" >\n\t\t<div class=\"vc_column-inner\" >\n\t\t\t<div class=\"wpb_wrapper\">\n\t\t\t\t\n<div class=\"wpb_text_column wpb_content_element\" >\n\t<p><strong>Am Samstag, den 28. Februar, findet ein Tag statt, der den lokalen Realit\u00e4ten zwischen Innovation und Zusammenarbeit gewidmet ist. Offene Anmeldung f\u00fcr unabh\u00e4ngige Entwickler, Teams und Unternehmen<\/strong><\/p>\n<p>Digitale Mikro-Start-ups und kleine und mittlere Unternehmen treffen an einem Tag aufeinander, der der Innovation und Zusammenarbeit gewidmet ist. Am Samstag, den 28. Februar, veranstaltet das Laboratorio Aperto in Modena den \"Indie SaaS Day Modena 2026\", eine Veranstaltung, die darauf abzielt, Unternehmergruppen und Unternehmen aus der Region zusammenzubringen, um das Wachstum, die Entwicklung von technologischen L\u00f6sungen mit hohem Potenzial und neue M\u00f6glichkeiten f\u00fcr qualifizierte Netzwerke zu f\u00f6rdern.<\/p>\n<p>Der Tag findet im Laboratorio Aperto in Modena, Viale Buon Pastore 43, statt und bietet intensive Schulungen und Business Matching. Die Veranstaltung richtet sich an unabh\u00e4ngige Entwickler und Teams - sowohl mit bereits entwickelter Software als auch in der Ideenphase - sowie an Unternehmen, die sich \u00fcber innovative digitale Projekte informieren m\u00f6chten. Die Anmeldung ist online auf der Plattform Eventbrite m\u00f6glich.<\/p>\n<p>Der Vormittag von 9 bis 13 Uhr ist der Schulung von Gr\u00fcndern und Entwicklern von selbstfinanzierten (bootstrapped) SaaS-Microstartups gewidmet. In drei Vortr\u00e4gen werden konkrete Werkzeuge zur Verbesserung der Positionierung von Projekten und zur Vorbereitung auf den Markt vorgestellt. Davide Muzzarelli, Experte f\u00fcr Webentwicklung und digitales Marketing, wird den \"Indie\"-Ansatz und die besten Praktiken f\u00fcr selbstfinanzierte Mikro-Startups vorstellen; Riccardo Carlesso, Developer Advocate von Google Cloud, wird die Google-Methode f\u00fcr die Gr\u00fcndung und das Wachstum eines Startups und die Rolle der Unternehmenskultur bei der Teamentwicklung erl\u00e4utern.<\/p>\n<p>Am Nachmittag, nach einer Mittagspause und einer Stunde autonomer Arbeit zur Verfeinerung der Pr\u00e4sentationen, werden die Teilnehmer ihre Pitches vor dem Publikum und den anwesenden Unternehmen pr\u00e4sentieren. Danach folgt das Business Matching: ein Moment der direkten Konfrontation, der nicht der Rekrutierung oder Investition dient, sondern der Anregung von Kooperationen, Experimenten und m\u00f6glichen ersten Kunden.<\/p>\n<p>Die beteiligten Projekte decken verschiedene Bereiche der digitalen Transformation ab: von der Vereinfachung der Gesch\u00e4ftsprozesse bis zur Valorisierung von Daten, von der Digitalisierung der Dienstleistungen bis zur Schaffung neuer Werkzeuge f\u00fcr Fachleute und Organisationen. Die Initiative ist Teil der Aktivit\u00e4ten des Projekts Atuss, der st\u00e4dtischen Transformationsagenda f\u00fcr nachhaltige Entwicklung der Stadt Modena, zu deren allgemeinen Zielen die Unterst\u00fctzung des digitalen Wandels geh\u00f6rt, um zur Schaffung digitaler Gemeinschaften auf lokaler Ebene beizutragen, die Kompetenzen von B\u00fcrgern und Unternehmen zu erh\u00f6hen und deren Entwicklung und Expansion zu f\u00f6rdern.<\/p>\n<p>Weitere Informationen finden Sie unter <a href=\"http:\/\/indiesaashub.com\" target=\"_blank\" rel=\"noopener\">indiesaashub.com<\/a> e <a href=\"http:\/\/laboratorioapertomodena.it\" target=\"_blank\" rel=\"noopener\">laboratorioapertomodena.it<\/a>.<\/p>\n<\/div>\n\n\n\n\n\t<div class=\"wpb_gallery wpb_content_element clearfix\">\n\t\t<div class=\"wpb_wrapper\"><div class=\"wpb_gallery_slidesflickity_style\" data-onclick=\"link_image\" data-interval=\"5\"><div class=\"nectar-flickity not-initialized\" role=\"region\" aria-roledescription=\"carousel\" aria-label=\"Bildergalerie\"  data-touch-icon-color=\"default\" data-stagger=\"\" data-drag-scale=\"\" data-overflow=\"hidden\" data-wrap=\"wrap\" data-spacing=\"default\" data-shadow=\"large_depth\" data-autoplay=\"true\" data-autoplay-dur=\"\" data-free-scroll=\"\" data-controls=\"material_pagination\" data-desktop-columns=\"1\" data-small-desktop-columns=\"1\" data-tablet-columns=\"1\" data-phone-columns=\"1\"><div class=\"flickity-viewport\"> <div class=\"flickity-slider\"><div class=\"cell\" data-lazy=\"false\"><img decoding=\"async\" class=\"skip-lazy nectar-lazy\" src=\"https:\/\/modenafuturacreativa.it\/wp-content\/uploads\/2026\/02\/indie-saas-day-modena-600x450.jpg\" width=\"600\" height=\"450\" alt=\"indie-saas-day-modena\" title=\"indie-saas-day-modena\" loading=\"lazy\" \/><a class=\"entire-slide-link\" aria-label=\"indie-saas-day-modena\"  href=\"https:\/\/modenafuturacreativa.it\/wp-content\/uploads\/2026\/02\/indie-saas-day-modena.jpg\"><\/a><\/div><\/div><\/div><\/div><\/div>\n\t\t<\/div> \n\t<\/div> \n\t\t\t<\/div> \n\t\t<\/div>\n\t<\/div> \n<\/div><\/div>","protected":false},"excerpt":{"rendered":"Sabato 28 febbraio una giornata dedicata alle realt\u00e0 del territorio tra innovazione e collaborazione. Iscrizioni aperte per sviluppatori indipendenti, team e aziende Micro-startup digitali e piccole e medie imprese a...","protected":false},"author":1,"featured_media":6757,"comment_status":"closed","ping_status":"closed","sticky":false,"template":"","format":"standard","meta":{"wpupg_custom_link":[],"wpupg_custom_link_behaviour":["default"],"wpupg_custom_link_nofollow":["default"],"wpupg_custom_image":[],"wpupg_custom_image_id":[],"footnotes":""},"categories":[475],"tags":[],"class_list":["post-6687","post","type-post","status-publish","format-standard","has-post-thumbnail","category-news"],"_links":{"self":[{"href":"https:\/\/modenafuturacreativa.it\/de\/wp-json\/wp\/v2\/posts\/6687","targetHints":{"allow":["GET"]}}],"collection":[{"href":"https:\/\/modenafuturacreativa.it\/de\/wp-json\/wp\/v2\/posts"}],"about":[{"href":"https:\/\/modenafuturacreativa.it\/de\/wp-json\/wp\/v2\/types\/post"}],"author":[{"embeddable":true,"href":"https:\/\/modenafuturacreativa.it\/de\/wp-json\/wp\/v2\/users\/1"}],"replies":[{"embeddable":true,"href":"https:\/\/modenafuturacreativa.it\/de\/wp-json\/wp\/v2\/comments?post=6687"}],"version-history":[{"count":1,"href":"https:\/\/modenafuturacreativa.it\/de\/wp-json\/wp\/v2\/posts\/6687\/revisions"}],"predecessor-version":[{"id":6758,"href":"https:\/\/modenafuturacreativa.it\/de\/wp-json\/wp\/v2\/posts\/6687\/revisions\/6758"}],"wp:featuredmedia":[{"embeddable":true,"href":"https:\/\/modenafuturacreativa.it\/de\/wp-json\/wp\/v2\/media\/6757"}],"wp:attachment":[{"href":"https:\/\/modenafuturacreativa.it\/de\/wp-json\/wp\/v2\/media?parent=6687"}],"wp:term":[{"taxonomy":"category","embeddable":true,"href":"https:\/\/modenafuturacreativa.it\/de\/wp-json\/wp\/v2\/categories?post=6687"},{"taxonomy":"post_tag","embeddable":true,"href":"https:\/\/modenafuturacreativa.it\/de\/wp-json\/wp\/v2\/tags?post=6687"}],"curies":[{"name":"wp","href":"https:\/\/api.w.org\/{rel}","templated":true}]}}