{"id":6616,"date":"2026-02-18T11:35:26","date_gmt":"2026-02-18T10:35:26","guid":{"rendered":"https:\/\/modenafuturacreativa.it\/?p=6616"},"modified":"2026-02-18T11:35:26","modified_gmt":"2026-02-18T10:35:26","slug":"alberi-festival-lab","status":"publish","type":"post","link":"https:\/\/modenafuturacreativa.it\/de\/alberi-festival-lab\/","title":{"rendered":"Alberi Festival Lab, vom 17. bis 19. April Modena ist wieder einmal die Stadt der B\u00e4ume"},"content":{"rendered":"<div id=\"fws_6a9b7700d5eff\"  data-column-margin=\"default\" data-midnight=\"dark\"  class=\"wpb_row vc_row-fluid vc_row\"  style=\"padding-top: 0px; padding-bottom: 0px; \"><div class=\"row-bg-wrap\" data-bg-animation=\"none\" data-bg-animation-delay=\"\" data-bg-overlay=\"false\"><div class=\"inner-wrap row-bg-layer\" ><div class=\"row-bg viewport-desktop\"  style=\"\"><\/div><\/div><\/div><div class=\"row_col_wrap_12 col span_12 dark left\">\n\t<div  class=\"vc_col-sm-12 wpb_column column_container vc_column_container col no-extra-padding inherit_tablet inherit_phone\"  data-padding-pos=\"all\" data-has-bg-color=\"false\" data-bg-color=\"\" data-bg-opacity=\"1\" data-animation=\"\" data-delay=\"0\" >\n\t\t<div class=\"vc_column-inner\" >\n\t\t\t<div class=\"wpb_wrapper\">\n\t\t\t\t\n<div class=\"wpb_text_column wpb_content_element\" >\n\t<p><strong>Drei Tage lang wird das Kunsthandwerkerdorf zu einer offenen Baustelle mit Diskussionen, Workshops, Ausstellungen und Installationen<\/strong><\/p>\n<p>Nach der erfolgreichen ersten Ausgabe im vergangenen Jahr kehrt das Alberi Festival von Freitag, 17. bis Sonntag, 19. April nach Modena zur\u00fcck und verwandelt das Villaggio Artigiano Modena Ovest (Handwerkerdorf Modena West) erneut in eine gro\u00dfe offene Baustelle: ein Raum f\u00fcr Forschung und Experimente, der die Ausgabe 2027 des Alberi Festivals vorwegnimmt und eine einfache und radikale Frage aufwirft: Was passiert, wenn wir beginnen, die Stadt von B\u00e4umen aus zu gestalten?<\/p>\n<p>Das Festival entstand aus einer starken Intuition heraus, die von der Kulturabteilung der Stadt Modena zusammen mit der Fondazione Archivio Leonardi gepflegt wurde: B\u00e4ume sind keine M\u00f6bel, sie sind keine R\u00e4nder, sie sind keine \u00e4sthetischen Erg\u00e4nzungen. Sie sind ein Modell und ein Werkzeug, um den st\u00e4dtischen Raum neu zu denken. Die Inspiration geht auf die ber\u00fchmten Zeichnungen von Cesare Leonardi und Franca Stagi zur\u00fcck, die im Haus-Atelier an der Ecke Viale Emilio Po und Via Nicol\u00f2 Biondo aufbewahrt werden. Sie sind das Ergebnis einer bahnbrechenden Forschung, die in dem Band \"L'Architettura degli Alberi\" von 1982 gipfelte, der immer noch eine internationale Referenz f\u00fcr gr\u00fcnes Design ist. In diesem Werk wird eine Umkehrung der Perspektive vorgenommen: B\u00e4ume werden nicht in die Stadt eingef\u00fcgt, sondern die Stadt wird ausgehend von den B\u00e4umen konzipiert.<\/p>\n<p>Das Programm des Alberi Festival Lab wurde heute Vormittag im Atelier des Hauses Leonardi von den Stadtr\u00e4ten f\u00fcr Kultur, Stadtplanung und Parks der Stadt Modena, Andrea Bortolamasi und Carla Ferrari, von Andrea Cavani f\u00fcr die Stiftung Leonardi Archive, der die Kuratoren des Festivals vertrat, und von Beppe Cottafavi, Redaktionsleiter von Il Dondolo und Initiator des literarischen Workshops \"Writing Nature\", vorgestellt.<\/p>\n<p>Das R\u00fcckgrat des Programms bilden die vier Diskussionsrunden, die am 18. und 19. April stattfinden und an denen Wissenschaftler, Designer, K\u00fcnstler, Verwaltungsangestellte, Interessenvertreter und B\u00fcrger in einer offenen Diskussion teilnehmen. Das Thema \"Wissen, wie man B\u00e4ume sieht\" konzentriert sich auf das Wissen als Voraussetzung f\u00fcr eine fruchtbare Koexistenz zwischen Mensch und Natur. Pflanzenpathologen, Agronomen, Baumpfleger und Pal\u00e4obotaniker reflektieren dar\u00fcber, wie eine sorgf\u00e4ltige und bewusste Beobachtung des Pflanzenlebens eine neue Vision des st\u00e4dtischen Raums hervorbringen kann. Zu Gast sind unter anderem Giovanni Morelli, Francesco Ferrini und Giovanna Bosi. \"Die Metamorphose der B\u00e4ume\" erforscht das Thema des Prozesses, der kontinuierlichen Ver\u00e4nderung, die das pflanzliche Leben kennzeichnet, und wird zur Inspiration f\u00fcr k\u00fcnstlerische Praktiken und visuelle Experimente, in einem Dialog zwischen kreativen Disziplinen und wissenschaftlicher Forschung. Die teilnehmenden K\u00fcnstler sind Giacomo Cossio, Chiara Lecca, Luca Boffi, Francesco Bocchini und Guido Scarabottolo. \"The City of Trees\" befasst sich mit dem Thema der Partizipation und zeigt, wie der Bau und die Pflege des \u00f6ffentlichen Raums zu einer Gelegenheit f\u00fcr Gemeinschaft und Mitverantwortung werden kann. Sabina Lenoci, Carla Tedesco und Giulio Focardi er\u00f6rtern dies und stellen konkrete Erfahrungen mit Parks vor, die auf partizipative Weise angelegt und verwaltet wurden. \"Progettare con gli alberi\" befasst sich schlie\u00dflich mit der konstruktiven Dimension, indem B\u00e4ume als echte lebendige Infrastrukturen betrachtet werden, die in der Lage sind, st\u00e4dtische Qualit\u00e4t und Nachhaltigkeit zu erzeugen, mit Beitr\u00e4gen u.a. von Annalisa Metta, Carlo Masera und Cesare Mazzocchi.<\/p>\n<p>Neben den Tischen entwickelt sich ein diffuses System von Ausstellungen, Installationen und Workshops. Dreh- und Angelpunkt ist die Officina Botanica, ein experimentelles Projekt zur gr\u00fcnen Regeneration, das in einer ehemaligen Industriehalle des Dorfes eingerichtet wurde und direkt mit dem Haus-Atelier Leonardi verbunden ist. Hier gehen Natur und Architektur eine konkrete Beziehung ein und geben einem Raum Gestalt, der zwischen Pflanzen und B\u00e4umen Kunstwerke, Fotografien, Karten, Zeichnungen und Archivmaterial beherbergt. Zu den beteiligten K\u00fcnstlern geh\u00f6ren Marina Caneve, Giacomo Cossio, Giulio Costa, Francesco Fantoni, Alessandro Lupi, Marino Neri, Beatrice Pucci, Guido Scarabottolo und Francesca Zoboli.<\/p>\n<p>Zu den speziell f\u00fcr das Festival produzierten Ausstellungen geh\u00f6ren \"Sie k\u00f6nnten Riesen (in der Stadt) sein\", die monumentalen B\u00e4umen gewidmet ist, die Ausstellung historischer Fotografien von Modeneser Parks aus dem Stadtarchiv, die aus einem \u00f6ffentlichen Aufruf entstandene Videoinstallation \"Ein Spaziergang zwischen den B\u00e4umen\", \"B\u00e4ume zeichnen\" mit Arbeiten von Schulen, die architektonische Installation \"Der z\u00fcgellose Baron\" und die Klanginstallation \"Wir, B\u00e4ume\".<\/p>\n<p>Die Beteiligung der \u00d6ffentlichkeit ist ein wesentlicher Bestandteil des Projekts. Zwei offene Aufrufe laden die Menschen dazu ein, aktiv mitzuwirken: \"Ein Spaziergang zwischen den B\u00e4umen\", bei dem jeder bis zum 21. M\u00e4rz kurze Videos von Spazierg\u00e4ngen in Parks und Gr\u00fcnanlagen in Modena oder anderen St\u00e4dten einsenden kann, die w\u00e4hrend des Festivals zu einer immersiven Installation werden, w\u00e4hrend \"Bring deine Pflanze zum Alberi Festival\" die B\u00fcrgerinnen und B\u00fcrger in die kollektive Einrichtung der Officina Botanica einbezieht und sie auffordert, eine Topfpflanze mitzubringen.<\/p>\n<p>Das Festival ist auch physisch im Handwerkerdorf verwurzelt, indem neue B\u00e4ume entlang der Stra\u00dfen gepflanzt werden, um das 2025 begonnene Experiment zu konsolidieren und die Zw\u00e4nge und kritischen Aspekte einer Stadt, die sowohl menschen- als auch baumfreundlich sein will, konkret zu verifizieren.<\/p>\n<p>Am Samstag, den 18. April, bleiben die Pavillons bis Mitternacht ge\u00f6ffnet und ein botanisches Abendessen an einem besonderen Ort erweitert das Erlebnis um eine gesellige Dimension.<\/p>\n<p>Ebenfalls wieder dabei ist die beliebte Baumbuchhandlung\/Bibliothek, die in Zusammenarbeit mit den Stadtbibliotheken, dem Verlag LazyDog und Feltrinelli eingerichtet wurde und in diesem Jahr mit einem gelben Holzaufbau aufwartet, in dem man in einem reichhaltigen Angebot an B\u00fcchern \u00fcber B\u00e4ume und Natur schm\u00f6kern kann.<\/p>\n<p>Das Alberi Festival Lab wird von der Stadt Modena und der Leonardi-Stiftung mit Unterst\u00fctzung der Region Emilia-Romagna, der Handelskammer von Modena und dem Studio Bunker f\u00fcr visuelle Identit\u00e4t, Grafik und Web realisiert. Partner des Projekts sind die Kulturinstitute der Stadt, Amigdala, die Universit\u00e4t von Modena und Reggio Emilia, die AGO-Stiftung, die Gemeinde Pavullo, die Gemeinde Vignola und die Gemeinde Nonantola.<\/p>\n<p>Alle Informationen \u00fcber das Festival, Programmaktualisierungen, Workshops, G\u00e4ste und offene Ausschreibungen finden Sie auf der Website <a href=\"https:\/\/www.alberifestival.it\/\" target=\"_blank\" rel=\"noopener\">www.alberifestival.it<\/a><\/p>\n<\/div>\n\n\n\n\n\t<div class=\"wpb_gallery wpb_content_element clearfix\">\n\t\t<div class=\"wpb_wrapper\"><div class=\"wpb_gallery_slidesflickity_style\" data-onclick=\"link_image\" data-interval=\"5\"><div class=\"nectar-flickity not-initialized\" role=\"region\" aria-roledescription=\"carousel\" aria-label=\"Bildergalerie\"  data-touch-icon-color=\"default\" data-stagger=\"\" data-drag-scale=\"\" data-overflow=\"hidden\" data-wrap=\"wrap\" data-spacing=\"default\" data-shadow=\"large_depth\" data-autoplay=\"true\" data-autoplay-dur=\"\" data-free-scroll=\"\" data-controls=\"material_pagination\" data-desktop-columns=\"1\" data-small-desktop-columns=\"1\" data-tablet-columns=\"1\" data-phone-columns=\"1\"><div class=\"flickity-viewport\"> <div class=\"flickity-slider\"><div class=\"cell\" data-lazy=\"false\"><img decoding=\"async\" class=\"skip-lazy nectar-lazy\" src=\"https:\/\/modenafuturacreativa.it\/wp-content\/uploads\/2026\/02\/1-1-600x450.jpg\" width=\"600\" height=\"450\" alt=\"1\" title=\"1\" loading=\"lazy\" \/><a class=\"entire-slide-link\" aria-label=\"1\"  href=\"https:\/\/modenafuturacreativa.it\/wp-content\/uploads\/2026\/02\/1-1.jpg\"><\/a><\/div><div class=\"cell\" data-lazy=\"false\"><img decoding=\"async\" class=\"skip-lazy nectar-lazy\" src=\"https:\/\/modenafuturacreativa.it\/wp-content\/uploads\/2026\/02\/2-1-600x450.jpg\" width=\"600\" height=\"450\" alt=\"2\" title=\"2\" loading=\"lazy\" \/><a class=\"entire-slide-link\" aria-label=\"2\"  href=\"https:\/\/modenafuturacreativa.it\/wp-content\/uploads\/2026\/02\/2-1.jpg\"><\/a><\/div><div class=\"cell\" data-lazy=\"false\"><img decoding=\"async\" class=\"skip-lazy nectar-lazy\" src=\"https:\/\/modenafuturacreativa.it\/wp-content\/uploads\/2026\/02\/3-1-600x450.jpg\" width=\"600\" height=\"450\" alt=\"3\" title=\"3\" loading=\"lazy\" \/><a class=\"entire-slide-link\" aria-label=\"3\"  href=\"https:\/\/modenafuturacreativa.it\/wp-content\/uploads\/2026\/02\/3-1.jpg\"><\/a><\/div><div class=\"cell\" data-lazy=\"false\"><img decoding=\"async\" class=\"skip-lazy nectar-lazy\" src=\"https:\/\/modenafuturacreativa.it\/wp-content\/uploads\/2026\/02\/4-600x450.jpg\" width=\"600\" height=\"450\" alt=\"4\" title=\"4\" loading=\"lazy\" \/><a class=\"entire-slide-link\" aria-label=\"4\"  href=\"https:\/\/modenafuturacreativa.it\/wp-content\/uploads\/2026\/02\/4.jpg\"><\/a><\/div><\/div><\/div><\/div><\/div>\n\t\t<\/div> \n\t<\/div> \n\t\t\t<\/div> \n\t\t<\/div>\n\t<\/div> \n<\/div><\/div>","protected":false},"excerpt":{"rendered":"Per tre giornate il Villaggio Artigiano diventa un cantiere aperto tra dibattiti, laboratori, mostre e installazioni Da venerd\u00ec 17 a domenica 19 aprile, dopo la riuscita prima edizione dello scorso...","protected":false},"author":1,"featured_media":6682,"comment_status":"closed","ping_status":"closed","sticky":false,"template":"","format":"standard","meta":{"wpupg_custom_link":[],"wpupg_custom_link_behaviour":["default"],"wpupg_custom_link_nofollow":["default"],"wpupg_custom_image":[],"wpupg_custom_image_id":[],"footnotes":""},"categories":[475],"tags":[],"class_list":["post-6616","post","type-post","status-publish","format-standard","has-post-thumbnail","category-news"],"_links":{"self":[{"href":"https:\/\/modenafuturacreativa.it\/de\/wp-json\/wp\/v2\/posts\/6616","targetHints":{"allow":["GET"]}}],"collection":[{"href":"https:\/\/modenafuturacreativa.it\/de\/wp-json\/wp\/v2\/posts"}],"about":[{"href":"https:\/\/modenafuturacreativa.it\/de\/wp-json\/wp\/v2\/types\/post"}],"author":[{"embeddable":true,"href":"https:\/\/modenafuturacreativa.it\/de\/wp-json\/wp\/v2\/users\/1"}],"replies":[{"embeddable":true,"href":"https:\/\/modenafuturacreativa.it\/de\/wp-json\/wp\/v2\/comments?post=6616"}],"version-history":[{"count":1,"href":"https:\/\/modenafuturacreativa.it\/de\/wp-json\/wp\/v2\/posts\/6616\/revisions"}],"predecessor-version":[{"id":6686,"href":"https:\/\/modenafuturacreativa.it\/de\/wp-json\/wp\/v2\/posts\/6616\/revisions\/6686"}],"wp:featuredmedia":[{"embeddable":true,"href":"https:\/\/modenafuturacreativa.it\/de\/wp-json\/wp\/v2\/media\/6682"}],"wp:attachment":[{"href":"https:\/\/modenafuturacreativa.it\/de\/wp-json\/wp\/v2\/media?parent=6616"}],"wp:term":[{"taxonomy":"category","embeddable":true,"href":"https:\/\/modenafuturacreativa.it\/de\/wp-json\/wp\/v2\/categories?post=6616"},{"taxonomy":"post_tag","embeddable":true,"href":"https:\/\/modenafuturacreativa.it\/de\/wp-json\/wp\/v2\/tags?post=6616"}],"curies":[{"name":"wp","href":"https:\/\/api.w.org\/{rel}","templated":true}]}}