{"id":6231,"date":"2025-12-15T12:08:58","date_gmt":"2025-12-15T11:08:58","guid":{"rendered":"https:\/\/modenafuturacreativa.it\/?p=6231"},"modified":"2025-12-15T12:08:58","modified_gmt":"2025-12-15T11:08:58","slug":"un-solo-biglietto-per-scoprire-lanima-culturale-di-modena","status":"publish","type":"post","link":"https:\/\/modenafuturacreativa.it\/de\/un-solo-biglietto-per-scoprire-lanima-culturale-di-modena\/","title":{"rendered":"Eine einzige Eintrittskarte zur Entdeckung der kulturellen Seele von Modena"},"content":{"rendered":"<div id=\"fws_6a9b7694396db\"  data-column-margin=\"default\" data-midnight=\"dark\"  class=\"wpb_row vc_row-fluid vc_row\"  style=\"padding-top: 0px; padding-bottom: 0px; \"><div class=\"row-bg-wrap\" data-bg-animation=\"none\" data-bg-animation-delay=\"\" data-bg-overlay=\"false\"><div class=\"inner-wrap row-bg-layer\" ><div class=\"row-bg viewport-desktop\"  style=\"\"><\/div><\/div><\/div><div class=\"row_col_wrap_12 col span_12 dark left\">\n\t<div  class=\"vc_col-sm-12 wpb_column column_container vc_column_container col no-extra-padding inherit_tablet inherit_phone\"  data-padding-pos=\"all\" data-has-bg-color=\"false\" data-bg-color=\"\" data-bg-opacity=\"1\" data-animation=\"\" data-delay=\"0\" >\n\t\t<div class=\"vc_column-inner\" >\n\t\t\t<div class=\"wpb_wrapper\">\n\t\t\t\t\n<div class=\"wpb_text_column wpb_content_element\" >\n\t<p><strong>Museo Civico, Galleria Estense, Gipsoteca Graziosi und Avia Pervia gemeinsam in einem Projekt, das die Identit\u00e4t des Palazzo dei Musei st\u00e4rkt und den Zugang vereinfacht<\/strong><\/p>\n<p>Mit der Einf\u00fchrung des integrierten Tickets, das den gemeinsamen Besuch des Stadtmuseums und der Galleria Estense erm\u00f6glicht, nimmt eine innovative Art und Weise, Modena durch seine Museen zu erz\u00e4hlen, Gestalt an. Dieser Schritt geht \u00fcber die einfache Erleichterung des Zugangs hinaus und stellt eine kulturelle Investition dar: eine konkrete Geste der Zusammenarbeit zwischen verschiedenen Institutionen, der Stadt und dem Staat, die sich dazu entschlossen haben, Sprachen, Visionen und Verantwortlichkeiten rund um ein gemeinsames Erbe zu teilen. Seite an Seite zu arbeiten, verwaltungstechnische Hindernisse und institutionelle Grenzen zu \u00fcberwinden, bedeutet, den B\u00fcrgern und Besuchern einen Palazzo dei Musei zur\u00fcckzugeben, der immer mehr als wertvoller, lebendiger und geschichtstr\u00e4chtiger Ort erkannt wird, an dem die Geschichte Modenas seit dem Ende des neunzehnten Jahrhunderts ein Zuhause gefunden hat.<\/p>\n<p>Das heute Morgen von B\u00fcrgermeister Massimo Mezzetti, Kulturstadtrat Andrea Bortolamasi, der Direktorin der Estense-Galerien Alessandra Necci und der Direktorin des Stadtmuseums Valentina Galloni vorgestellte integrierte Ticket ist Teil eines umfassenderen Prozesses zur Neudefinition der Identit\u00e4t des Palazzo dei Musei, eines Komplexes, der neben dem Stadtmuseum und der Estense-Galerie auch die Estense-Universit\u00e4tsbibliothek, die Poletti-Kunstbibliothek und das Historische Stadtarchiv beherbergt. All diese Einrichtungen, die durch die Idee der Kultur als Dienstleistung, Forschung, Bewahrung und gemeinsame Nutzung vereint werden, sind derzeit in ein umfassendes Sanierungsprojekt eingebunden, das die Erweiterung der R\u00e4ume und die Erneuerung der Nutzungsmethoden erm\u00f6glicht. Die Einf\u00fchrung des Einheitstickets ist somit ein erster Schritt auf dem Weg zu einem echten Modeneser Museumssystem, das in Zukunft auch den Ago-Komplex, das ehemalige Krankenhaus Sant'Agostino, das sich noch im Umbau befindet, einbeziehen wird.<\/p>\n<p>Die Kommunikationskampagne, die das neue Ticket begleitet, unterstreicht genau diesen Dialog zwischen den Institutionen: ein visueller, konzeptioneller und narrativer Dialog, der unterschiedliche, aber sich erg\u00e4nzende Erbe miteinander verbindet und dem Besucher eine kontinuierliche Reise durch Kunst, Geschichte, Arch\u00e4ologie, Handwerk und Stadtidentit\u00e4t suggeriert. Zum Start der Initiative wurde auch ein Kit f\u00fcr Familien entworfen, eine konkrete Einladung, Museen als Orte des gemeinsamen Erlebens zu entdecken, wo jede Sammlung die n\u00e4chste in einem Spiel von Querverweisen und Entdeckungen bereichern kann.<\/p>\n<p>Die integrierte Eintrittskarte erm\u00f6glicht den Eintritt in die Galleria Estense, das Museo Civico mit der Gipsoteca Graziosi und den immersiven Raum Avia Pervia f\u00fcr einen Zeitraum von 365 Tagen. Der Preis betr\u00e4gt 10 Euro f\u00fcr die Vollkarte und 5 Euro f\u00fcr die erm\u00e4\u00dfigte Karte, die Besuchern zwischen 18 und 25 Jahren und anderen bestimmten Kategorien vorbehalten ist; bis zum Alter von 18 Jahren ist sie kostenlos. Sie kann an den Kassen der Galleria Estense und des Stadtmuseums oder online auf der Plattform Midaticket erworben werden.<\/p>\n<p>Die 1854 von Franz V. von \u00d6sterreich-Este gegr\u00fcndete Galleria Estense beherbergt die au\u00dfergew\u00f6hnliche Sammlung der Herz\u00f6ge von Este: Gem\u00e4lde vom 14. bis zum 18. Jahrhundert, Skulpturen, Kunstgewerbe, Bronzen, Majolika, Medaillen und Musikinstrumente sowie eine wertvolle Sammlung von Antiquit\u00e4ten aus den wichtigsten Kulturen der antiken Welt. Ein k\u00fcnstlerisches und historisches Kompendium, das die kulturelle Identit\u00e4t der Stadt bis heute pr\u00e4gt.<\/p>\n<p>Das 1871 gegr\u00fcndete Museo Civico di Modena hingegen bietet dank seiner Sammlungen, die Arch\u00e4ologie, Ethnologie und angewandte Kunst miteinander verkn\u00fcpfen, einen Rundgang durch die Geschichte der Stadt und ihrer Gebiete von der Vorgeschichte bis zur Gegenwart. Das Museum umfasst die Giuseppe Graziosi Gips-Sammlung, das r\u00f6mische Lapidarium und den immersiven Avia Pervia-Saal, der digitale Technologien und historische Erz\u00e4hlungen integriert, um die Geschichte von Modena auf neue und eindringliche Weise zu erz\u00e4hlen.<\/p>\n<\/div>\n\n\n\n\n\t<div class=\"wpb_gallery wpb_content_element clearfix\">\n\t\t<div class=\"wpb_wrapper\"><div class=\"wpb_gallery_slidesflickity_style\" data-onclick=\"link_image\" data-interval=\"5\"><div class=\"nectar-flickity not-initialized\" role=\"region\" aria-roledescription=\"carousel\" aria-label=\"Bildergalerie\"  data-touch-icon-color=\"default\" data-stagger=\"\" data-drag-scale=\"\" data-overflow=\"hidden\" data-wrap=\"wrap\" data-spacing=\"default\" data-shadow=\"large_depth\" data-autoplay=\"true\" data-autoplay-dur=\"\" data-free-scroll=\"\" data-controls=\"material_pagination\" data-desktop-columns=\"1\" data-small-desktop-columns=\"1\" data-tablet-columns=\"1\" data-phone-columns=\"1\"><div class=\"flickity-viewport\"> <div class=\"flickity-slider\"><div class=\"cell\" data-lazy=\"false\"><img decoding=\"async\" class=\"skip-lazy nectar-lazy\" src=\"https:\/\/modenafuturacreativa.it\/wp-content\/uploads\/2025\/12\/1-3-600x450.jpg\" width=\"600\" height=\"450\" alt=\"1\" title=\"1\" loading=\"lazy\" \/><a class=\"entire-slide-link\" aria-label=\"1\"  href=\"https:\/\/modenafuturacreativa.it\/wp-content\/uploads\/2025\/12\/1-3.jpg\"><\/a><\/div><div class=\"cell\" data-lazy=\"false\"><img decoding=\"async\" class=\"skip-lazy nectar-lazy\" src=\"https:\/\/modenafuturacreativa.it\/wp-content\/uploads\/2025\/12\/4-2-scaled-600x450.jpg\" width=\"600\" height=\"450\" alt=\"4\" title=\"4\" loading=\"lazy\" \/><a class=\"entire-slide-link\" aria-label=\"4\"  href=\"https:\/\/modenafuturacreativa.it\/wp-content\/uploads\/2025\/12\/4-2-scaled.jpg\"><\/a><\/div><div class=\"cell\" data-lazy=\"false\"><img decoding=\"async\" class=\"skip-lazy nectar-lazy\" src=\"https:\/\/modenafuturacreativa.it\/wp-content\/uploads\/2025\/12\/3-2-600x450.jpg\" width=\"600\" height=\"450\" alt=\"3\" title=\"3\" loading=\"lazy\" \/><a class=\"entire-slide-link\" aria-label=\"3\"  href=\"https:\/\/modenafuturacreativa.it\/wp-content\/uploads\/2025\/12\/3-2.jpg\"><\/a><\/div><div class=\"cell\" data-lazy=\"false\"><img decoding=\"async\" class=\"skip-lazy nectar-lazy\" src=\"https:\/\/modenafuturacreativa.it\/wp-content\/uploads\/2025\/12\/2-2-scaled-600x450.jpg\" width=\"600\" height=\"450\" alt=\"2\" title=\"2\" loading=\"lazy\" \/><a class=\"entire-slide-link\" aria-label=\"2\"  href=\"https:\/\/modenafuturacreativa.it\/wp-content\/uploads\/2025\/12\/2-2-scaled.jpg\"><\/a><\/div><div class=\"cell\" data-lazy=\"false\"><img decoding=\"async\" class=\"skip-lazy nectar-lazy\" src=\"https:\/\/modenafuturacreativa.it\/wp-content\/uploads\/2025\/12\/5-2-600x450.jpg\" width=\"600\" height=\"450\" alt=\"5\" title=\"5\" loading=\"lazy\" \/><a class=\"entire-slide-link\" aria-label=\"5\"  href=\"https:\/\/modenafuturacreativa.it\/wp-content\/uploads\/2025\/12\/5-2.jpg\"><\/a><\/div><\/div><\/div><\/div><\/div>\n\t\t<\/div> \n\t<\/div> \n\t\t\t<\/div> \n\t\t<\/div>\n\t<\/div> \n<\/div><\/div>","protected":false},"excerpt":{"rendered":"Museo Civico, Galleria Estense, Gipsoteca Graziosi e Avia Pervia insieme in un progetto che rafforza l\u2019identit\u00e0 del Palazzo dei Musei e ne semplifica l\u2019accesso Una innovativa modalit\u00e0 per raccontare Modena...","protected":false},"author":1,"featured_media":6292,"comment_status":"closed","ping_status":"closed","sticky":false,"template":"","format":"standard","meta":{"wpupg_custom_link":[],"wpupg_custom_link_behaviour":["default"],"wpupg_custom_link_nofollow":["default"],"wpupg_custom_image":[],"wpupg_custom_image_id":[],"footnotes":""},"categories":[475],"tags":[],"class_list":["post-6231","post","type-post","status-publish","format-standard","has-post-thumbnail","category-news"],"_links":{"self":[{"href":"https:\/\/modenafuturacreativa.it\/de\/wp-json\/wp\/v2\/posts\/6231","targetHints":{"allow":["GET"]}}],"collection":[{"href":"https:\/\/modenafuturacreativa.it\/de\/wp-json\/wp\/v2\/posts"}],"about":[{"href":"https:\/\/modenafuturacreativa.it\/de\/wp-json\/wp\/v2\/types\/post"}],"author":[{"embeddable":true,"href":"https:\/\/modenafuturacreativa.it\/de\/wp-json\/wp\/v2\/users\/1"}],"replies":[{"embeddable":true,"href":"https:\/\/modenafuturacreativa.it\/de\/wp-json\/wp\/v2\/comments?post=6231"}],"version-history":[{"count":1,"href":"https:\/\/modenafuturacreativa.it\/de\/wp-json\/wp\/v2\/posts\/6231\/revisions"}],"predecessor-version":[{"id":6293,"href":"https:\/\/modenafuturacreativa.it\/de\/wp-json\/wp\/v2\/posts\/6231\/revisions\/6293"}],"wp:featuredmedia":[{"embeddable":true,"href":"https:\/\/modenafuturacreativa.it\/de\/wp-json\/wp\/v2\/media\/6292"}],"wp:attachment":[{"href":"https:\/\/modenafuturacreativa.it\/de\/wp-json\/wp\/v2\/media?parent=6231"}],"wp:term":[{"taxonomy":"category","embeddable":true,"href":"https:\/\/modenafuturacreativa.it\/de\/wp-json\/wp\/v2\/categories?post=6231"},{"taxonomy":"post_tag","embeddable":true,"href":"https:\/\/modenafuturacreativa.it\/de\/wp-json\/wp\/v2\/tags?post=6231"}],"curies":[{"name":"wp","href":"https:\/\/api.w.org\/{rel}","templated":true}]}}