{"id":6134,"date":"2025-12-05T12:59:57","date_gmt":"2025-12-05T11:59:57","guid":{"rendered":"https:\/\/modenafuturacreativa.it\/?p=6134"},"modified":"2025-12-05T12:59:57","modified_gmt":"2025-12-05T11:59:57","slug":"rita-cucchiara-ha-inaugurato-lanno-accademico-di-unimore-innovare-per-tramandare","status":"publish","type":"post","link":"https:\/\/modenafuturacreativa.it\/de\/rita-cucchiara-ha-inaugurato-lanno-accademico-di-unimore-innovare-per-tramandare\/","title":{"rendered":"Rita Cucchiara er\u00f6ffnete das akademische Jahr von Unimore: \"Innovieren, um weiterzugeben\"."},"content":{"rendered":"<div id=\"fws_6a9b7695e66ff\"  data-column-margin=\"default\" data-midnight=\"dark\"  class=\"wpb_row vc_row-fluid vc_row\"  style=\"padding-top: 0px; padding-bottom: 0px; \"><div class=\"row-bg-wrap\" data-bg-animation=\"none\" data-bg-animation-delay=\"\" data-bg-overlay=\"false\"><div class=\"inner-wrap row-bg-layer\" ><div class=\"row-bg viewport-desktop\"  style=\"\"><\/div><\/div><\/div><div class=\"row_col_wrap_12 col span_12 dark left\">\n\t<div  class=\"vc_col-sm-12 wpb_column column_container vc_column_container col no-extra-padding inherit_tablet inherit_phone\"  data-padding-pos=\"all\" data-has-bg-color=\"false\" data-bg-color=\"\" data-bg-opacity=\"1\" data-animation=\"\" data-delay=\"0\" >\n\t\t<div class=\"vc_column-inner\" >\n\t\t\t<div class=\"wpb_wrapper\">\n\t\t\t\t\n<div class=\"wpb_text_column wpb_content_element\" >\n\t<p><strong>Die neue Rektorin stellte die Leitlinien ihres Mandats vor, zu deren Priorit\u00e4ten die kulturelle Innovation und die Unterst\u00fctzung der Entwicklung des Ago-Komplexes geh\u00f6ren<\/strong><\/p>\n<p>Erneuern, um weiterzugeben\". Dies ist der Titel, der f\u00fcr die Leitlinien der sechsj\u00e4hrigen Amtszeit von Rektorin Rita Cucchiara gew\u00e4hlt wurde, die am Donnerstag, dem 4. Dezember, in der Kirche San Carlo in Modena anl\u00e4sslich der Er\u00f6ffnung des 850. akademischen Jahres von Unimore, einem Gr\u00fcndungspartner der Ago-Stiftung zusammen mit der Stadt Modena und der Modena-Stiftung, vorgestellt wurden. Die Zeremonie begann mit einer akademischen Prozession von Professoren und Dozenten, die die Via Universit\u00e0 entlanggingen und von B\u00fcrgern und Studenten begr\u00fc\u00dft wurden, bis sie die Kirche erreichten, in der die akademische Gemeinschaft und die anwesenden Beh\u00f6rden empfangen wurden.<\/p>\n<p>Zu Beginn der Veranstaltung, die vom Unimore-Chor begleitet wurde, hielt Unimore-Rektorin Rita Cucchiara eine Rede, in der sie den Mandatsplan 2025-2031 (hier verf\u00fcgbar) erl\u00e4uterte, der soziale Innovation zu den Priorit\u00e4ten der so genannten Dritten Mission z\u00e4hlt, kulturelle und museumsbezogene Innovation mit \"der F\u00f6rderung von Projekten, die Wissenschaft, Kunst, Kultur und Integration integrieren, die Museen, Archive und das materielle und immaterielle Erbe der Universit\u00e4t aufwerten und die Entwicklung des Ago-Komplexes als interdisziplin\u00e4ren kulturellen und wissenschaftlichen Pol unterst\u00fctzen\".<\/p>\n<p>In den Leitlinien wird der Ago-Komplex definiert als \"eine neue strategische Plattform f\u00fcr die Begegnung zwischen Wissenschaft, Kunst und Technologie: ein Ort f\u00fcr Forschung, Ausstellung und Bildung, der historisches Erbe und zeitgen\u00f6ssische Experimente verbindet und die Zusammenarbeit zwischen Universit\u00e4ten, Kultureinrichtungen, zivilgesellschaftlichen Einrichtungen und B\u00fcrgern f\u00f6rdert. Ago wird das Zentrum eines offenen kulturellen und wissenschaftlichen \u00d6kosystems sein, das sich der Verbreitung von Wissen und der Beteiligung der \u00d6ffentlichkeit widmet, wobei der Schwerpunkt auf Nachhaltigkeit und digitaler Kultur liegt\".<\/p>\n<p>In ihrer Rede betonte die Rektorin, dass \"die Universit\u00e4t in einem unsicheren und sich schnell ver\u00e4ndernden globalen Kontext eine solide Institution bleiben muss, die in ihren Traditionen verwurzelt ist, aber auch in der Lage ist, die Zukunft zu antizipieren und zu steuern. Die Universit\u00e4t muss Menschen ausbilden, die in der Lage sind, Komplexit\u00e4t zu verstehen, sich an den Wandel anzupassen und mit seinen Schwierigkeiten umzugehen\".<\/p>\n<p>F\u00fcr Cucchiara muss die Unimore daher \"der Ort sein, an dem die Zukunft jeden Tag mit kritischem Denken, Wissen und Verantwortung aufgebaut wird. In all ihren Aufgaben, in der Forschung, in der Ausbildung der neuen Generationen und in der Zusammenarbeit mit der Gesellschaft und der Produktionswelt, ist die Universit\u00e4t aufgerufen, als Motor des Fortschritts und als H\u00fcterin der Werte zu wirken, das Erbe der Vergangenheit zu bewahren und die Kultur und das Wissen von morgen zu schaffen. Als Rektor der Universit\u00e4t Modena und Reggio Emilia m\u00f6chte ich mich dieser Herausforderung gemeinsam mit der gesamten akademischen Gemeinschaft stellen. Mein Mandatsplan tr\u00e4gt den Titel \"Innovieren, um weiterzugeben\", d. h. die digitale Transformation der organisatorischen Prozesse, die Definition moderner, flexibler und attraktiver Lehrmodelle und die Pflege der Grundlagen- und angewandten Forschung, um unser Wissenserbe in den kommenden Jahren weiterzugeben. Der Plan richtet sich an die akademische und studentische Gemeinschaft, die Stadt und das Gebiet, in der Hoffnung, in den n\u00e4chsten sechs Jahren gemeinsam an der Konsolidierung und Wiederbelebung der Universit\u00e4t zu arbeiten und in einem komplexen geopolitischen Kontext die Rolle der \u00e4ltesten \u00f6ffentlichen Einrichtung des Gebiets gemeinsam zu planen\".<\/p>\n<p>Auf dem Foto: Rektorin Rita Cucchiara w\u00e4hrend der Er\u00f6ffnungszeremonie<\/p>\n<\/div>\n\n\n\n\n\t<div class=\"wpb_gallery wpb_content_element clearfix\">\n\t\t<div class=\"wpb_wrapper\"><div class=\"wpb_gallery_slidesflickity_style\" data-onclick=\"link_image\" data-interval=\"5\"><div class=\"nectar-flickity not-initialized\" role=\"region\" aria-roledescription=\"carousel\" aria-label=\"Bildergalerie\"  data-touch-icon-color=\"default\" data-stagger=\"\" data-drag-scale=\"\" data-overflow=\"hidden\" data-wrap=\"wrap\" data-spacing=\"default\" data-shadow=\"large_depth\" data-autoplay=\"true\" data-autoplay-dur=\"\" data-free-scroll=\"\" data-controls=\"material_pagination\" data-desktop-columns=\"1\" data-small-desktop-columns=\"1\" data-tablet-columns=\"1\" data-phone-columns=\"1\"><div class=\"flickity-viewport\"> <div class=\"flickity-slider\"><div class=\"cell\" data-lazy=\"false\"><img decoding=\"async\" class=\"skip-lazy nectar-lazy\" src=\"https:\/\/modenafuturacreativa.it\/wp-content\/uploads\/2025\/12\/Inaugurazione-850-Unimore-f__FillWzE0NDAsNTAwXQ-600x450.jpeg\" width=\"600\" height=\"450\" alt=\"Inaugurazione-850-Unimore-f__FillWzE0NDAsNTAwXQ\" title=\"Einweihung-850-Unimore-f__FillWzE0NDAsNTAwXQ\" loading=\"lazy\" \/><a class=\"entire-slide-link\" aria-label=\"Einweihung-850-Unimore-f__FillWzE0NDAsNTAwXQ\"  href=\"https:\/\/modenafuturacreativa.it\/wp-content\/uploads\/2025\/12\/Inaugurazione-850-Unimore-f__FillWzE0NDAsNTAwXQ.jpeg\"><\/a><\/div><\/div><\/div><\/div><\/div>\n\t\t<\/div> \n\t<\/div> \n\t\t\t<\/div> \n\t\t<\/div>\n\t<\/div> \n<\/div><\/div>","protected":false},"excerpt":{"rendered":"La nuova Rettrice ha presentato le linee guida del mandato, tra le priorit\u00e0 l\u2019innovazione culturale e il sostegno allo sviluppo del complesso Ago \u201cInnovare per tramandare\u201d. \u00c8 il titolo scelto...","protected":false},"author":1,"featured_media":6190,"comment_status":"closed","ping_status":"closed","sticky":false,"template":"","format":"standard","meta":{"wpupg_custom_link":[],"wpupg_custom_link_behaviour":["default"],"wpupg_custom_link_nofollow":["default"],"wpupg_custom_image":[],"wpupg_custom_image_id":[],"footnotes":""},"categories":[475],"tags":[],"class_list":["post-6134","post","type-post","status-publish","format-standard","has-post-thumbnail","category-news"],"_links":{"self":[{"href":"https:\/\/modenafuturacreativa.it\/de\/wp-json\/wp\/v2\/posts\/6134","targetHints":{"allow":["GET"]}}],"collection":[{"href":"https:\/\/modenafuturacreativa.it\/de\/wp-json\/wp\/v2\/posts"}],"about":[{"href":"https:\/\/modenafuturacreativa.it\/de\/wp-json\/wp\/v2\/types\/post"}],"author":[{"embeddable":true,"href":"https:\/\/modenafuturacreativa.it\/de\/wp-json\/wp\/v2\/users\/1"}],"replies":[{"embeddable":true,"href":"https:\/\/modenafuturacreativa.it\/de\/wp-json\/wp\/v2\/comments?post=6134"}],"version-history":[{"count":1,"href":"https:\/\/modenafuturacreativa.it\/de\/wp-json\/wp\/v2\/posts\/6134\/revisions"}],"predecessor-version":[{"id":6191,"href":"https:\/\/modenafuturacreativa.it\/de\/wp-json\/wp\/v2\/posts\/6134\/revisions\/6191"}],"wp:featuredmedia":[{"embeddable":true,"href":"https:\/\/modenafuturacreativa.it\/de\/wp-json\/wp\/v2\/media\/6190"}],"wp:attachment":[{"href":"https:\/\/modenafuturacreativa.it\/de\/wp-json\/wp\/v2\/media?parent=6134"}],"wp:term":[{"taxonomy":"category","embeddable":true,"href":"https:\/\/modenafuturacreativa.it\/de\/wp-json\/wp\/v2\/categories?post=6134"},{"taxonomy":"post_tag","embeddable":true,"href":"https:\/\/modenafuturacreativa.it\/de\/wp-json\/wp\/v2\/tags?post=6134"}],"curies":[{"name":"wp","href":"https:\/\/api.w.org\/{rel}","templated":true}]}}