{"id":5972,"date":"2025-11-28T13:59:08","date_gmt":"2025-11-28T12:59:08","guid":{"rendered":"https:\/\/modenafuturacreativa.it\/?p=5972"},"modified":"2025-11-28T13:59:08","modified_gmt":"2025-11-28T12:59:08","slug":"due-percorsi-cittadini-il-risultato-finale-di-cult","status":"publish","type":"post","link":"https:\/\/modenafuturacreativa.it\/de\/due-percorsi-cittadini-il-risultato-finale-di-cult\/","title":{"rendered":"Zwei Stadtrouten: das Endergebnis von CULT"},"content":{"rendered":"<div id=\"fws_6a9b769332085\"  data-column-margin=\"default\" data-midnight=\"dark\"  class=\"wpb_row vc_row-fluid vc_row\"  style=\"padding-top: 0px; padding-bottom: 0px; \"><div class=\"row-bg-wrap\" data-bg-animation=\"none\" data-bg-animation-delay=\"\" data-bg-overlay=\"false\"><div class=\"inner-wrap row-bg-layer\" ><div class=\"row-bg viewport-desktop\"  style=\"\"><\/div><\/div><\/div><div class=\"row_col_wrap_12 col span_12 dark left\">\n\t<div  class=\"vc_col-sm-12 wpb_column column_container vc_column_container col no-extra-padding inherit_tablet inherit_phone\"  data-padding-pos=\"all\" data-has-bg-color=\"false\" data-bg-color=\"\" data-bg-opacity=\"1\" data-animation=\"\" data-delay=\"0\" >\n\t\t<div class=\"vc_column-inner\" >\n\t\t\t<div class=\"wpb_wrapper\">\n\t\t\t\t\n<div class=\"wpb_text_column wpb_content_element\" >\n\t<p><strong>Das europ\u00e4ische Projekt CULT (Citizens' dialogue and exchange on CULTural heritage and media arts as a tool for creating a stronger EU identity), finanziert durch das Programm \"Citizens, Equality, Rights and Values (CERV)\" und entwickelt zwischen Modena (Italien) und Karlsruhe (Deutschland), beide St\u00e4dte im UNESCO Creative Cities Network, Media Arts cluster, schlie\u00dft mit der Pr\u00e4sentation von zwei neuen kulturellen und touristischen Routen.<\/strong><\/p>\n<p>Von Oktober 2024 bis Oktober 2025 arbeiteten K\u00fcnstler, Studenten, Kulturschaffende und Vertreter der Institutionen der beiden St\u00e4dte zusammen und tauschten Praktiken, Visionen und Fachwissen aus, um \u00fcber die Rolle der Medienkunst in ihren jeweiligen St\u00e4dten nachzudenken.<\/p>\n<p>Der partizipative Prozess f\u00fchrte zur Erstellung von zwei Routen, die Orte und R\u00e4ume f\u00fcr digitale Experimente, Multimedia-Kunst und zeitgen\u00f6ssische Kreativit\u00e4t aufwerten.<\/p>\n<p><strong><a href=\"https:\/\/modenafuturacreativa.it\/de\/unesco\/cult-modena-karlsruhe\/\">Die Reiserouten sind im Projektbereich der Website verf\u00fcgbar<\/a><\/strong><\/p>\n<\/div>\n\n\n\n\n\t<div class=\"wpb_gallery wpb_content_element clearfix\">\n\t\t<div class=\"wpb_wrapper\"><div class=\"wpb_gallery_slidesflickity_style\" data-onclick=\"link_image\" data-interval=\"5\"><div class=\"nectar-flickity not-initialized\" role=\"region\" aria-roledescription=\"carousel\" aria-label=\"Bildergalerie\"  data-touch-icon-color=\"default\" data-stagger=\"\" data-drag-scale=\"\" data-overflow=\"hidden\" data-wrap=\"wrap\" data-spacing=\"default\" data-shadow=\"large_depth\" data-autoplay=\"true\" data-autoplay-dur=\"\" data-free-scroll=\"\" data-controls=\"material_pagination\" data-desktop-columns=\"1\" data-small-desktop-columns=\"1\" data-tablet-columns=\"1\" data-phone-columns=\"1\"><div class=\"flickity-viewport\"> <div class=\"flickity-slider\"><div class=\"cell\" data-lazy=\"false\"><img decoding=\"async\" class=\"skip-lazy nectar-lazy\" src=\"https:\/\/modenafuturacreativa.it\/wp-content\/uploads\/2024\/07\/map-modena-1-600x450.png\" width=\"600\" height=\"450\" alt=\"map-modena\" title=\"karte-modena\" loading=\"lazy\" \/><a class=\"entire-slide-link\" aria-label=\"karte-modena\"  href=\"https:\/\/modenafuturacreativa.it\/wp-content\/uploads\/2024\/07\/map-modena-1.png\"><\/a><\/div><div class=\"cell\" data-lazy=\"false\"><img decoding=\"async\" class=\"skip-lazy nectar-lazy\" src=\"https:\/\/modenafuturacreativa.it\/wp-content\/uploads\/2024\/07\/map-karlsruhe-1-600x450.png\" width=\"600\" height=\"450\" alt=\"map-karlsruhe\" title=\"karte-karlsruhe\" loading=\"lazy\" \/><a class=\"entire-slide-link\" aria-label=\"karte-karlsruhe\"  href=\"https:\/\/modenafuturacreativa.it\/wp-content\/uploads\/2024\/07\/map-karlsruhe-1.png\"><\/a><\/div><\/div><\/div><\/div><\/div>\n\t\t<\/div> \n\t<\/div> \n\t\t\t<\/div> \n\t\t<\/div>\n\t<\/div> \n<\/div><\/div>","protected":false},"excerpt":{"rendered":"Si chiude con la presentazione di due nuovi itinerari culturali e turistici il progetto europeo CULT (Citizens\u2019 dialogue and exchange on CULTural heritage and media arts as a tool for...","protected":false},"author":1,"featured_media":5971,"comment_status":"closed","ping_status":"closed","sticky":false,"template":"","format":"standard","meta":{"wpupg_custom_link":[],"wpupg_custom_link_behaviour":["default"],"wpupg_custom_link_nofollow":["default"],"wpupg_custom_image":[],"wpupg_custom_image_id":[],"footnotes":""},"categories":[475],"tags":[],"class_list":["post-5972","post","type-post","status-publish","format-standard","has-post-thumbnail","category-news"],"_links":{"self":[{"href":"https:\/\/modenafuturacreativa.it\/de\/wp-json\/wp\/v2\/posts\/5972","targetHints":{"allow":["GET"]}}],"collection":[{"href":"https:\/\/modenafuturacreativa.it\/de\/wp-json\/wp\/v2\/posts"}],"about":[{"href":"https:\/\/modenafuturacreativa.it\/de\/wp-json\/wp\/v2\/types\/post"}],"author":[{"embeddable":true,"href":"https:\/\/modenafuturacreativa.it\/de\/wp-json\/wp\/v2\/users\/1"}],"replies":[{"embeddable":true,"href":"https:\/\/modenafuturacreativa.it\/de\/wp-json\/wp\/v2\/comments?post=5972"}],"version-history":[{"count":1,"href":"https:\/\/modenafuturacreativa.it\/de\/wp-json\/wp\/v2\/posts\/5972\/revisions"}],"predecessor-version":[{"id":6022,"href":"https:\/\/modenafuturacreativa.it\/de\/wp-json\/wp\/v2\/posts\/5972\/revisions\/6022"}],"wp:featuredmedia":[{"embeddable":true,"href":"https:\/\/modenafuturacreativa.it\/de\/wp-json\/wp\/v2\/media\/5971"}],"wp:attachment":[{"href":"https:\/\/modenafuturacreativa.it\/de\/wp-json\/wp\/v2\/media?parent=5972"}],"wp:term":[{"taxonomy":"category","embeddable":true,"href":"https:\/\/modenafuturacreativa.it\/de\/wp-json\/wp\/v2\/categories?post=5972"},{"taxonomy":"post_tag","embeddable":true,"href":"https:\/\/modenafuturacreativa.it\/de\/wp-json\/wp\/v2\/tags?post=5972"}],"curies":[{"name":"wp","href":"https:\/\/api.w.org\/{rel}","templated":true}]}}