{"id":5888,"date":"2025-11-17T11:26:45","date_gmt":"2025-11-17T10:26:45","guid":{"rendered":"https:\/\/modenafuturacreativa.it\/?p=5888"},"modified":"2025-11-17T11:26:45","modified_gmt":"2025-11-17T10:26:45","slug":"urban-video-il-corso-gratuito-che-forma-i-videomaker-del-futuro","status":"publish","type":"post","link":"https:\/\/modenafuturacreativa.it\/de\/urban-video-il-corso-gratuito-che-forma-i-videomaker-del-futuro\/","title":{"rendered":"Urban Video, der kostenlose Kurs, der die Videomacher der Zukunft ausbildet"},"content":{"rendered":"<div id=\"fws_6a9b769834107\"  data-column-margin=\"default\" data-midnight=\"dark\"  class=\"wpb_row vc_row-fluid vc_row\"  style=\"padding-top: 0px; padding-bottom: 0px; \"><div class=\"row-bg-wrap\" data-bg-animation=\"none\" data-bg-animation-delay=\"\" data-bg-overlay=\"false\"><div class=\"inner-wrap row-bg-layer\" ><div class=\"row-bg viewport-desktop\"  style=\"\"><\/div><\/div><\/div><div class=\"row_col_wrap_12 col span_12 dark left\">\n\t<div  class=\"vc_col-sm-12 wpb_column column_container vc_column_container col no-extra-padding inherit_tablet inherit_phone\"  data-padding-pos=\"all\" data-has-bg-color=\"false\" data-bg-color=\"\" data-bg-opacity=\"1\" data-animation=\"\" data-delay=\"0\" >\n\t\t<div class=\"vc_column-inner\" >\n\t\t\t<div class=\"wpb_wrapper\">\n\t\t\t\t\n<div class=\"wpb_text_column wpb_content_element\" >\n\t<p><strong>Einschreibung bis zum 9. Dezember f\u00fcr den kostenlosen Videokurs, der vom Musikzentrum und der Stadt Modena gef\u00f6rdert wird<\/strong><\/p>\n<p>Urban Video, der kostenlose Videokurs, der vom Centro Musica und der Kulturabteilung der Stadt Modena im Rahmen der Aktivit\u00e4ten des Centro Musica_71MusicHub gef\u00f6rdert wird, findet auch in diesem Jahr wieder statt. Das Projekt, das von Francesca Cappi und Federico Sigillo koordiniert wird, geht in seine neunte Auflage und best\u00e4tigt sich als Bezugspunkt f\u00fcr diejenigen, die die neuen Grenzen der audiovisuellen und multimedialen Produktion erkunden wollen.<\/p>\n<p>Urban Video ist ein Ausbildungskurs f\u00fcr junge Leute zwischen 16 und 29 Jahren mit Wohnsitz in der Provinz Modena, der die Teilnehmer bei der Entdeckung der Arbeitswelt durch das praktische Erlernen von Regie-, Film-, Schnitt- und Multimedia-Designtechniken begleitet. Eine Gelegenheit f\u00fcr diejenigen, die davon tr\u00e4umen, mit Bildern zu arbeiten, aber auch f\u00fcr diejenigen, die verstehen wollen, wie man eine effektive und zeitgem\u00e4\u00dfe visuelle Sprache entwickelt.<\/p>\n<p>Der kostenlose Kurs ist in ein breit gef\u00e4chertes und strukturiertes Programm unterteilt, das die Teilnehmer in Kontakt mit Fachleuten und Akteuren des Sektors bringt. Die insgesamt 76 Unterrichtsstunden umfassen Frontalunterricht, vertiefende Gespr\u00e4che mit Experten, ein kurzes Praktikum und die Erstellung von Inhalten f\u00fcr eine Abschlussveranstaltung, so dass Theorie, Praxis und die direkte Konfrontation mit denjenigen, die tagt\u00e4glich im Bereich der audiovisuellen Produktion arbeiten, miteinander verbunden werden.<\/p>\n<p>Der Frontalunterricht - insgesamt 18 Stunden - findet montags von 18 bis 21 Uhr statt, die Vertiefungsmodule mit insgesamt 32 Stunden samstags von 9 bis 13 Uhr und von 14 bis 18 Uhr. Die Aktivit\u00e4ten finden im Centro Musica_71MusicHub in der Via Morandi 71 statt. Der Kurs beginnt am 12. Januar 2026 und endet am 30. M\u00e4rz.<\/p>\n<p>Jede Ausgabe von Urban Video bietet auch einen aktuellen \u00dcberblick \u00fcber die Trends in der Branche, und in diesem Jahr mangelt es nicht an Neuheiten: Zu den Programmmodulen geh\u00f6rt ein neuer Kurs, der dem Einsatz von k\u00fcnstlicher Intelligenz bei der Erstellung visueller und audiovisueller Inhalte gewidmet ist. Der Kurs bietet also die Gelegenheit zu entdecken, wie die innovativsten digitalen Werkzeuge die Kreativit\u00e4t unterst\u00fctzen k\u00f6nnen, von der Automatisierung der Videobearbeitung bis zur Bilderzeugung.<\/p>\n<p>Insgesamt stehen acht Pl\u00e4tze zur Verf\u00fcgung, die auf der Grundlage einer von einem Expertenausschuss erstellten Rangliste vergeben werden. Die Auswahl umfasst ein Online-Interview, das f\u00fcr den 11. und 15. Dezember 2025 angesetzt ist, sowie einen E-Mail-Aufruf mit Uhrzeit und Link f\u00fcr den Aufruf.<\/p>\n<p>Die Anmeldung ist bis zum 9. Dezember 2025, 13 Uhr, m\u00f6glich. Zur Anmeldung f\u00fcllen Sie bitte das Anmeldeformular aus, das Sie unter folgender Adresse finden <a href=\"http:\/\/www.musicplus.it\" target=\"_blank\" rel=\"noopener\">www.musicplus.it<\/a><\/p>\n<\/div>\n\n\n\n\n\t<div class=\"wpb_gallery wpb_content_element clearfix\">\n\t\t<div class=\"wpb_wrapper\"><div class=\"wpb_gallery_slidesflickity_style\" data-onclick=\"link_image\" data-interval=\"5\"><div class=\"nectar-flickity not-initialized\" role=\"region\" aria-roledescription=\"carousel\" aria-label=\"Bildergalerie\"  data-touch-icon-color=\"default\" data-stagger=\"\" data-drag-scale=\"\" data-overflow=\"hidden\" data-wrap=\"wrap\" data-spacing=\"default\" data-shadow=\"large_depth\" data-autoplay=\"true\" data-autoplay-dur=\"\" data-free-scroll=\"\" data-controls=\"material_pagination\" data-desktop-columns=\"1\" data-small-desktop-columns=\"1\" data-tablet-columns=\"1\" data-phone-columns=\"1\"><div class=\"flickity-viewport\"> <div class=\"flickity-slider\"><div class=\"cell\" data-lazy=\"false\"><img decoding=\"async\" class=\"skip-lazy nectar-lazy\" src=\"https:\/\/modenafuturacreativa.it\/wp-content\/uploads\/2025\/11\/image-526x450.jpeg\" width=\"526\" height=\"450\" alt=\"image\" title=\"Bild\" loading=\"lazy\" \/><a class=\"entire-slide-link\" aria-label=\"Bild\"  href=\"https:\/\/modenafuturacreativa.it\/wp-content\/uploads\/2025\/11\/image.jpeg\"><\/a><\/div><\/div><\/div><\/div><\/div>\n\t\t<\/div> \n\t<\/div> \n\t\t\t<\/div> \n\t\t<\/div>\n\t<\/div> \n<\/div><\/div>","protected":false},"excerpt":{"rendered":"Iscrizioni aperte fino al 9 dicembre per il corso gratuito di videomaking promosso dal Centro Musica e dal Comune di Modena Ritorna anche quest\u2019anno Urban Video, il corso gratuito di...","protected":false},"author":1,"featured_media":5936,"comment_status":"closed","ping_status":"closed","sticky":false,"template":"","format":"standard","meta":{"wpupg_custom_link":[],"wpupg_custom_link_behaviour":["default"],"wpupg_custom_link_nofollow":["default"],"wpupg_custom_image":[],"wpupg_custom_image_id":[],"footnotes":""},"categories":[475],"tags":[],"class_list":["post-5888","post","type-post","status-publish","format-standard","has-post-thumbnail","category-news"],"_links":{"self":[{"href":"https:\/\/modenafuturacreativa.it\/de\/wp-json\/wp\/v2\/posts\/5888","targetHints":{"allow":["GET"]}}],"collection":[{"href":"https:\/\/modenafuturacreativa.it\/de\/wp-json\/wp\/v2\/posts"}],"about":[{"href":"https:\/\/modenafuturacreativa.it\/de\/wp-json\/wp\/v2\/types\/post"}],"author":[{"embeddable":true,"href":"https:\/\/modenafuturacreativa.it\/de\/wp-json\/wp\/v2\/users\/1"}],"replies":[{"embeddable":true,"href":"https:\/\/modenafuturacreativa.it\/de\/wp-json\/wp\/v2\/comments?post=5888"}],"version-history":[{"count":1,"href":"https:\/\/modenafuturacreativa.it\/de\/wp-json\/wp\/v2\/posts\/5888\/revisions"}],"predecessor-version":[{"id":5937,"href":"https:\/\/modenafuturacreativa.it\/de\/wp-json\/wp\/v2\/posts\/5888\/revisions\/5937"}],"wp:featuredmedia":[{"embeddable":true,"href":"https:\/\/modenafuturacreativa.it\/de\/wp-json\/wp\/v2\/media\/5936"}],"wp:attachment":[{"href":"https:\/\/modenafuturacreativa.it\/de\/wp-json\/wp\/v2\/media?parent=5888"}],"wp:term":[{"taxonomy":"category","embeddable":true,"href":"https:\/\/modenafuturacreativa.it\/de\/wp-json\/wp\/v2\/categories?post=5888"},{"taxonomy":"post_tag","embeddable":true,"href":"https:\/\/modenafuturacreativa.it\/de\/wp-json\/wp\/v2\/tags?post=5888"}],"curies":[{"name":"wp","href":"https:\/\/api.w.org\/{rel}","templated":true}]}}