{"id":5678,"date":"2025-10-14T12:02:43","date_gmt":"2025-10-14T10:02:43","guid":{"rendered":"https:\/\/modenafuturacreativa.it\/?p=5678"},"modified":"2025-10-14T12:02:43","modified_gmt":"2025-10-14T10:02:43","slug":"tra-filosofia-romanzo-e-natura-ecco-le-nuove-uscite-editoriali-del-dondolo","status":"publish","type":"post","link":"https:\/\/modenafuturacreativa.it\/de\/tra-filosofia-romanzo-e-natura-ecco-le-nuove-uscite-editoriali-del-dondolo\/","title":{"rendered":"Zwischen Philosophie, Romanen und Natur, hier sind die neuen Swing-Ver\u00f6ffentlichungen"},"content":{"rendered":"<div id=\"fws_6a9b769627e1e\"  data-column-margin=\"default\" data-midnight=\"dark\"  class=\"wpb_row vc_row-fluid vc_row\"  style=\"padding-top: 0px; padding-bottom: 0px; \"><div class=\"row-bg-wrap\" data-bg-animation=\"none\" data-bg-animation-delay=\"\" data-bg-overlay=\"false\"><div class=\"inner-wrap row-bg-layer\" ><div class=\"row-bg viewport-desktop\"  style=\"\"><\/div><\/div><\/div><div class=\"row_col_wrap_12 col span_12 dark left\">\n\t<div  class=\"vc_col-sm-12 wpb_column column_container vc_column_container col no-extra-padding inherit_tablet inherit_phone\"  data-padding-pos=\"all\" data-has-bg-color=\"false\" data-bg-color=\"\" data-bg-opacity=\"1\" data-animation=\"\" data-delay=\"0\" >\n\t\t<div class=\"vc_column-inner\" >\n\t\t\t<div class=\"wpb_wrapper\">\n\t\t\t\t\n<div class=\"wpb_text_column wpb_content_element\" >\n\t<p><strong>Neue Stimmen von Autoren, von Michelina Borsari \u00fcber Valeria Parrella bis Paolo Giordano. Der Turiner Schriftsteller wird am Dienstag, den 14. Oktober, bei einem Nachmittagstreffen im Innenhof des Leccio die Hauptrolle spielen<\/strong><\/p>\n<p>Il Dondolo ist heute eine digitale Bibliothek, die der Stadt geh\u00f6rt und ihre kulturelle Vitalit\u00e4t widerspiegelt. Der digitale Verlag der Stadt Modena, der 2017 gegr\u00fcndet wurde und von Beppe Cottafavi geleitet wird, baut weiterhin - Titel f\u00fcr Titel - ein Archiv von Kurzromanen, Kurzgeschichten, Reflexionen und Sch\u00f6nheit auf, das f\u00fcr alle zug\u00e4nglich, kostenlos und lebendig ist. Mit mehr als neunzig Publikationen, die auf www.ildondolo.it verf\u00fcgbar sind, wird auch die Herbstsaison mit neuen Stimmen und neuen Geschichten zwischen Literatur, Philosophie und Erinnerung er\u00f6ffnet und bietet der Stadt einen st\u00e4ndigen Dialog zwischen Schrift und Landschaft.<\/p>\n<p>Die Neuerscheinungen des Dondolo wurden heute Vormittag im Hof des Leccio (Steineiche) des Komplexes San Paolo, Via Selmi 67, von Kulturstadtrat Andrea Bortolamasi, Verlagsleiter Beppe Cottafavi und Caterina Zanfi, Philosophin und Nichte von Michelina Borsari, vorgestellt.<\/p>\n<p>\u201cIl Dondolo \u2013 spiega l\u2019assessore Bortolamasi &#8211; si conferma come uno dei progetti editoriali pi\u00f9 innovativi, sulla scena nazionale; un progetto nato a Modena, che vede il Comune di Modena come editore e che racconta, attraverso voci, volti, personaggi, la storia e le storie della nostra citt\u00e0. Un lavoro corale, in rete con diversi soggetti culturali, rappresenta uno degli elementi pi\u00f9 importanti di Modena citt\u00e0 creativa Unesco per le media-arts e un formidabile strumento di promozione della lettura, per tutti e tutte, senza barriere all&#8217;ingresso, utilizzando la pervasivit\u00e0 dei mezzi digitali, il sistema Bibliotecario e la capacit\u00e0 di re-inventarsi ad ogni pubblicazione.\u201d<\/p>\n<p>Im Hof des Leccio, einem der sch\u00f6nsten Monumentalb\u00e4ume Italiens, wird Paolo Giordano am morgigen Dienstag, dem 14. Oktober, um 17.00 Uhr zu einem Treffen einladen, das seinem neuen Buch \"Scrivere la natura\" gewidmet ist. Der Turiner Schriftsteller - Strega-Preistr\u00e4ger mit \"La solitudine dei numeri primi\" und Autor des bemerkenswerten \"Tasmania\" - wird mit Beppe Cottafavi und Andrea Cavani, Kurator des Leonardi-Archivs, sprechen.<\/p>\n<p>In dem Text, der aus seinem Vortrag beim letzten Alberi-Festival stammt, denkt Giordano dar\u00fcber nach, wie das Schreiben die Stimme der Natur wiederherstellen kann, und erz\u00e4hlt dabei in einer Art am\u00fcsanter intellektueller Autobiografie auch viel \u00fcber sich selbst. Bei dieser Gelegenheit entdeckte der Autor das Werk von Cesare Leonardi, verliebte sich in es und w\u00fcnschte sich einen seiner ber\u00fchmten PR4-St\u00fchle, der ihm w\u00e4hrend des Treffens offiziell \u00fcberreicht wird.<\/p>\n<p>Das Treffen wird mit einer kurzen Performance er\u00f6ffnet: Die gro\u00dfe Steineiche selbst wird mit der Stimme des Projekts \"Wir, die B\u00e4ume\" in einer f\u00fcnfzehnmin\u00fctigen Erz\u00e4hlung, die vom Regisseur Giulio Costa im Rahmen des Alberi-Festivals kuratiert wurde, ihre eigene Geschichte erz\u00e4hlen. Ein poetisches Vorspiel zu einer Begegnung, die einen Dialog zwischen Literatur und Landschaft, zwischen Worten und Wurzeln verspricht. Das Thema \"Writing Nature\" wird auch das Leitmotiv der Schreibwerkstatt sein, die von Il Dondolo und dem Rotary Club Modena f\u00fcr die n\u00e4chste Ausgabe des Alberi Festivals im Jahr 2026 organisiert wird.<\/p>\n<p>Il Dondolo widmet unter seinen Neuerscheinungen eine Hommage an Michelina Borsari, die Sch\u00f6pferin und Seele der Festivalfilosofia, die am 21. August verstorben ist. Die posthume Sammlung der zwanzig Artikel, die die Modeneser Intellektuelle zwischen 2019 und 2024 f\u00fcr das Manifest geschrieben hat, tr\u00e4gt den Titel \"Eccoci\" (Hier sind wir): eine kleine Schatztruhe der Gedanken, die ihre Stimme in ihrer ganzen Energie, Neugier und Anmut wiedergibt. Hier sind wir\" war sein Lieblingswort, mit dem er seine Reden er\u00f6ffnete und schloss, wie eine Einladung zur Pr\u00e4senz, eine Geste des Vertrauens gegen\u00fcber der Welt. Das von Wainer Vaccari signierte Cover nimmt den Leser mit auf eine intellektuelle und emotionale Reise.<\/p>\n<p>A completare il trittico d\u2019autunno, Il Dondolo presenta anche la prima puntata del nuovo feuilleton di Valeria Parrella, \u201cCanalgrande. Dov\u2019\u00e8 l\u2019acqua?\u201d. Appena trasferitasi da Napoli a Modena, la scrittrice \u2013 autrice di romanzi come \u201cLo spazio bianco\u201d (trasposto al cinema da Francesca Comencini, con Margherita Buy) e \u201cAlmarina\u201d, e di raccolte di racconti come \u201cMosca pi\u00f9 balena\u201d (2003), Troppa importanza all&#8217;amore (2015) e, la pi\u00f9 recente, Piccoli miracoli e altri tradimenti (2024) \u2013 inaugura un racconto a puntate che mescola ironia, sguardo e incanto, osservando la citt\u00e0 con occhi nuovi. Tra Canalgrande, Canalchiaro e Canalino, Parrella costruisce una geografia poetica di strade e assenze, dove anche il gesto di bere un caff\u00e8 diventa occasione di rivelazione. \u201cLa misura del racconto \u00e8 un piccolo miracolo\u201d, dice la scrittrice, e il suo nuovo testo per Il Dondolo ne \u00e8 la prova luminosa.<\/p>\n<p>Der Herbstkatalog enth\u00e4lt au\u00dferdem \"Una notte sono morta e altre voci dei morti del cimitero San Cataldo\" (Eine Nacht, in der ich starb, und andere Stimmen der Toten auf dem Friedhof von San Cataldo) der Schriftstellerin Elena Bosi aus Mirandola und \"Il farmacista\" von Franco Guandalini, dem Ehemann der Sopranistin Rajna Kabaivanska, die am 23. August im Alter von 96 Jahren verstorben ist, ein lebendiges Portr\u00e4t eines Lebens zwischen Kunst, Theater und illustren Freundschaften, das von seinem Neffen Carlo Bordone erz\u00e4hlt wird. Das Titelbild zeigt ein Foto von Cesare Leonardi.<\/p>\n<p>Alle E-Books von Il Dondolo sind nicht nur auf der Website www.ildondolo.it verf\u00fcgbar, sondern auch im Katalog von EmiLib, der digitalen Bibliothek der Emilia-Romagna: eine Plattform, die auch bei den im Ausland lebenden Italienern sehr beliebt ist, die durch die Seiten von Il Dondolo eine Verbindung zu einer Literatur finden k\u00f6nnen, die nur in Bezug auf die Herkunft, aber niemals in Bezug auf den Horizont \"lokal\" ist. Dank der digitalen Technologie gehen die in Modena entstandenen Geschichten \u00fcber die regionalen und nationalen Grenzen hinaus und erreichen ein immer gr\u00f6\u00dferes und neugierigeres Publikum.<\/p>\n<\/div>\n\n\n\n\n\t<div class=\"wpb_gallery wpb_content_element clearfix\">\n\t\t<div class=\"wpb_wrapper\"><div class=\"wpb_gallery_slidesflickity_style\" data-onclick=\"link_image\" data-interval=\"5\"><div class=\"nectar-flickity not-initialized\" role=\"region\" aria-roledescription=\"carousel\" aria-label=\"Bildergalerie\"  data-touch-icon-color=\"default\" data-stagger=\"\" data-drag-scale=\"\" data-overflow=\"hidden\" data-wrap=\"wrap\" data-spacing=\"default\" data-shadow=\"large_depth\" data-autoplay=\"true\" data-autoplay-dur=\"\" data-free-scroll=\"\" data-controls=\"material_pagination\" data-desktop-columns=\"1\" data-small-desktop-columns=\"1\" data-tablet-columns=\"1\" data-phone-columns=\"1\"><div class=\"flickity-viewport\"> <div class=\"flickity-slider\"><div class=\"cell\" data-lazy=\"false\"><img decoding=\"async\" class=\"skip-lazy nectar-lazy\" src=\"https:\/\/modenafuturacreativa.it\/wp-content\/uploads\/2025\/10\/image-1600-b57f914b289588c258f9923077bf2888-600x450.jpeg\" width=\"600\" height=\"450\" alt=\"image-1600-b57f914b289588c258f9923077bf2888\" title=\"image-1600-b57f914b289588c258f9923077bf2888\" loading=\"lazy\" \/><a class=\"entire-slide-link\" aria-label=\"image-1600-b57f914b289588c258f9923077bf2888\"  href=\"https:\/\/modenafuturacreativa.it\/wp-content\/uploads\/2025\/10\/image-1600-b57f914b289588c258f9923077bf2888.jpeg\"><\/a><\/div><div class=\"cell\" data-lazy=\"false\"><img decoding=\"async\" class=\"skip-lazy nectar-lazy\" src=\"https:\/\/modenafuturacreativa.it\/wp-content\/uploads\/2025\/10\/image-400-750a87d5514679f64a8c099bc16ea68e.jpeg\" width=\"400\" height=\"360\" alt=\"image-400-750a87d5514679f64a8c099bc16ea68e\" title=\"image-400-750a87d5514679f64a8c099bc16ea68e\" loading=\"lazy\" \/><a class=\"entire-slide-link\" aria-label=\"image-400-750a87d5514679f64a8c099bc16ea68e\"  href=\"https:\/\/modenafuturacreativa.it\/wp-content\/uploads\/2025\/10\/image-400-750a87d5514679f64a8c099bc16ea68e.jpeg\"><\/a><\/div><div class=\"cell\" data-lazy=\"false\"><img decoding=\"async\" class=\"skip-lazy nectar-lazy\" src=\"https:\/\/modenafuturacreativa.it\/wp-content\/uploads\/2025\/10\/image-scaled-600x450.jpeg\" width=\"600\" height=\"450\" alt=\"image\" title=\"Bild\" loading=\"lazy\" \/><a class=\"entire-slide-link\" aria-label=\"Bild\"  href=\"https:\/\/modenafuturacreativa.it\/wp-content\/uploads\/2025\/10\/image-scaled.jpeg\"><\/a><\/div><\/div><\/div><\/div><\/div>\n\t\t<\/div> \n\t<\/div> \n\t\t\t<\/div> \n\t\t<\/div>\n\t<\/div> \n<\/div><\/div>","protected":false},"excerpt":{"rendered":"Nuove voci d\u2019autore, da Michelina Borsari a Valeria Parrella, a Paolo Giordano. Lo scrittore torinese sar\u00e0 protagonista marted\u00ec 14 ottobre di un incontro pomeridiano nel cortile del Leccio Il Dondolo...","protected":false},"author":1,"featured_media":5767,"comment_status":"closed","ping_status":"closed","sticky":false,"template":"","format":"standard","meta":{"wpupg_custom_link":[],"wpupg_custom_link_behaviour":["default"],"wpupg_custom_link_nofollow":["default"],"wpupg_custom_image":[],"wpupg_custom_image_id":[],"footnotes":""},"categories":[475],"tags":[],"class_list":["post-5678","post","type-post","status-publish","format-standard","has-post-thumbnail","category-news"],"_links":{"self":[{"href":"https:\/\/modenafuturacreativa.it\/de\/wp-json\/wp\/v2\/posts\/5678","targetHints":{"allow":["GET"]}}],"collection":[{"href":"https:\/\/modenafuturacreativa.it\/de\/wp-json\/wp\/v2\/posts"}],"about":[{"href":"https:\/\/modenafuturacreativa.it\/de\/wp-json\/wp\/v2\/types\/post"}],"author":[{"embeddable":true,"href":"https:\/\/modenafuturacreativa.it\/de\/wp-json\/wp\/v2\/users\/1"}],"replies":[{"embeddable":true,"href":"https:\/\/modenafuturacreativa.it\/de\/wp-json\/wp\/v2\/comments?post=5678"}],"version-history":[{"count":1,"href":"https:\/\/modenafuturacreativa.it\/de\/wp-json\/wp\/v2\/posts\/5678\/revisions"}],"predecessor-version":[{"id":5770,"href":"https:\/\/modenafuturacreativa.it\/de\/wp-json\/wp\/v2\/posts\/5678\/revisions\/5770"}],"wp:featuredmedia":[{"embeddable":true,"href":"https:\/\/modenafuturacreativa.it\/de\/wp-json\/wp\/v2\/media\/5767"}],"wp:attachment":[{"href":"https:\/\/modenafuturacreativa.it\/de\/wp-json\/wp\/v2\/media?parent=5678"}],"wp:term":[{"taxonomy":"category","embeddable":true,"href":"https:\/\/modenafuturacreativa.it\/de\/wp-json\/wp\/v2\/categories?post=5678"},{"taxonomy":"post_tag","embeddable":true,"href":"https:\/\/modenafuturacreativa.it\/de\/wp-json\/wp\/v2\/tags?post=5678"}],"curies":[{"name":"wp","href":"https:\/\/api.w.org\/{rel}","templated":true}]}}