{"id":5550,"date":"2025-10-14T10:25:15","date_gmt":"2025-10-14T08:25:15","guid":{"rendered":"https:\/\/modenafuturacreativa.it\/?p=5550"},"modified":"2025-10-14T11:47:25","modified_gmt":"2025-10-14T09:47:25","slug":"corso-gratuito-per-diventare-professionisti-digitali-per-la-cultura","status":"publish","type":"post","link":"https:\/\/modenafuturacreativa.it\/de\/corso-gratuito-per-diventare-professionisti-digitali-per-la-cultura\/","title":{"rendered":"Kostenloser Kurs, um digitale Fachleute f\u00fcr die Kultur zu werden"},"content":{"rendered":"<div id=\"fws_6a9b769540028\"  data-column-margin=\"default\" data-midnight=\"dark\"  class=\"wpb_row vc_row-fluid vc_row\"  style=\"padding-top: 0px; padding-bottom: 0px; \"><div class=\"row-bg-wrap\" data-bg-animation=\"none\" data-bg-animation-delay=\"\" data-bg-overlay=\"false\"><div class=\"inner-wrap row-bg-layer\" ><div class=\"row-bg viewport-desktop\"  style=\"\"><\/div><\/div><\/div><div class=\"row_col_wrap_12 col span_12 dark left\">\n\t<div  class=\"vc_col-sm-12 wpb_column column_container vc_column_container col no-extra-padding inherit_tablet inherit_phone\"  data-padding-pos=\"all\" data-has-bg-color=\"false\" data-bg-color=\"\" data-bg-opacity=\"1\" data-animation=\"\" data-delay=\"0\" >\n\t\t<div class=\"vc_column-inner\" >\n\t\t\t<div class=\"wpb_wrapper\">\n\t\t\t\t\n<div class=\"wpb_text_column wpb_content_element\" >\n\t<p><strong>Vierte Ausgabe des von ForModena gef\u00f6rderten Projekts im Rahmen der Modena Unesco Creative City for Media Arts. Montag, 13. Oktober, Tag der offenen T\u00fcr im Laboratorio Aperto<\/strong><\/p>\n<p>Ausbildung neuer Fachleute, die in der Lage sind, digitale F\u00e4higkeiten und Kreativit\u00e4t zu kombinieren, um das k\u00fcnstlerische und kulturelle Erbe aufzuwerten.<\/p>\n<p>Dies ist das Ziel des Ifts-Kurses \"Tecnico delle produzioni multimediali per la valorizzazione del patrimonio artistico e culturale\", der von ForModena gef\u00f6rdert wird und im November im Rahmen der Aktivit\u00e4ten von Modena Citt\u00e0 Creativa Unesco per le Media Arts beginnt. Am Montag, den 13. Oktober, findet von 15 bis 17 Uhr im Laboratorio Aperto di Modena (Projektpartner), Viale Buon Pastore 43, ein Tag der offenen T\u00fcr statt, um die Initiative vorzustellen. An dem Treffen werden die Partnerunternehmen, die an dem Ausbildungsprojekt mitarbeiten und die Praktika durchf\u00fchren, sowie einige ehemalige Studenten teilnehmen, die von ihren Erfahrungen berichten werden.<\/p>\n<p>Im Einzelnen sieht die vierte Auflage des Kurses insgesamt 800 Stunden vor, darunter Pr\u00e4senzunterricht (mit einem kleinen Online-Teil) und 360 Stunden Praktika in Unternehmen des Kultur- und Kreativsektors. Der Kurs ist dank der europ\u00e4ischen Fonds der Region Emilia-Romagna v\u00f6llig kostenlos.<\/p>\n<p>Die Ausgebildeten werden digitale Fachleute mit \u00fcbergreifenden F\u00e4higkeiten in den Bereichen Multimedia-Design, Kommunikation, Programmierung und Datenanalyse sein. Diese F\u00e4higkeiten sind f\u00fcr Institutionen, Kultur- und Kreativunternehmen und touristische Systeme, die immer auf der Suche nach Fachleuten sind, die in der Lage sind, innovative Multimediaprodukte zur Aufwertung des kulturellen, musealen, \u00f6ffentlichen, nat\u00fcrlichen und k\u00fcnstlerischen Erbes zu entwickeln, unverzichtbar.<\/p>\n<p>15 Pl\u00e4tze stehen f\u00fcr Jugendliche und Erwachsene zur Verf\u00fcgung: Um zugelassen zu werden, muss man seinen Wohnsitz in der Region Emilia-Romagna haben, einen Abschluss der Sekundarstufe II vorweisen k\u00f6nnen oder in die f\u00fcnfte Klasse eines Gymnasiums aufgenommen worden sein, \u00fcber mittlere Computerkenntnisse in den wichtigsten Softwareprogrammen und Anwendungen verf\u00fcgen, \u00fcber gute Web- und Social-Media-Kenntnisse verf\u00fcgen und Grundkenntnisse der englischen Sprache besitzen. Die Auswahl erfolgt durch einen schriftlichen Test und ein Motivationsgespr\u00e4ch. Die Anmeldung ist bis zum 6. November 2025 m\u00f6glich. Am Ende des Kurses wird ein staatlich anerkanntes Zertifikat der h\u00f6heren technischen Spezialisierung (Ifts) ausgestellt. Informationen finden Sie unter <strong><a href=\"https:\/\/www.formodena.it\/\" target=\"_blank\" rel=\"noopener\">www.formodena.it.<\/a><\/strong><\/p>\n<\/div>\n\n\n\n\n\t<div class=\"wpb_gallery wpb_content_element clearfix\">\n\t\t<div class=\"wpb_wrapper\"><div class=\"wpb_gallery_slidesflickity_style\" data-onclick=\"link_image\" data-interval=\"5\"><div class=\"nectar-flickity not-initialized\" role=\"region\" aria-roledescription=\"carousel\" aria-label=\"Bildergalerie\"  data-touch-icon-color=\"default\" data-stagger=\"\" data-drag-scale=\"\" data-overflow=\"hidden\" data-wrap=\"wrap\" data-spacing=\"default\" data-shadow=\"large_depth\" data-autoplay=\"true\" data-autoplay-dur=\"\" data-free-scroll=\"\" data-controls=\"material_pagination\" data-desktop-columns=\"1\" data-small-desktop-columns=\"1\" data-tablet-columns=\"1\" data-phone-columns=\"1\"><div class=\"flickity-viewport\"> <div class=\"flickity-slider\"><div class=\"cell\" data-lazy=\"false\"><img decoding=\"async\" class=\"skip-lazy nectar-lazy\" src=\"https:\/\/modenafuturacreativa.it\/wp-content\/uploads\/2025\/10\/558477691_788329110714116_9057153072991727364_n-600x450.jpg\" width=\"600\" height=\"450\" alt=\"558477691_788329110714116_9057153072991727364_n\" title=\"558477691_788329110714116_9057153072991727364_n\" loading=\"lazy\" \/><a class=\"entire-slide-link\" aria-label=\"558477691_788329110714116_9057153072991727364_n\"  href=\"https:\/\/modenafuturacreativa.it\/wp-content\/uploads\/2025\/10\/558477691_788329110714116_9057153072991727364_n.jpg\"><\/a><\/div><div class=\"cell\" data-lazy=\"false\"><img decoding=\"async\" class=\"skip-lazy nectar-lazy\" src=\"https:\/\/modenafuturacreativa.it\/wp-content\/uploads\/2025\/10\/063-IFTS-ForModena-1-scaled-1-600x450.jpg\" width=\"600\" height=\"450\" alt=\"063-IFTS-ForModena-1-scaled\" title=\"063-IFTS-ForModena-1-scaled\" loading=\"lazy\" \/><a class=\"entire-slide-link\" aria-label=\"063-IFTS-ForModena-1-scaled\"  href=\"https:\/\/modenafuturacreativa.it\/wp-content\/uploads\/2025\/10\/063-IFTS-ForModena-1-scaled-1.jpg\"><\/a><\/div><div class=\"cell\" data-lazy=\"false\"><img decoding=\"async\" class=\"skip-lazy nectar-lazy\" src=\"https:\/\/modenafuturacreativa.it\/wp-content\/uploads\/2025\/10\/RRS_2910-scaled-1-600x450.jpg\" width=\"600\" height=\"450\" alt=\"RRS_2910-scaled\" title=\"RRS_2910-skaliert\" loading=\"lazy\" \/><a class=\"entire-slide-link\" aria-label=\"RRS_2910-skaliert\"  href=\"https:\/\/modenafuturacreativa.it\/wp-content\/uploads\/2025\/10\/RRS_2910-scaled-1.jpg\"><\/a><\/div><\/div><\/div><\/div><\/div>\n\t\t<\/div> \n\t<\/div> \n\t\t\t<\/div> \n\t\t<\/div>\n\t<\/div> \n<\/div><\/div>","protected":false},"excerpt":{"rendered":"Quarta edizione del progetto promosso da ForModena nell\u2019ambito di Modena Citt\u00e0 Creativa Unesco per le Media Arts. Luned\u00ec 13 ottobre open day al Laboratorio Aperto Formare nuove figure professionali in...","protected":false},"author":1,"featured_media":5673,"comment_status":"closed","ping_status":"closed","sticky":false,"template":"","format":"standard","meta":{"wpupg_custom_link":[],"wpupg_custom_link_behaviour":["default"],"wpupg_custom_link_nofollow":["default"],"wpupg_custom_image":[],"wpupg_custom_image_id":[],"footnotes":""},"categories":[475],"tags":[],"class_list":["post-5550","post","type-post","status-publish","format-standard","has-post-thumbnail","category-news"],"_links":{"self":[{"href":"https:\/\/modenafuturacreativa.it\/de\/wp-json\/wp\/v2\/posts\/5550","targetHints":{"allow":["GET"]}}],"collection":[{"href":"https:\/\/modenafuturacreativa.it\/de\/wp-json\/wp\/v2\/posts"}],"about":[{"href":"https:\/\/modenafuturacreativa.it\/de\/wp-json\/wp\/v2\/types\/post"}],"author":[{"embeddable":true,"href":"https:\/\/modenafuturacreativa.it\/de\/wp-json\/wp\/v2\/users\/1"}],"replies":[{"embeddable":true,"href":"https:\/\/modenafuturacreativa.it\/de\/wp-json\/wp\/v2\/comments?post=5550"}],"version-history":[{"count":2,"href":"https:\/\/modenafuturacreativa.it\/de\/wp-json\/wp\/v2\/posts\/5550\/revisions"}],"predecessor-version":[{"id":5677,"href":"https:\/\/modenafuturacreativa.it\/de\/wp-json\/wp\/v2\/posts\/5550\/revisions\/5677"}],"wp:featuredmedia":[{"embeddable":true,"href":"https:\/\/modenafuturacreativa.it\/de\/wp-json\/wp\/v2\/media\/5673"}],"wp:attachment":[{"href":"https:\/\/modenafuturacreativa.it\/de\/wp-json\/wp\/v2\/media?parent=5550"}],"wp:term":[{"taxonomy":"category","embeddable":true,"href":"https:\/\/modenafuturacreativa.it\/de\/wp-json\/wp\/v2\/categories?post=5550"},{"taxonomy":"post_tag","embeddable":true,"href":"https:\/\/modenafuturacreativa.it\/de\/wp-json\/wp\/v2\/tags?post=5550"}],"curies":[{"name":"wp","href":"https:\/\/api.w.org\/{rel}","templated":true}]}}