{"id":5445,"date":"2025-10-01T15:15:55","date_gmt":"2025-10-01T13:15:55","guid":{"rendered":"https:\/\/modenafuturacreativa.it\/?p=5445"},"modified":"2025-10-01T15:15:55","modified_gmt":"2025-10-01T13:15:55","slug":"modena-patrimonio-mondiale-in-festa-3-ghirlandina-luce-e-memoria","status":"publish","type":"post","link":"https:\/\/modenafuturacreativa.it\/de\/modena-patrimonio-mondiale-in-festa-3-ghirlandina-luce-e-memoria\/","title":{"rendered":"MODENA WELTKULTURERBE IN FEIERLAUNE\" \/ 3 - GHIRLANDINA. LICHT UND ERINNERUNG"},"content":{"rendered":"<div id=\"fws_6a9b7694a5573\"  data-column-margin=\"default\" data-midnight=\"dark\"  class=\"wpb_row vc_row-fluid vc_row\"  style=\"padding-top: 0px; padding-bottom: 0px; \"><div class=\"row-bg-wrap\" data-bg-animation=\"none\" data-bg-animation-delay=\"\" data-bg-overlay=\"false\"><div class=\"inner-wrap row-bg-layer\" ><div class=\"row-bg viewport-desktop\"  style=\"\"><\/div><\/div><\/div><div class=\"row_col_wrap_12 col span_12 dark left\">\n\t<div  class=\"vc_col-sm-12 wpb_column column_container vc_column_container col no-extra-padding inherit_tablet inherit_phone\"  data-padding-pos=\"all\" data-has-bg-color=\"false\" data-bg-color=\"\" data-bg-opacity=\"1\" data-animation=\"\" data-delay=\"0\" >\n\t\t<div class=\"vc_column-inner\" >\n\t\t\t<div class=\"wpb_wrapper\">\n\t\t\t\t\n<div class=\"wpb_text_column wpb_content_element\" >\n\t<p><strong>Vom 9. bis 12. Oktober wird auf der Piazza Torre ein spektakul\u00e4res architektonisches Videomapping in einer doppelten Abendprojektion gezeigt<\/strong><\/p>\n<p>Er\u00f6ffnet wird das Festival am Donnerstag, den 9. Oktober, um 21.30 und 22.00 Uhr auf der Piazza Torre mit der Vorpremiere der Show \"Ghirlandina. Licht und Erinnerung\", ein spektakul\u00e4res Videomapping auf der Oberfl\u00e4che des Turms selbst, das den ikonischen Turm der Stadt in eine Leinwand aus Licht und Klang verwandelt. Das audiovisuelle Werk wird bis Sonntag, den 12. Dezember, jeden Abend zu sehen sein, mit Doppelprojektionen (22.30 und 23 Uhr am Freitag und Samstag, 21.30 und 22 Uhr am Sonntag) bei freiem Eintritt.<\/p>\n<p>Die Videoprojektion wird die Geschichte des Baus der Ghirlandina, der sich \u00fcber mehr als zwei Jahrhunderte hinzog, in einer immersiven Show erz\u00e4hlen. Die Bilder, kombiniert mit stimmungsvoller Musik und dreidimensionalen Kulissen, werden den B\u00fcrgern und Besuchern einen Moment des puren Staunens bescheren und Vergangenheit und Zukunft in einer au\u00dfergew\u00f6hnlichen visuellen Verflechtung zusammenbringen.<\/p>\n<p>Ein gro\u00dfartiges audiovisuelles Werk, das die beiden UNESCO-Anerkennungen von Modena, Welterbe und Medienkunst, in einem Dialog zwischen dem Denkmal von au\u00dfergew\u00f6hnlichem universellem Wert und der Medienkunst verbindet, der im Mittelpunkt des gesamten Projekts steht. Seit 2021 geh\u00f6rt Modena zum UNESCO-Netzwerk der kreativen St\u00e4dte und ist damit die erste Stadt Italiens, die diese Anerkennung f\u00fcr die Medienkunst im Namen eines kollektiven Weges der Innovation im kulturellen Bereich, der Entwicklung der Kreativit\u00e4t und des Dialogs zwischen Wissen und Sprachen erhalten hat.<\/p>\n<p>Realizzata da Delumen a cura di Santimone srl, la videoproiezione \u00e8 il frutto di un lungo lavoro collettivo. I contenuti curati da Francesca Piccinini, con l\u2019adattamento narrativo dei testi di Elena Grazia F\u00e8, dell&#8217;Ufficio Patrimonio Mondiale del Museo Civico di Modena, rendono conto degli studi pi\u00f9 aggiornati sulla storia della Torre, grazie alla collaborazione del professore Stefano Lugli (UniMoRe \u2013 Dipartimento di Scienze chimiche e geologiche) e l\u2019architetta Rossella Cadignani, responsabile degli ultimi restauri della torre.<\/p>\n<p>Das architektonische Modell basiert auf einer 3D-Vermessung des Turms, die der Stadtverwaltung von dem Ingenieur Federico Benatti zur Verf\u00fcgung gestellt wurde, w\u00e4hrend die Projektion durch die Bereitstellung der Museen des Doms und der Metropolitanbasilika sowie durch Privatpersonen erm\u00f6glicht wurde.<\/p>\n<\/div>\n\n\n\n\n\t<div class=\"wpb_gallery wpb_content_element clearfix\">\n\t\t<div class=\"wpb_wrapper\"><div class=\"wpb_gallery_slidesflickity_style\" data-onclick=\"link_image\" data-interval=\"5\"><div class=\"nectar-flickity not-initialized\" role=\"region\" aria-roledescription=\"carousel\" aria-label=\"Bildergalerie\"  data-touch-icon-color=\"default\" data-stagger=\"\" data-drag-scale=\"\" data-overflow=\"hidden\" data-wrap=\"wrap\" data-spacing=\"default\" data-shadow=\"large_depth\" data-autoplay=\"true\" data-autoplay-dur=\"\" data-free-scroll=\"\" data-controls=\"material_pagination\" data-desktop-columns=\"1\" data-small-desktop-columns=\"1\" data-tablet-columns=\"1\" data-phone-columns=\"1\"><div class=\"flickity-viewport\"> <div class=\"flickity-slider\"><div class=\"cell\" data-lazy=\"false\"><img decoding=\"async\" class=\"skip-lazy nectar-lazy\" src=\"https:\/\/modenafuturacreativa.it\/wp-content\/uploads\/2025\/10\/image-2-600x450.jpg\" width=\"600\" height=\"450\" alt=\"image\" title=\"Bild\" loading=\"lazy\" \/><a class=\"entire-slide-link\" aria-label=\"Bild\"  href=\"https:\/\/modenafuturacreativa.it\/wp-content\/uploads\/2025\/10\/image-2.jpg\"><\/a><\/div><div class=\"cell\" data-lazy=\"false\"><img decoding=\"async\" class=\"skip-lazy nectar-lazy\" src=\"https:\/\/modenafuturacreativa.it\/wp-content\/uploads\/2025\/10\/image-1-600x450.jpg\" width=\"600\" height=\"450\" alt=\"image (1)\" title=\"Bild (1)\" loading=\"lazy\" \/><a class=\"entire-slide-link\" aria-label=\"Bild (1)\"  href=\"https:\/\/modenafuturacreativa.it\/wp-content\/uploads\/2025\/10\/image-1.jpg\"><\/a><\/div><\/div><\/div><\/div><\/div>\n\t\t<\/div> \n\t<\/div> \n\t\t\t<\/div> \n\t\t<\/div>\n\t<\/div> \n<\/div><\/div>","protected":false},"excerpt":{"rendered":"Dal 9 al 12 ottobre in piazza Torre uno spettacolare videomapping architetturale, in doppia proiezione serale A inaugurare la festa, gioved\u00ec 9 ottobre alle 21.30 e 22 in Piazza Torre,...","protected":false},"author":1,"featured_media":5482,"comment_status":"closed","ping_status":"closed","sticky":false,"template":"","format":"standard","meta":{"wpupg_custom_link":[],"wpupg_custom_link_behaviour":["default"],"wpupg_custom_link_nofollow":["default"],"wpupg_custom_image":[],"wpupg_custom_image_id":[],"footnotes":""},"categories":[475,1],"tags":[],"class_list":["post-5445","post","type-post","status-publish","format-standard","has-post-thumbnail","category-news","category-senza-categoria"],"_links":{"self":[{"href":"https:\/\/modenafuturacreativa.it\/de\/wp-json\/wp\/v2\/posts\/5445","targetHints":{"allow":["GET"]}}],"collection":[{"href":"https:\/\/modenafuturacreativa.it\/de\/wp-json\/wp\/v2\/posts"}],"about":[{"href":"https:\/\/modenafuturacreativa.it\/de\/wp-json\/wp\/v2\/types\/post"}],"author":[{"embeddable":true,"href":"https:\/\/modenafuturacreativa.it\/de\/wp-json\/wp\/v2\/users\/1"}],"replies":[{"embeddable":true,"href":"https:\/\/modenafuturacreativa.it\/de\/wp-json\/wp\/v2\/comments?post=5445"}],"version-history":[{"count":1,"href":"https:\/\/modenafuturacreativa.it\/de\/wp-json\/wp\/v2\/posts\/5445\/revisions"}],"predecessor-version":[{"id":5484,"href":"https:\/\/modenafuturacreativa.it\/de\/wp-json\/wp\/v2\/posts\/5445\/revisions\/5484"}],"wp:featuredmedia":[{"embeddable":true,"href":"https:\/\/modenafuturacreativa.it\/de\/wp-json\/wp\/v2\/media\/5482"}],"wp:attachment":[{"href":"https:\/\/modenafuturacreativa.it\/de\/wp-json\/wp\/v2\/media?parent=5445"}],"wp:term":[{"taxonomy":"category","embeddable":true,"href":"https:\/\/modenafuturacreativa.it\/de\/wp-json\/wp\/v2\/categories?post=5445"},{"taxonomy":"post_tag","embeddable":true,"href":"https:\/\/modenafuturacreativa.it\/de\/wp-json\/wp\/v2\/tags?post=5445"}],"curies":[{"name":"wp","href":"https:\/\/api.w.org\/{rel}","templated":true}]}}