{"id":5389,"date":"2025-09-23T20:09:08","date_gmt":"2025-09-23T18:09:08","guid":{"rendered":"https:\/\/modenafuturacreativa.it\/?p=5389"},"modified":"2025-09-23T20:09:35","modified_gmt":"2025-09-23T18:09:35","slug":"sorvegliati-e-sorveglianti-al-dig-una-performance-svela-i-paradossi-del-controllo","status":"publish","type":"post","link":"https:\/\/modenafuturacreativa.it\/de\/sorvegliati-e-sorveglianti-al-dig-una-performance-svela-i-paradossi-del-controllo\/","title":{"rendered":"\u00dcBERWACHT UND \u00dcBERWACHT: EINE PERFORMANCE BEI DIG ZEIGT DIE PARADOXIEN DER KONTROLLE"},"content":{"rendered":"<div id=\"fws_6a9b769679efe\"  data-column-margin=\"default\" data-midnight=\"dark\"  class=\"wpb_row vc_row-fluid vc_row\"  style=\"padding-top: 0px; padding-bottom: 0px; \"><div class=\"row-bg-wrap\" data-bg-animation=\"none\" data-bg-animation-delay=\"\" data-bg-overlay=\"false\"><div class=\"inner-wrap row-bg-layer\" ><div class=\"row-bg viewport-desktop\"  style=\"\"><\/div><\/div><\/div><div class=\"row_col_wrap_12 col span_12 dark left\">\n\t<div  class=\"vc_col-sm-12 wpb_column column_container vc_column_container col no-extra-padding inherit_tablet inherit_phone\"  data-padding-pos=\"all\" data-has-bg-color=\"false\" data-bg-color=\"\" data-bg-opacity=\"1\" data-animation=\"\" data-delay=\"0\" >\n\t\t<div class=\"vc_column-inner\" >\n\t\t\t<div class=\"wpb_wrapper\">\n\t\t\t\t\n<div class=\"wpb_text_column wpb_content_element\" >\n\t<p><strong>Mittwoch, 24. September, ein immersives Live-Set, produziert vom Centro Musica Modena zwischen Algorithmen, K\u00f6rpern und Kl\u00e4ngen in Echtzeit. In der Kirche des Collegio San Carlo. Eintritt frei<\/strong><\/p>\n<p>Mercoled\u00ec 24 settembre alle 22, nella chiesa della Fondazione Collegio San Carlo di Modena (via San Carlo 7), va in scena \u201cTRAP_OS \u2013 The Surveillance Game\u201d, performance audiovisiva del collettivo Synctrl, realizzata nell\u2019ambito del bando &#8220;The Watched World&#8221; promosso dal Centro Musica Modena per Dig Festival 2025, che quest\u2019anno porta il titolo Targets. L\u2019ingresso \u00e8 libero.<\/p>\n<p>Es handelt sich um ein immersives Live-Set mit Gamification-Elementen, das das Publikum mit der Frage konfrontiert, wie sich \u00dcberwachung ver\u00e4ndert, wenn sie nicht mehr eine \u00e4u\u00dfere Bedrohung darstellt, sondern zu einer verinnerlichten Logik wird, die Gesten, Gedanken und Verhalten konditionieren kann.<\/p>\n<p>Auf der B\u00fchne sind f\u00fcnf Performer an ein gemeinsames Netz, das Syncnet, angeschlossen, das von einer zentralen Maschine gesteuert wird, die ihre Bewegungen und die erzeugten Kl\u00e4nge in Echtzeit analysiert. Die Maschine beobachtet nicht nur, sondern stellt unsichtbare Regeln auf, die den Raum der Handlung neu definieren. St\u00f6rungen bestrafen die Wiederholung, das Licht isoliert die Unbeweglichkeit, die Automatisierung f\u00e4ngt die Versuche des Widerstands ab. Ihre stets pr\u00e4sente Stimme verwandelt den Algorithmus in einen aktiven Gespr\u00e4chspartner, der in der Lage ist, zu begrenzen, zu korrigieren und abzuweichen.<\/p>\n<p>Das Ergebnis ist eine st\u00e4ndige Spannung: auf der einen Seite die Unberechenbarkeit und Freiheit der Performer, auf der anderen Seite der algorithmische Einfluss, der orientiert und einschr\u00e4nkt. In diesem Szenario erscheint die Kontrolle nicht mehr als ein \u00e4u\u00dferer und erkennbarer \"Big Brother\", sondern als eine verteilte, allgegenw\u00e4rtige und unsichtbare Macht, die die Performer schlie\u00dflich verinnerlichen, bis hin zu dem Punkt, sie selbst zu reproduzieren.<\/p>\n<p>Die Performance entwickelt sich auf zwei miteinander verflochtenen Ebenen. Einerseits schl\u00e4gt sie eine kritische Reflexion \u00fcber die Verlagerung der Kontrolle weg vom K\u00f6rper und den physischen R\u00e4umen hin zu digitalen und immateriellen Bereichen vor; andererseits verfolgt sie die Entwicklung der Maschine selbst, die sich allm\u00e4hlich bewusst wird, dass sie selbst beobachtet und reguliert wird, und mit Strategien der Verteidigung und R\u00fcckeroberung reagiert.<\/p>\n<p>TRAP_OS wird so zu einer immersiven Erfahrung, die die Paradoxien der algorithmischen Macht befragt: eine Macht, die keinen direkten Zwang braucht, sondern durch unsichtbare Automatismen, Mikrosanktionen und R\u00fcckkopplungssysteme wirkt und Einfluss nimmt, ohne in Erscheinung zu treten. Darsteller und Publikum begeben sich in ein verst\u00f6rendes und faszinierendes Spiel, in dem Kontrolle ausge\u00fcbt und gleichzeitig erlitten wird.<\/p>\n<p>Das Projekt tr\u00e4gt die Handschrift des Synctrl-Kollektivs, bestehend aus Maru Barucco (Klangk\u00fcnstlerin, Performerin, Mitbegr\u00fcnderin des Hum-Kollektivs), Biagio Cavallo (Musiker und Sounddesigner), Chiara Vitofrancesco (bildende K\u00fcnstlerin und Performerin), Andrea Boschini (visueller Designer, Sonderpreis Fondazione Zucchelli 2023) und Gianluca Lovreglio (Licht- und Sounddesigner). Ihre Forschung verwebt Klang, visuelle Kunst und algorithmische Performance durch den Einsatz von Echtzeitsoftware und Protokollen, die Glitches, reaktive Lichter und performative Zw\u00e4nge in politische und \u00e4sthetische Werkzeuge verwandeln. Nach seinem Deb\u00fct mit synchromatriX ist TRAP_OS das zweite gro\u00dfe Projekt des Kollektivs.<\/p>\n<p>Die Auff\u00fchrung ist Teil des umfassenden Produktionsprojekts des Musikzentrums f\u00fcr 2025, das die Rolle Modenas als Unesco Creative City for Media Arts best\u00e4tigt: eine Werkstatt, die in der Lage ist, Experiment und Territorium, junge Talente und Kultureinrichtungen, Kunstsprachen und Dringlichkeiten der Gegenwart zu verbinden.<\/p>\n<p>Die Initiative ist Teil des Programms des Dig-Festivals, einer der wichtigsten internationalen Veranstaltungen, die sich dem investigativen Journalismus und seinen Verbindungen zu den Sprachen der Kunst und der Medien widmet. Seit 2015 bringt Dig Journalisten, Dokumentarfilmer, Aktivisten und Wissenschaftler aus \u00fcber 50 L\u00e4ndern nach Modena und schafft eine einzigartige B\u00fchne, um \u00fcber den Wert von Informationen und die heutige Gesellschaft nachzudenken.<\/p>\n<\/div>\n\n\n\n\n\t<div class=\"wpb_gallery wpb_content_element clearfix\">\n\t\t<div class=\"wpb_wrapper\"><div class=\"wpb_gallery_slidesflickity_style\" data-onclick=\"link_image\" data-interval=\"5\"><div class=\"nectar-flickity not-initialized\" role=\"region\" aria-roledescription=\"carousel\" aria-label=\"Bildergalerie\"  data-touch-icon-color=\"default\" data-stagger=\"\" data-drag-scale=\"\" data-overflow=\"hidden\" data-wrap=\"wrap\" data-spacing=\"default\" data-shadow=\"large_depth\" data-autoplay=\"true\" data-autoplay-dur=\"\" data-free-scroll=\"\" data-controls=\"material_pagination\" data-desktop-columns=\"1\" data-small-desktop-columns=\"1\" data-tablet-columns=\"1\" data-phone-columns=\"1\"><div class=\"flickity-viewport\"> <div class=\"flickity-slider\"><div class=\"cell\" data-lazy=\"false\"><img decoding=\"async\" class=\"skip-lazy nectar-lazy\" src=\"https:\/\/modenafuturacreativa.it\/wp-content\/uploads\/2025\/09\/image-600x450.jpg\" width=\"600\" height=\"450\" alt=\"image\" title=\"Bild\" loading=\"lazy\" \/><a class=\"entire-slide-link\" aria-label=\"Bild\"  href=\"https:\/\/modenafuturacreativa.it\/wp-content\/uploads\/2025\/09\/image.jpg\"><\/a><\/div><\/div><\/div><\/div><\/div>\n\t\t<\/div> \n\t<\/div> \n\t\t\t<\/div> \n\t\t<\/div>\n\t<\/div> \n<\/div><\/div>","protected":false},"excerpt":{"rendered":"Mercoled\u00ec 24 settembre un live set immersivo prodotto dal Centro Musica Modena tra algoritmi, corpi e suoni in tempo reale. Nella chiesa del Collegio San Carlo. Ingresso libero Mercoled\u00ec 24...","protected":false},"author":1,"featured_media":5425,"comment_status":"closed","ping_status":"closed","sticky":false,"template":"","format":"standard","meta":{"wpupg_custom_link":[],"wpupg_custom_link_behaviour":["default"],"wpupg_custom_link_nofollow":["default"],"wpupg_custom_image":[],"wpupg_custom_image_id":[],"footnotes":""},"categories":[475,1],"tags":[],"class_list":["post-5389","post","type-post","status-publish","format-standard","has-post-thumbnail","category-news","category-senza-categoria"],"_links":{"self":[{"href":"https:\/\/modenafuturacreativa.it\/de\/wp-json\/wp\/v2\/posts\/5389","targetHints":{"allow":["GET"]}}],"collection":[{"href":"https:\/\/modenafuturacreativa.it\/de\/wp-json\/wp\/v2\/posts"}],"about":[{"href":"https:\/\/modenafuturacreativa.it\/de\/wp-json\/wp\/v2\/types\/post"}],"author":[{"embeddable":true,"href":"https:\/\/modenafuturacreativa.it\/de\/wp-json\/wp\/v2\/users\/1"}],"replies":[{"embeddable":true,"href":"https:\/\/modenafuturacreativa.it\/de\/wp-json\/wp\/v2\/comments?post=5389"}],"version-history":[{"count":1,"href":"https:\/\/modenafuturacreativa.it\/de\/wp-json\/wp\/v2\/posts\/5389\/revisions"}],"predecessor-version":[{"id":5426,"href":"https:\/\/modenafuturacreativa.it\/de\/wp-json\/wp\/v2\/posts\/5389\/revisions\/5426"}],"wp:featuredmedia":[{"embeddable":true,"href":"https:\/\/modenafuturacreativa.it\/de\/wp-json\/wp\/v2\/media\/5425"}],"wp:attachment":[{"href":"https:\/\/modenafuturacreativa.it\/de\/wp-json\/wp\/v2\/media?parent=5389"}],"wp:term":[{"taxonomy":"category","embeddable":true,"href":"https:\/\/modenafuturacreativa.it\/de\/wp-json\/wp\/v2\/categories?post=5389"},{"taxonomy":"post_tag","embeddable":true,"href":"https:\/\/modenafuturacreativa.it\/de\/wp-json\/wp\/v2\/tags?post=5389"}],"curies":[{"name":"wp","href":"https:\/\/api.w.org\/{rel}","templated":true}]}}