{"id":5276,"date":"2025-09-11T15:40:49","date_gmt":"2025-09-11T13:40:49","guid":{"rendered":"https:\/\/modenafuturacreativa.it\/?p=5276"},"modified":"2025-09-11T15:43:28","modified_gmt":"2025-09-11T13:43:28","slug":"ago-off-mancuso-e-niessen-tra-arte-e-tecnoscienze","status":"publish","type":"post","link":"https:\/\/modenafuturacreativa.it\/de\/ago-off-mancuso-e-niessen-tra-arte-e-tecnoscienze\/","title":{"rendered":"BEI NEEDLE OFF MANCUSO UND NIESSEN ZWISCHEN KUNST UND TECHNOSCIENCE"},"content":{"rendered":"<div id=\"fws_6a9b7694cb908\"  data-column-margin=\"default\" data-midnight=\"dark\"  class=\"wpb_row vc_row-fluid vc_row\"  style=\"padding-top: 0px; padding-bottom: 0px; \"><div class=\"row-bg-wrap\" data-bg-animation=\"none\" data-bg-animation-delay=\"\" data-bg-overlay=\"false\"><div class=\"inner-wrap row-bg-layer\" ><div class=\"row-bg viewport-desktop\"  style=\"\"><\/div><\/div><\/div><div class=\"row_col_wrap_12 col span_12 dark left\">\n\t<div  class=\"vc_col-sm-12 wpb_column column_container vc_column_container col no-extra-padding inherit_tablet inherit_phone\"  data-padding-pos=\"all\" data-has-bg-color=\"false\" data-bg-color=\"\" data-bg-opacity=\"1\" data-animation=\"\" data-delay=\"0\" >\n\t\t<div class=\"vc_column-inner\" >\n\t\t\t<div class=\"wpb_wrapper\">\n\t\t\t\t\n<div class=\"wpb_text_column wpb_content_element\" >\n\t<p><strong>Samstag, 13. September, auf der B\u00fchne des Sant'Agostino mit der Fondazione di Modena und FEM ein Dialog zwischen Kritikern und Soziologen zum Thema \"Verflechtung\" zwischen menschlichen und nicht-menschlichen Autoren<\/strong><\/p>\n<p>'Verflechtung. Menschliche und nicht-menschliche Autoren zwischen Kunst, Kultur und Technowissenschaft\". Unter diesem Motto findet am Samstag, den 13. September, um 21 Uhr auf der Piazza Sant'Agostino in Modena ein Dialog zwischen dem Kritiker und Kurator f\u00fcr zeitgen\u00f6ssische Kunst Marco Mancuso und dem Soziologen und wissenschaftlichen Leiter der kulturellen Innovationsplattform \"cheFare\" Bertram Niessen statt.<\/p>\n<p>Die von der Fondazione di Modena und FEM, Future Education Modena, gef\u00f6rderte Initiative ist Teil von Ago Off, den von der Fondazione Ago koordinierten Dialogen rund um die Kunst, die im Rahmen des von der Stadtverwaltung und der Stiftung organisierten Modena Summer stattfanden.<\/p>\n<p>Il dialogo tra i due studiosi si sviluppa attorno all\u2019idea di un nuovo pensiero ecologico dal quale emergono diversi interrogativi. Per esempio, come pensare di riconoscere un ruolo, sociale e politico, ad attori naturali e artificiali che abitano un mondo in cui noi esseri umani ci troviamo in una relazione crescente di interdipendenza con l&#8217;ambiente che ci circonda? Oppure, quali sfide si pongono sul piano culturale e quali su quello estetico?<\/p>\n<p>Im vergangenen Jahr kuratierte Marco Mancuso f\u00fcr die Ago-Stiftung die Ausstellung \"Umwelt\", die anhand der Werke verschiedener internationaler K\u00fcnstler der Frage gewidmet war, wie Kunst und technowissenschaftliche Artefakte uns ein tieferes Verst\u00e4ndnis nicht-menschlicher Ausdrucksformen von Intelligenz vermitteln k\u00f6nnen, um mit ihnen in Beziehung zu treten, sie in ein neues kollektives Umfeld zu integrieren und eine erneuerte \u00f6kologische Ethik zu verbreiten, indem neue Formen des Dialogs und der Beziehungen zwischen Menschen und dem nat\u00fcrlichen und k\u00fcnstlichen Kontext geschaffen werden.<\/p>\n<p>Die Ago Off-Revue endet am Montag, den 15. September um 21 Uhr mit dem von der Fondazione di Modena gemeinsam mit Ago gef\u00f6rderten Treffen mit dem Experten f\u00fcr digitale Geisteswissenschaften Jeffrey Schnapp, Italiener und Historiker, Harvard-Dozent und Autor des Buches \"Storia rapida della velocit\u00e0\" (Saggiatore editions). Schnapp diskutiert dar\u00fcber mit dem Anthropologen Adriano Favole und Antonello Coletta, CEO von Ferrari WEC. Das Treffen wird von der Motorjournalistin Maria Grazia Lechleitner moderiert.<\/p>\n<p>Si possono scaricare le foto di Bertram Niessen e Marco Mancuso nell&#8217;ambito dlela mostra &#8220;Umwelt&#8221;, oltre a immagini della piazza<\/p>\n<p>Pressestelle: <a title=\"press@fondazioneago.it\" href=\"mailto:press@fondazioneago.it\">press@fondazioneago.it<\/a><\/p>\n<\/div>\n\n\n\n\n\t<div class=\"wpb_gallery wpb_content_element clearfix\">\n\t\t<div class=\"wpb_wrapper\"><div class=\"wpb_gallery_slidesflickity_style\" data-onclick=\"link_image\" data-interval=\"5\"><div class=\"nectar-flickity not-initialized\" role=\"region\" aria-roledescription=\"carousel\" aria-label=\"Bildergalerie\"  data-touch-icon-color=\"default\" data-stagger=\"\" data-drag-scale=\"\" data-overflow=\"hidden\" data-wrap=\"wrap\" data-spacing=\"default\" data-shadow=\"large_depth\" data-autoplay=\"true\" data-autoplay-dur=\"\" data-free-scroll=\"\" data-controls=\"material_pagination\" data-desktop-columns=\"1\" data-small-desktop-columns=\"1\" data-tablet-columns=\"1\" data-phone-columns=\"1\"><div class=\"flickity-viewport\"> <div class=\"flickity-slider\"><div class=\"cell\" data-lazy=\"false\"><img decoding=\"async\" class=\"skip-lazy nectar-lazy\" src=\"https:\/\/modenafuturacreativa.it\/wp-content\/uploads\/2025\/09\/Marco-Mancuso-mostra-Unwelt-600x450.jpeg\" width=\"600\" height=\"450\" alt=\"Marco Mancuso - mostra Unwelt\" title=\"Marco Mancuso - Ausstellung Unwelt\" loading=\"lazy\" \/><a class=\"entire-slide-link\" aria-label=\"Marco Mancuso - Ausstellung Unwelt\"  href=\"https:\/\/modenafuturacreativa.it\/wp-content\/uploads\/2025\/09\/Marco-Mancuso-mostra-Unwelt.jpeg\"><\/a><\/div><div class=\"cell\" data-lazy=\"false\"><img decoding=\"async\" class=\"skip-lazy nectar-lazy\" src=\"https:\/\/modenafuturacreativa.it\/wp-content\/uploads\/2025\/09\/Bertram-Niessen-2-600x450.jpeg\" width=\"600\" height=\"450\" alt=\"Bertram-Niessen 2\" title=\"Bertram-Niessen 2\" loading=\"lazy\" \/><a class=\"entire-slide-link\" aria-label=\"Bertram-Niessen 2\"  href=\"https:\/\/modenafuturacreativa.it\/wp-content\/uploads\/2025\/09\/Bertram-Niessen-2.jpeg\"><\/a><\/div><div class=\"cell\" data-lazy=\"false\"><img decoding=\"async\" class=\"skip-lazy nectar-lazy\" src=\"https:\/\/modenafuturacreativa.it\/wp-content\/uploads\/2025\/09\/Ago-Off-piazza-600x450.jpg\" width=\"600\" height=\"450\" alt=\"Ago Off - piazza\" title=\"Ago Off - quadratisch\" loading=\"lazy\" \/><a class=\"entire-slide-link\" aria-label=\"Ago Off - quadratisch\"  href=\"https:\/\/modenafuturacreativa.it\/wp-content\/uploads\/2025\/09\/Ago-Off-piazza.jpg\"><\/a><\/div><div class=\"cell\" data-lazy=\"false\"><img decoding=\"async\" class=\"skip-lazy nectar-lazy\" src=\"https:\/\/modenafuturacreativa.it\/wp-content\/uploads\/2025\/09\/Ago-Off-piazza-2-600x450.jpg\" width=\"600\" height=\"450\" alt=\"Ago Off - piazza 2\" title=\"Ago Off - Platz 2\" loading=\"lazy\" \/><a class=\"entire-slide-link\" aria-label=\"Ago Off - Platz 2\"  href=\"https:\/\/modenafuturacreativa.it\/wp-content\/uploads\/2025\/09\/Ago-Off-piazza-2.jpg\"><\/a><\/div><\/div><\/div><\/div><\/div>\n\t\t<\/div> \n\t<\/div> \n\t\t\t<\/div> \n\t\t<\/div>\n\t<\/div> \n<\/div><\/div>","protected":false},"excerpt":{"rendered":"Sabato 13 settembre sul palco del Sant\u2019Agostino con Fondazione di Modena e FEM un dialogo su \u201cIntrecci\u201d tra autori umani e non umani tra il critico e il sociologo \u201cIntrecci....","protected":false},"author":1,"featured_media":5308,"comment_status":"closed","ping_status":"closed","sticky":false,"template":"","format":"standard","meta":{"wpupg_custom_link":[],"wpupg_custom_link_behaviour":["default"],"wpupg_custom_link_nofollow":["default"],"wpupg_custom_image":[],"wpupg_custom_image_id":[],"footnotes":""},"categories":[475],"tags":[],"class_list":["post-5276","post","type-post","status-publish","format-standard","has-post-thumbnail","category-news"],"_links":{"self":[{"href":"https:\/\/modenafuturacreativa.it\/de\/wp-json\/wp\/v2\/posts\/5276","targetHints":{"allow":["GET"]}}],"collection":[{"href":"https:\/\/modenafuturacreativa.it\/de\/wp-json\/wp\/v2\/posts"}],"about":[{"href":"https:\/\/modenafuturacreativa.it\/de\/wp-json\/wp\/v2\/types\/post"}],"author":[{"embeddable":true,"href":"https:\/\/modenafuturacreativa.it\/de\/wp-json\/wp\/v2\/users\/1"}],"replies":[{"embeddable":true,"href":"https:\/\/modenafuturacreativa.it\/de\/wp-json\/wp\/v2\/comments?post=5276"}],"version-history":[{"count":1,"href":"https:\/\/modenafuturacreativa.it\/de\/wp-json\/wp\/v2\/posts\/5276\/revisions"}],"predecessor-version":[{"id":5311,"href":"https:\/\/modenafuturacreativa.it\/de\/wp-json\/wp\/v2\/posts\/5276\/revisions\/5311"}],"wp:featuredmedia":[{"embeddable":true,"href":"https:\/\/modenafuturacreativa.it\/de\/wp-json\/wp\/v2\/media\/5308"}],"wp:attachment":[{"href":"https:\/\/modenafuturacreativa.it\/de\/wp-json\/wp\/v2\/media?parent=5276"}],"wp:term":[{"taxonomy":"category","embeddable":true,"href":"https:\/\/modenafuturacreativa.it\/de\/wp-json\/wp\/v2\/categories?post=5276"},{"taxonomy":"post_tag","embeddable":true,"href":"https:\/\/modenafuturacreativa.it\/de\/wp-json\/wp\/v2\/tags?post=5276"}],"curies":[{"name":"wp","href":"https:\/\/api.w.org\/{rel}","templated":true}]}}