{"id":5123,"date":"2025-08-21T11:59:43","date_gmt":"2025-08-21T09:59:43","guid":{"rendered":"https:\/\/modenafuturacreativa.it\/?p=5123"},"modified":"2025-08-21T12:01:11","modified_gmt":"2025-08-21T10:01:11","slug":"quayola-festivalfilosofia","status":"publish","type":"post","link":"https:\/\/modenafuturacreativa.it\/de\/quayola-festivalfilosofia\/","title":{"rendered":"QUAYOLA KEHRT F\u00dcR FESTIVALFILOSOPHY NACH MODENA ZUR\u00dcCK"},"content":{"rendered":"<div id=\"fws_6a9b7700b7664\"  data-column-margin=\"default\" data-midnight=\"dark\"  class=\"wpb_row vc_row-fluid vc_row\"  style=\"padding-top: 0px; padding-bottom: 0px; \"><div class=\"row-bg-wrap\" data-bg-animation=\"none\" data-bg-animation-delay=\"\" data-bg-overlay=\"false\"><div class=\"inner-wrap row-bg-layer\" ><div class=\"row-bg viewport-desktop\"  style=\"\"><\/div><\/div><\/div><div class=\"row_col_wrap_12 col span_12 dark left\">\n\t<div  class=\"vc_col-sm-12 wpb_column column_container vc_column_container col no-extra-padding inherit_tablet inherit_phone\"  data-padding-pos=\"all\" data-has-bg-color=\"false\" data-bg-color=\"\" data-bg-opacity=\"1\" data-animation=\"\" data-delay=\"0\" >\n\t\t<div class=\"vc_column-inner\" >\n\t\t\t<div class=\"wpb_wrapper\">\n\t\t\t\t\n<div class=\"wpb_text_column wpb_content_element\" >\n\t<p><strong>Dal 19 settembre con Fondazione Ago una selezione di opere dell\u2019artista digitale che esplora il rapporto tra arte e nuove tecnologie sviluppato anche nell\u2019esposizione in Qatar con l&#8217;Ambasciata<\/strong><\/p>\n<p>K\u00fcnstler k\u00f6nnen heute den Maschinen beibringen, wie man Bilder erzeugt, indem sie Wissen und Techniken weitergeben und von ihnen die M\u00f6glichkeit erhalten, neue \u00e4sthetische und wahrnehmungsbezogene Horizonte zu erkunden. Eine Reflexion \u00fcber die Beziehung zwischen Kunst und neuen algorithmischen Gesten, die der Digitalk\u00fcnstler Quayola ab Freitag, dem 19. September, in Modena zusammen mit der Fondazione Ago im Rahmen des Festivalsfilosofia vorschlagen wird, das der Paideia, also der Wissensvermittlung, gewidmet ist.<\/p>\n<p>Nach der Ausstellung \"Nuovo Paesaggio\" in den letzten Monaten in Doha, Katar, die von der italienischen Botschaft und den Museen von Katar gef\u00f6rdert und von der Generaldirektion f\u00fcr zeitgen\u00f6ssische Kreativit\u00e4t des Kulturministeriums unterst\u00fctzt wurde, kehrt Quayola in Zusammenarbeit mit der Fondazione Ago Modena Fabbriche Culturali und unter der Leitung von Claudio Composti nach Modena zur\u00fcck, wo er 2020 seine erste Einzelausstellung in einer \u00f6ffentlichen italienischen Einrichtung, der damaligen Fondazione Modena arti visive, realisiert hatte: \"Ultima perfezione\", kuratiert von Daniele De Luigi.<\/p>\n<p>Proprio De Luigi \u00e8 il curatore della nuova mostra che, con la collaborazione Quayola Studio e anche sulla base dell\u2019esperienza sviluppata in Qatar insieme ad Ambasciata e Ministero, propone una piccola selezione di opere allestita a Palazzo Santa Margherita fino al 5 ottobre: una della serie \u201cStorms\u201d, la stessa presentata in Qatar, e due della serie \u201cGiuditta e Oloferne\u201d (&#8220;Iconographies #21-80: Judith and Holofernes&#8221;), gi\u00e0 presenti nelle collezioni di Fondazione Ago. Accompagna l\u2019esposizione una video intervista all\u2019artista sulla sua esperienza di \u201ccollaborazione\u201d con le macchine e di rapporto con la tecnologia: \u201c\u00c8 un\u2019opportunit\u00e0 per scoprire nuovi modi di vedere il mondo \u2013 racconta Quayola \u2013 \u00e8 un\u2019estensione dei nostri sensi, che ci permette di percepire la realt\u00e0 in maniera radicalmente nuova e diversa\u201d.<\/p>\n<p>In seiner Praxis entwickelt Quayola ma\u00dfgeschneiderte Software, um die neue algorithmische \u00c4sthetik zu erforschen, die sich aus seiner Zusammenarbeit mit Maschinen ergibt: \"Ich bin fasziniert von Code und Technologie, nicht als Mittel, um ein Subjekt zu reproduzieren, sondern vielmehr als die eigentlichen Themen der Untersuchung.<\/p>\n<p>\u201cQuayola \u2013 sottolinea Daniele De Luigi &#8211; utilizza la tecnologia come lente per esplorare le tensioni e gli equilibri tra forze apparentemente opposte: il reale e l&#8217;artificiale, il figurativo e l&#8217;astratto, il vecchio e il nuovo. Mediante installazioni immersive, reinterpreta l&#8217;immaginario tradizionale della storia dell\u2019arte. La sua pratica diversificata, interamente derivata da software personalizzati, include anche performance audiovisive, installazioni video immersive, sculture e opere su carta\u201d.<\/p>\n<p>Seine Werke sind in zahlreichen renommierten Kultureinrichtungen auf der ganzen Welt zu sehen: vom V&amp;A in London bis zur Park Avenue Armory in New York, vom National Art Center in Tokio bis zum UCCA in Peking und weiter zum How Art Museum in Shanghai, dem Palais de Tokyo in Paris, dem Sonar Festival in Barcelona und der Ars Electronica in Linz, wo er 2013 den Golden Nica Award erhielt. Auch seine Kooperationen in musikalischen Projekten sind zahlreich.<\/p>\n<p>W\u00e4hrend des Festivalfilosofia ist die Ausstellung am Freitag, 19. und Samstag, 20. September, von 9 bis 23 Uhr und am Sonntag, 21. September, von 9 bis 21 Uhr ge\u00f6ffnet. Ab der darauffolgenden Woche ist die Ausstellung bei freiem Eintritt mittwochs bis freitags von 11 bis 13 Uhr und 16 bis 19 Uhr, samstags und sonntags von 11 bis 19 Uhr ge\u00f6ffnet: <a href=\"http:\/\/www.agomodena.it.\" target=\"_blank\" rel=\"noopener\">www.agomodena.it.<\/a><\/p>\n<\/div>\n\n\n\n\n\t<div class=\"wpb_gallery wpb_content_element clearfix\">\n\t\t<div class=\"wpb_wrapper\"><div class=\"wpb_gallery_slidesflickity_style\" data-onclick=\"link_image\" data-interval=\"5\"><div class=\"nectar-flickity not-initialized\" role=\"region\" aria-roledescription=\"carousel\" aria-label=\"Bildergalerie\"  data-touch-icon-color=\"default\" data-stagger=\"\" data-drag-scale=\"\" data-overflow=\"hidden\" data-wrap=\"wrap\" data-spacing=\"default\" data-shadow=\"large_depth\" data-autoplay=\"true\" data-autoplay-dur=\"\" data-free-scroll=\"\" data-controls=\"material_pagination\" data-desktop-columns=\"1\" data-small-desktop-columns=\"1\" data-tablet-columns=\"1\" data-phone-columns=\"1\"><div class=\"flickity-viewport\"> <div class=\"flickity-slider\"><div class=\"cell\" data-lazy=\"false\"><img decoding=\"async\" class=\"skip-lazy nectar-lazy\" src=\"https:\/\/modenafuturacreativa.it\/wp-content\/uploads\/2025\/08\/Quayola_Sirani_1917g-600x450.jpg\" width=\"600\" height=\"450\" alt=\"Quayola - Ultima Perfezione\" title=\"Quayola - Letzte Perfektion\" loading=\"lazy\" \/><a class=\"entire-slide-link\" aria-label=\"Quayola - Letzte Perfektion\"  href=\"https:\/\/modenafuturacreativa.it\/wp-content\/uploads\/2025\/08\/Quayola_Sirani_1917g.jpg\"><\/a><\/div><div class=\"cell\" data-lazy=\"false\"><img decoding=\"async\" class=\"skip-lazy nectar-lazy\" src=\"https:\/\/modenafuturacreativa.it\/wp-content\/uploads\/2025\/08\/Quayola_Storm-scaled-600x450.jpg\" width=\"600\" height=\"450\" alt=\"Quayola_Storm\" title=\"Quayola_Sturm\" loading=\"lazy\" \/><a class=\"entire-slide-link\" aria-label=\"Quayola_Sturm\"  href=\"https:\/\/modenafuturacreativa.it\/wp-content\/uploads\/2025\/08\/Quayola_Storm-scaled.jpg\"><\/a><\/div><\/div><\/div><\/div><\/div>\n\t\t<\/div> \n\t<\/div> \n\t\t\t<\/div> \n\t\t<\/div>\n\t<\/div> \n<\/div><\/div>","protected":false},"excerpt":{"rendered":"Dal 19 settembre con Fondazione Ago una selezione di opere dell\u2019artista digitale che esplora il rapporto tra arte e nuove tecnologie sviluppato anche nell\u2019esposizione in Qatar con l'Ambasciata Gli artisti...","protected":false},"author":1,"featured_media":5153,"comment_status":"closed","ping_status":"closed","sticky":false,"template":"","format":"standard","meta":{"wpupg_custom_link":[],"wpupg_custom_link_behaviour":["default"],"wpupg_custom_link_nofollow":["default"],"wpupg_custom_image":[],"wpupg_custom_image_id":[],"footnotes":""},"categories":[475],"tags":[],"class_list":["post-5123","post","type-post","status-publish","format-standard","has-post-thumbnail","category-news"],"_links":{"self":[{"href":"https:\/\/modenafuturacreativa.it\/de\/wp-json\/wp\/v2\/posts\/5123","targetHints":{"allow":["GET"]}}],"collection":[{"href":"https:\/\/modenafuturacreativa.it\/de\/wp-json\/wp\/v2\/posts"}],"about":[{"href":"https:\/\/modenafuturacreativa.it\/de\/wp-json\/wp\/v2\/types\/post"}],"author":[{"embeddable":true,"href":"https:\/\/modenafuturacreativa.it\/de\/wp-json\/wp\/v2\/users\/1"}],"replies":[{"embeddable":true,"href":"https:\/\/modenafuturacreativa.it\/de\/wp-json\/wp\/v2\/comments?post=5123"}],"version-history":[{"count":1,"href":"https:\/\/modenafuturacreativa.it\/de\/wp-json\/wp\/v2\/posts\/5123\/revisions"}],"predecessor-version":[{"id":5154,"href":"https:\/\/modenafuturacreativa.it\/de\/wp-json\/wp\/v2\/posts\/5123\/revisions\/5154"}],"wp:featuredmedia":[{"embeddable":true,"href":"https:\/\/modenafuturacreativa.it\/de\/wp-json\/wp\/v2\/media\/5153"}],"wp:attachment":[{"href":"https:\/\/modenafuturacreativa.it\/de\/wp-json\/wp\/v2\/media?parent=5123"}],"wp:term":[{"taxonomy":"category","embeddable":true,"href":"https:\/\/modenafuturacreativa.it\/de\/wp-json\/wp\/v2\/categories?post=5123"},{"taxonomy":"post_tag","embeddable":true,"href":"https:\/\/modenafuturacreativa.it\/de\/wp-json\/wp\/v2\/tags?post=5123"}],"curies":[{"name":"wp","href":"https:\/\/api.w.org\/{rel}","templated":true}]}}