{"id":4978,"date":"2025-07-21T18:24:31","date_gmt":"2025-07-21T16:24:31","guid":{"rendered":"https:\/\/modenafuturacreativa.it\/?p=4978"},"modified":"2025-07-21T18:24:31","modified_gmt":"2025-07-21T16:24:31","slug":"le-nuove-uscite-del-dondolo-tra-cimiteri-alberi-e-maternita","status":"publish","type":"post","link":"https:\/\/modenafuturacreativa.it\/de\/le-nuove-uscite-del-dondolo-tra-cimiteri-alberi-e-maternita\/","title":{"rendered":"Neue Swing-Ver\u00f6ffentlichungen, zwischen Friedh\u00f6fen, B\u00e4umen und Mutterschaft"},"content":{"rendered":"<div id=\"fws_6a9b769494a2f\"  data-column-margin=\"default\" data-midnight=\"dark\"  class=\"wpb_row vc_row-fluid vc_row\"  style=\"padding-top: 0px; padding-bottom: 0px; \"><div class=\"row-bg-wrap\" data-bg-animation=\"none\" data-bg-animation-delay=\"\" data-bg-overlay=\"false\"><div class=\"inner-wrap row-bg-layer\" ><div class=\"row-bg viewport-desktop\"  style=\"\"><\/div><\/div><\/div><div class=\"row_col_wrap_12 col span_12 dark left\">\n\t<div  class=\"vc_col-sm-12 wpb_column column_container vc_column_container col no-extra-padding inherit_tablet inherit_phone\"  data-padding-pos=\"all\" data-has-bg-color=\"false\" data-bg-color=\"\" data-bg-opacity=\"1\" data-animation=\"\" data-delay=\"0\" >\n\t\t<div class=\"vc_column-inner\" >\n\t\t\t<div class=\"wpb_wrapper\">\n\t\t\t\t\n\t<div class=\"wpb_gallery wpb_content_element clearfix\">\n\t\t<div class=\"wpb_wrapper\"><div class=\"wpb_gallery_slidesflickity_style\" data-onclick=\"link_image\" data-interval=\"5\"><div class=\"nectar-flickity not-initialized\" role=\"region\" aria-roledescription=\"carousel\" aria-label=\"Bildergalerie\"  data-touch-icon-color=\"default\" data-stagger=\"\" data-drag-scale=\"\" data-overflow=\"hidden\" data-wrap=\"wrap\" data-spacing=\"default\" data-shadow=\"large_depth\" data-autoplay=\"true\" data-autoplay-dur=\"\" data-free-scroll=\"\" data-controls=\"material_pagination\" data-desktop-columns=\"1\" data-small-desktop-columns=\"1\" data-tablet-columns=\"1\" data-phone-columns=\"1\"><div class=\"flickity-viewport\"> <div class=\"flickity-slider\"><div class=\"cell\" data-lazy=\"false\"><img decoding=\"async\" class=\"skip-lazy nectar-lazy\" src=\"https:\/\/modenafuturacreativa.it\/wp-content\/uploads\/2025\/07\/image-200-b10c50f809be8f3e1ba897d0305ee1b6.jpeg\" width=\"200\" height=\"261\" alt=\"image-200-b10c50f809be8f3e1ba897d0305ee1b6\" title=\"image-200-b10c50f809be8f3e1ba897d0305ee1b6\" loading=\"lazy\" \/><a class=\"entire-slide-link\" aria-label=\"image-200-b10c50f809be8f3e1ba897d0305ee1b6\"  href=\"https:\/\/modenafuturacreativa.it\/wp-content\/uploads\/2025\/07\/image-200-b10c50f809be8f3e1ba897d0305ee1b6.jpeg\"><\/a><\/div><div class=\"cell\" data-lazy=\"false\"><img decoding=\"async\" class=\"skip-lazy nectar-lazy\" src=\"https:\/\/modenafuturacreativa.it\/wp-content\/uploads\/2025\/07\/image-600-34dc843602237c3ef3f9d0543ffd0e02-600x450.jpeg\" width=\"600\" height=\"450\" alt=\"image-600-34dc843602237c3ef3f9d0543ffd0e02\" title=\"image-600-34dc843602237c3ef3f9d0543ffd0e02\" loading=\"lazy\" \/><a class=\"entire-slide-link\" aria-label=\"image-600-34dc843602237c3ef3f9d0543ffd0e02\"  href=\"https:\/\/modenafuturacreativa.it\/wp-content\/uploads\/2025\/07\/image-600-34dc843602237c3ef3f9d0543ffd0e02.jpeg\"><\/a><\/div><div class=\"cell\" data-lazy=\"false\"><img decoding=\"async\" class=\"skip-lazy nectar-lazy\" src=\"https:\/\/modenafuturacreativa.it\/wp-content\/uploads\/2025\/07\/image-600-4513f7a0116e132b8a97100d4b996b32-600x450.jpeg\" width=\"600\" height=\"450\" alt=\"image-600-4513f7a0116e132b8a97100d4b996b32\" title=\"image-600-4513f7a0116e132b8a97100d4b996b32\" loading=\"lazy\" \/><a class=\"entire-slide-link\" aria-label=\"image-600-4513f7a0116e132b8a97100d4b996b32\"  href=\"https:\/\/modenafuturacreativa.it\/wp-content\/uploads\/2025\/07\/image-600-4513f7a0116e132b8a97100d4b996b32.jpeg\"><\/a><\/div><div class=\"cell\" data-lazy=\"false\"><img decoding=\"async\" class=\"skip-lazy nectar-lazy\" src=\"https:\/\/modenafuturacreativa.it\/wp-content\/uploads\/2025\/07\/image-600-cf48656c3371f47b2c508bf80b1d662f-600x450.jpeg\" width=\"600\" height=\"450\" alt=\"image-600-cf48656c3371f47b2c508bf80b1d662f\" title=\"image-600-cf48656c3371f47b2c508bf80b1d662f\" loading=\"lazy\" \/><a class=\"entire-slide-link\" aria-label=\"image-600-cf48656c3371f47b2c508bf80b1d662f\"  href=\"https:\/\/modenafuturacreativa.it\/wp-content\/uploads\/2025\/07\/image-600-cf48656c3371f47b2c508bf80b1d662f.jpeg\"><\/a><\/div><div class=\"cell\" data-lazy=\"false\"><img decoding=\"async\" class=\"skip-lazy nectar-lazy\" src=\"https:\/\/modenafuturacreativa.it\/wp-content\/uploads\/2025\/07\/image-800-fcb59289b21cdaa0442e7247172da1cc-600x450.jpeg\" width=\"600\" height=\"450\" alt=\"image-800-fcb59289b21cdaa0442e7247172da1cc\" title=\"image-800-fcb59289b21cdaa0442e7247172da1cc\" loading=\"lazy\" \/><a class=\"entire-slide-link\" aria-label=\"image-800-fcb59289b21cdaa0442e7247172da1cc\"  href=\"https:\/\/modenafuturacreativa.it\/wp-content\/uploads\/2025\/07\/image-800-fcb59289b21cdaa0442e7247172da1cc.jpeg\"><\/a><\/div><\/div><\/div><\/div><\/div>\n\t\t<\/div> \n\t<\/div> \n<div class=\"wpb_text_column wpb_content_element\" >\n\t<p><strong>Die digitale Serie der Stadtverwaltung Modena zeigt Orte, an denen Geschichten, Leben, Wurzeln, Erinnerung und Zukunft miteinander verwoben sind<\/strong><\/p>\n<p>Mit insgesamt \u00fcber 150.000 Downloads seit seinem Deb\u00fct best\u00e4tigt sich der Verlag Il Dondolo der Stadtverwaltung Modena als Laboratorium f\u00fcr zeitgen\u00f6ssisches Schreiben, das in der Lage ist, kulturellen Projekten im Dialog mit der Stadt und den Ver\u00e4nderungen unserer Zeit eine Stimme zu geben. Bis heute sind 91 Ver\u00f6ffentlichungen in der Reihe erschienen, davon 8 im Jahr 2024 und 7 im ersten Halbjahr 2025, die alle kostenlos von der Website heruntergeladen werden k\u00f6nnen\u00a0<a title=\"opensInNewTab\" href=\"http:\/\/www.ildondolo.it\/\" target=\"_blank\" rel=\"noopener noreferrer\">www.ildondolo.it<\/a>.<\/p>\n<p>Zu den neuesten Ver\u00f6ffentlichungen geh\u00f6ren die drei Dondoli, die dem Projekt \"La citt\u00e0 dei vivi, la citt\u00e0 dei morti\" (Die Stadt der Lebenden, die Stadt der Toten) gewidmet sind, das von der Kulturabteilung der Gemeinde Modena gef\u00f6rdert wird, um den auf dem Friedhof San Cataldo begrabenen Menschen eine Stimme und ein Ged\u00e4chtnis zu geben, einem Ort, der immer die Geschichte und die Ver\u00e4nderungen der Stadt widerspiegelt. Ein Projekt, das Architektur, Geschichte, Musik und Technologie zu einem Sound-Guide verwebt.\u00a0<em>online<\/em>\u00a0(<a title=\"opensInNewTab\" href=\"https:\/\/cimiteromonumentale.comune.modena.it\/guida\" target=\"_blank\" rel=\"noopener noreferrer\">https:\/\/cimiteromonumentale.comune.modena.it\/guida<\/a>), wo sich die Tonspuren zwischen dem von Cesare Costa entworfenen Friedhof aus dem 19. Jahrhundert, dem j\u00fcdischen Friedhof und dem ikonischen unvollendeten Friedhof von Aldo Rossi bewegen, einer architektonischen Metapher f\u00fcr die Zerbrechlichkeit der Erinnerung und das Vergehen der Zeit.<\/p>\n<p>In dem Verlagsprojekt von Il Dondolo werden diese Stimmen zu Geschichten. Beppe Cottafavi, Direktor des Verlags, er\u00f6ffnete die Reihe mit der Kurzgeschichte \"Epitaffio\", die auch in der Kioskausgabe von Finzioni, dem Kulturmonat der Tageszeitung Domani, ver\u00f6ffentlicht wurde. Es folgte Elena Bosi, die im vergangenen Jahr ihren ersten, unwiderstehlichen Roman \"Mio padre \u00e8 nato per i piedi\" (Mein Vater wurde f\u00fcr die F\u00fc\u00dfe geboren) bei Neri Pozza ver\u00f6ffentlichte, und dann \"Il Dondolo\" mit einer Reihe von unver\u00f6ffentlichten Kurzgeschichten, die minimalen und marginalen Figuren, die aus der Vergessenheit auftauchen, eine Stimme geben. Das dritte Buch \"Die Stadt der Lebenden, die Stadt der Toten\" schlie\u00dflich versammelt die Erz\u00e4hlungen, die den Sound Guide begleiten, Geschichten von gew\u00f6hnlichen Menschen, die gerade in ihrer Gew\u00f6hnlichkeit die moralische und kollektive Struktur der Stadt widerspiegeln. Ein perfektes Echo auf Rossis unvollendetes Projekt: eine Stadt der Toten, die mit der der Lebenden spricht.<\/p>\n<p>Neben diesen der Erinnerung gewidmeten Pfaden ver\u00f6ffentlicht Il Dondolo auch die Anthologie \"Noi e gli alberi\" (\"Wir und die B\u00e4ume\"), die im Rahmen des Rotary Modena L.A. Muratori 2025 Preises entstanden ist, der dieses Jahr in Zusammenarbeit mit dem Alberi Festival mit neuen Abschnitten, die der Beziehung zwischen Literatur und Umwelt gewidmet sind, erneuert wurde. Die Anthologie vereint die Kurzgeschichten der Gewinner und Finalisten des Wettbewerbs und erg\u00e4nzt das bereits von Il Dondolo herausgegebene \"Laien-Missale\", das sich mit den philosophischen und kulturellen Wurzeln des Festivals in Modena befasst und vom vision\u00e4ren Werk des Architekten Cesare Leonardi, Autor des ber\u00fchmten \"L'architettura degli alberi\", inspiriert wurde.<\/p>\n<p>Der Preis wurde von einer renommierten Jury unter dem Vorsitz von Beppe Cottafavi vergeben, der unter anderem Isabella C. Blum, Sandro Campani, Matteo De Giuli, Ludovica Lugli, Giovanna Zoboli und Andrea Zanni. In der Sektion Belletristik ging der Preis an die Kurzgeschichte \"Il rifugio delle fate\" von Elena Tartaglia, eine delikate Geschichte \u00fcber den Winter und die B\u00e4ume, w\u00e4hrend in der Sektion Sachbuch \"Itinerari arborei\" von Pietro Cacciatore ausgezeichnet wurde, eine Einladung zur Entdeckung botanischer und literarischer Routen in der Stadt Padua, ein n\u00fctzliches Modell f\u00fcr zuk\u00fcnftige Anwendungen in anderen St\u00e4dten. Eine besondere Erw\u00e4hnung ging schlie\u00dflich an Renata Pieroni mit \"La lunga vita dell'albero\" (Das lange Leben des Baumes), einem poetischen Bericht aus der Ich-Perspektive eines Tannenbaums, der das Leben eines Bologneser Gartens von 1957 bis 2017 miterlebt.<\/p>\n<p>Ein weiterer Baustein auf der verlegerischen Landkarte dieser Monate ist der neue, von Elena Bellei signierte Dondolo, Di cosa parliamo quando parliamo di madri, ein ungew\u00f6hnlicher Text \u00fcber die Mutterschaft, der aus einer Reihe von Interviews mit jungen M\u00fcttern entstanden ist, verwoben mit zeitgen\u00f6ssischen Reflexionen und Chroniken. Eine Ver\u00f6ffentlichung, die Teil des Projekts \"Mater. La forza inquieta del materno\" (Mater. Die unruhige Kraft des M\u00fctterlichen), kuratiert von der feministischen Vereinigung Blu Bramante und dem Hebammenkollektiv PartiAmo, zu dessen Gr\u00fcndungsmomenten das Treffen mit der Philosophin Adriana Cavarero und die Vorf\u00fchrung des Films \"Olmo und die M\u00f6we\" der brasilianischen Regisseurin Petra Costa in der Sala Truffaut geh\u00f6rten. Belleis Arbeit steht im Dialog mit dieser chorischen Reflexion und geht \u00fcber die soziale Dimension hinaus, um der m\u00fctterlichen Erfahrung mit all ihren Licht- und Schattenseiten Stimme und K\u00f6rper zur\u00fcckzugeben.<\/p>\n<p>Schlie\u00dflich folgt traditionell der Sommerratschlag des Regisseurs Beppe Cottafavi, der drei symboltr\u00e4chtige Lesungen aus dem Dondolo vorschl\u00e4gt: Elena Bosis neues Dondolo \"Una notte sono morta e altre voci del cimitero San Cataldo di Modena\" (Eine Nacht bin ich gestorben und andere Stimmen vom Friedhof San Cataldo in Modena) mit kleinen Geschichten, die in der Modena-Ebene spielen, und die Kurzgeschichte \"La sconosciuta\" (Die unbekannte Frau) der Krimi- und Thrillerautorin Barbara Baraldi, die in dieser Woche mit ihrem neuesten Roman \"Gli omicidi dei tarocchi\" ebenfalls auf Platz drei der italienischen Bestsellerliste steht, und die zeitlose \"Casa d'altri\" von Silvio D'Arzo, die nach Meinung der meisten Kritiker die beste Kurzgeschichte des italienischen 20.<\/p>\n<\/div>\n\n\n\n\n\t\t\t<\/div> \n\t\t<\/div>\n\t<\/div> \n<\/div><\/div>","protected":false},"excerpt":{"rendered":"La collana digitale del Comune di Modena si confronta con i luoghi dove si intrecciano storie, vite, radici, memoria e futuro Con oltre 150.000 download complessivi dal suo esordio, la...","protected":false},"author":1,"featured_media":2573,"comment_status":"closed","ping_status":"closed","sticky":false,"template":"","format":"standard","meta":{"wpupg_custom_link":[],"wpupg_custom_link_behaviour":["default"],"wpupg_custom_link_nofollow":["default"],"wpupg_custom_image":[],"wpupg_custom_image_id":[],"footnotes":""},"categories":[475],"tags":[],"class_list":["post-4978","post","type-post","status-publish","format-standard","has-post-thumbnail","category-news"],"_links":{"self":[{"href":"https:\/\/modenafuturacreativa.it\/de\/wp-json\/wp\/v2\/posts\/4978","targetHints":{"allow":["GET"]}}],"collection":[{"href":"https:\/\/modenafuturacreativa.it\/de\/wp-json\/wp\/v2\/posts"}],"about":[{"href":"https:\/\/modenafuturacreativa.it\/de\/wp-json\/wp\/v2\/types\/post"}],"author":[{"embeddable":true,"href":"https:\/\/modenafuturacreativa.it\/de\/wp-json\/wp\/v2\/users\/1"}],"replies":[{"embeddable":true,"href":"https:\/\/modenafuturacreativa.it\/de\/wp-json\/wp\/v2\/comments?post=4978"}],"version-history":[{"count":1,"href":"https:\/\/modenafuturacreativa.it\/de\/wp-json\/wp\/v2\/posts\/4978\/revisions"}],"predecessor-version":[{"id":4999,"href":"https:\/\/modenafuturacreativa.it\/de\/wp-json\/wp\/v2\/posts\/4978\/revisions\/4999"}],"wp:featuredmedia":[{"embeddable":true,"href":"https:\/\/modenafuturacreativa.it\/de\/wp-json\/wp\/v2\/media\/2573"}],"wp:attachment":[{"href":"https:\/\/modenafuturacreativa.it\/de\/wp-json\/wp\/v2\/media?parent=4978"}],"wp:term":[{"taxonomy":"category","embeddable":true,"href":"https:\/\/modenafuturacreativa.it\/de\/wp-json\/wp\/v2\/categories?post=4978"},{"taxonomy":"post_tag","embeddable":true,"href":"https:\/\/modenafuturacreativa.it\/de\/wp-json\/wp\/v2\/tags?post=4978"}],"curies":[{"name":"wp","href":"https:\/\/api.w.org\/{rel}","templated":true}]}}