{"id":4729,"date":"2025-06-12T12:28:34","date_gmt":"2025-06-12T10:28:34","guid":{"rendered":"https:\/\/modenafuturacreativa.it\/?p=4729"},"modified":"2025-06-12T12:28:34","modified_gmt":"2025-06-12T10:28:34","slug":"lestate-modenese-e-anche-in-santagostino-una-piazza-per-la-cultura","status":"publish","type":"post","link":"https:\/\/modenafuturacreativa.it\/de\/lestate-modenese-e-anche-in-santagostino-una-piazza-per-la-cultura\/","title":{"rendered":"Der Modeneser Sommer ist auch in \"santAGOstino. Ein Platz f\u00fcr die Kultur'."},"content":{"rendered":"<div id=\"fws_6a9b76940efd2\"  data-column-margin=\"default\" data-midnight=\"dark\"  class=\"wpb_row vc_row-fluid vc_row\"  style=\"padding-top: 0px; padding-bottom: 0px; \"><div class=\"row-bg-wrap\" data-bg-animation=\"none\" data-bg-animation-delay=\"\" data-bg-overlay=\"false\"><div class=\"inner-wrap row-bg-layer\" ><div class=\"row-bg viewport-desktop\"  style=\"\"><\/div><\/div><\/div><div class=\"row_col_wrap_12 col span_12 dark left\">\n\t<div  class=\"vc_col-sm-12 wpb_column column_container vc_column_container col no-extra-padding inherit_tablet inherit_phone\"  data-padding-pos=\"all\" data-has-bg-color=\"false\" data-bg-color=\"\" data-bg-opacity=\"1\" data-animation=\"\" data-delay=\"0\" >\n\t\t<div class=\"vc_column-inner\" >\n\t\t\t<div class=\"wpb_wrapper\">\n\t\t\t\t\n\t<div class=\"wpb_gallery wpb_content_element clearfix\">\n\t\t<div class=\"wpb_wrapper\"><div class=\"wpb_gallery_slidesflickity_style\" data-onclick=\"link_image\" data-interval=\"5\"><div class=\"nectar-flickity not-initialized\" role=\"region\" aria-roledescription=\"carousel\" aria-label=\"Bildergalerie\"  data-touch-icon-color=\"default\" data-stagger=\"\" data-drag-scale=\"\" data-overflow=\"hidden\" data-wrap=\"wrap\" data-spacing=\"default\" data-shadow=\"large_depth\" data-autoplay=\"true\" data-autoplay-dur=\"\" data-free-scroll=\"\" data-controls=\"material_pagination\" data-desktop-columns=\"1\" data-small-desktop-columns=\"1\" data-tablet-columns=\"1\" data-phone-columns=\"1\"><div class=\"flickity-viewport\"> <div class=\"flickity-slider\"><div class=\"cell\" data-lazy=\"false\"><img decoding=\"async\" class=\"skip-lazy nectar-lazy\" src=\"https:\/\/modenafuturacreativa.it\/wp-content\/uploads\/2025\/06\/piazza-santagostino12-600x450.jpg\" width=\"600\" height=\"450\" alt=\"piazza sant&#039;agostino12\" title=\"piazza sant&#039;agostino12\" loading=\"lazy\" \/><a class=\"entire-slide-link\" aria-label=\"piazza sant&#039;agostino12\"  href=\"https:\/\/modenafuturacreativa.it\/wp-content\/uploads\/2025\/06\/piazza-santagostino12.jpg\"><\/a><\/div><div class=\"cell\" data-lazy=\"false\"><img decoding=\"async\" class=\"skip-lazy nectar-lazy\" src=\"https:\/\/modenafuturacreativa.it\/wp-content\/uploads\/2025\/06\/image-1600-8d5278caa2977ca2b400cfa58b559e41-600x450.jpeg\" width=\"600\" height=\"450\" alt=\"image-1600-8d5278caa2977ca2b400cfa58b559e41\" title=\"image-1600-8d5278caa2977ca2b400cfa58b559e41\" loading=\"lazy\" \/><a class=\"entire-slide-link\" aria-label=\"image-1600-8d5278caa2977ca2b400cfa58b559e41\"  href=\"https:\/\/modenafuturacreativa.it\/wp-content\/uploads\/2025\/06\/image-1600-8d5278caa2977ca2b400cfa58b559e41.jpeg\"><\/a><\/div><div class=\"cell\" data-lazy=\"false\"><img decoding=\"async\" class=\"skip-lazy nectar-lazy\" src=\"https:\/\/modenafuturacreativa.it\/wp-content\/uploads\/2025\/06\/image-1600-27def23ec578eb61e685d33813328419-600x450.jpeg\" width=\"600\" height=\"450\" alt=\"image-1600-27def23ec578eb61e685d33813328419\" title=\"image-1600-27def23ec578eb61e685d33813328419\" loading=\"lazy\" \/><a class=\"entire-slide-link\" aria-label=\"image-1600-27def23ec578eb61e685d33813328419\"  href=\"https:\/\/modenafuturacreativa.it\/wp-content\/uploads\/2025\/06\/image-1600-27def23ec578eb61e685d33813328419.jpeg\"><\/a><\/div><div class=\"cell\" data-lazy=\"false\"><img decoding=\"async\" class=\"skip-lazy nectar-lazy\" src=\"https:\/\/modenafuturacreativa.it\/wp-content\/uploads\/2025\/06\/image-1600-ff46f420fb1be45d85fe374ddb6a21b3-600x450.jpeg\" width=\"600\" height=\"450\" alt=\"image-1600-ff46f420fb1be45d85fe374ddb6a21b3\" title=\"image-1600-ff46f420fb1be45d85fe374ddb6a21b3\" loading=\"lazy\" \/><a class=\"entire-slide-link\" aria-label=\"image-1600-ff46f420fb1be45d85fe374ddb6a21b3\"  href=\"https:\/\/modenafuturacreativa.it\/wp-content\/uploads\/2025\/06\/image-1600-ff46f420fb1be45d85fe374ddb6a21b3.jpeg\"><\/a><\/div><\/div><\/div><\/div><\/div>\n\t\t<\/div> \n\t<\/div> \n<div class=\"wpb_text_column wpb_content_element\" >\n\t<p><strong>Auff\u00fchrungen, Musik und k\u00fcnstlerische Initiativen im Bereich zwischen dem Palazzo dei Musei und dem ehemaligen Krankenhausgel\u00e4nde, das von Juli bis September als Fu\u00dfg\u00e4ngerzone genutzt wird, mit einer vom Architekten Ratti entworfenen Installation: ein Dialog zwischen Vergangenheit und Zukunft<\/strong><\/p>\n<p>Das Herzst\u00fcck des diesj\u00e4hrigen Modena-Sommers ist \"santAGOstino. Ein Platz f\u00fcr die Kultur\". Der Bereich zwischen dem Palazzo dei Musei und der ehemaligen Krankenhausbaustelle wird von Juli bis September als Fu\u00dfg\u00e4ngerzone genutzt, um Veranstaltungen, Musik, Aktivit\u00e4ten und Kunstinitiativen zu organisieren. Die vom Studio Carlo Ratti e Associati entworfene Gestaltung, die vor\u00fcbergehend an die Stelle des Parkplatzes treten wird, erinnert an die derzeit laufenden Arbeiten im Geb\u00e4udekomplex, an deren Ende ab dem n\u00e4chsten Jahr die Bereiche, die die Universit\u00e4tsmuseen, die Ausstellungen der Fondazione Ago, das Figurenmuseum, die Aktivit\u00e4ten von FEM - Future Education Modena und DHMore beherbergen werden, nach und nach an die Stadt zur\u00fcckgegeben werden.<\/p>\n<p>In den n\u00e4chsten Monaten wird die Fu\u00dfg\u00e4ngerzone der Piazza Sant'Agostino die Aufgabe haben, der Stadt die Geschichte der von der Fondazione di Modena durchgef\u00fchrten Restaurierungsarbeiten durch einen Dialog zwischen Vergangenheit, Gegenwart und Zukunft nahe zu bringen, mit Installationen, Erz\u00e4hlungen und F\u00fchrungen durch den Ort, ausgehend vom Foyer des Ex Ospedale, das f\u00fcr die \u00d6ffentlichkeit zug\u00e4nglich sein wird, um die Restaurierung des gro\u00dfen Ausstellungsbereichs mit Blick auf die Via Emilia zu zeigen.<\/p>\n<p>Die Initiative wurde auf einer Pressekonferenz im Rathaus vorgestellt, an der der B\u00fcrgermeister Massimo Mezzetti, der Pr\u00e4sident der Fondazione di Modena Matteo Tiezzi, die Pr\u00e4sidentin der Fondazione Ago Donatella Pieri und der Kurator der Architekturbiennale von Venedig Carlo Ratti teilnahmen, der einer der Planer des Umgestaltungsprojekts ist und f\u00fcr die Gestaltung des Platzes verantwortlich zeichnet.<\/p>\n<p>Die neue Installation wird den Platz von Dienstag, dem 1. Juli, bis Freitag, dem 26. September, beleben. Am Ende der Festivalfilosofia-Ausgabe 2025 wird der Platz dann wieder sein jetziges Aussehen annehmen und sich vor\u00fcbergehend von den Parkpl\u00e4tzen befreien und in einen neuen sozialen Raum und Treffpunkt f\u00fcr die Stadt verwandeln. Die Busspur wird beibehalten, w\u00e4hrend entlang der Anlagen ein Fahrrad- und Fu\u00dfg\u00e4ngerweg angelegt wird.<\/p>\n<p>Zeitgleich mit der Freigabe des Platzes f\u00fcr Fu\u00dfg\u00e4nger wird auch ein erster Teil der restaurierten Fassade des ehemaligen Sant'Agostino endg\u00fcltig freigelegt, und zwar derjenige, der dem Westeingang bzw. dem Foyer entspricht, von dem aus man dann einen Blick auf einige der R\u00e4ume werfen kann, in denen die Arbeiten kurz vor dem Abschluss stehen und in denen sich auch eine Multimedia-Ausstellung zur Restaurierung des Geb\u00e4udes befinden wird. Von hier aus beginnen auch die F\u00fchrungen durch die Baustelle, die f\u00fcr die \u00d6ffentlichkeit zug\u00e4nglich sind und f\u00fcr die man sich \u00fcber die Website <a title=\"opensInNewTab\" href=\"https:\/\/urlsand.esvalabs.com\/?u=http%3A%2F%2Fwww.agomodena.it&amp;e=fc3b5999&amp;h=d17c6a3b&amp;f=n&amp;p=y\" target=\"_blank\" rel=\"noopener noreferrer\">www.agomodena.it<\/a> ab 19. Juni.<\/p>\n<p>Auf dem Platz werden die Einrichtungen grafisch aufeinander abgestimmt sein und an das Bild der Baustelle erinnern, auch durch die Wiederverwendung einiger Teile der Abdeckplane, die drei Jahre lang die Fassade des Geb\u00e4udekomplexes bedeckte. Auf der im westlichen Bereich gelegenen B\u00fchne mit 200 Sitzpl\u00e4tzen wird ein abwechslungsreiches Programm mit Konzerten, Vorf\u00fchrungen, Begegnungen und Filmvorf\u00fchrungen stattfinden, das von der Kulturabteilung der Stadtverwaltung entwickelt wurde und Mitte Juni zusammen mit dem kompletten Programm des Modeneser Sommers vorgestellt wird. Etwa drei\u00dfig Abendveranstaltungen mit freiem Eintritt werden am Freitag, dem 18. Juli, mit der Show \"Il talento di essere tutti e nessuno\" (Das Talent, alle und niemand zu sein) des Schauspielers und Synchronsprechers Luca Ward er\u00f6ffnet.<\/p>\n<p>Auf der anderen Seite des Platzes, zwischen dem Eingang des Palazzo dei Musei und dem Kirchplatz, gibt es einen Innenraum mit einem Erfrischungsbereich, der von der Bar Mosaico des Palazzo dei Musei verwaltet wird, und einen Raum f\u00fcr die von der Fondazione Ago koordinierten Initiativen \"Ago Off\": Etwa zwanzig Termine um 19 Uhr (dienstags, mittwochs und donnerstags) mit Dialogen rund um die Kunst, Workshops und Labors f\u00fcr Kinder, die Geschichte der Restaurierung des ehemaligen Sant'Agostino mit \"Per filo e per segno\", der Aktivit\u00e4t, die die architektonischen Restaurierungsarbeiten und die traditionelle kunsthistorische Lesung des Komplexes begleitet, und wiederum Vorschauen auf die Ausstellungen und Aktivit\u00e4ten, die auch von Fem, den Universit\u00e4tsmuseen und DHMore geplant sind.<\/p>\n<p>Die Ausstellung \"Ago Off\" wird am Mittwoch, dem 23. Juli, mit einem Termin zum Thema \"Kunst als Instrument f\u00fcr das Wohlbefinden\" er\u00f6ffnet, bei dem einige Erfahrungen vorgestellt werden, die mit \u00e4lteren Menschen, Menschen mit Demenz und Alzheimer und ihren Betreuern entwickelt wurden, und endet am Samstag, dem 13. September, in einer au\u00dfergew\u00f6hnlichen Veranstaltung um 21 Uhr mit einem Treffen mit dem Experten f\u00fcr zeitgen\u00f6ssische Kunst Marco Mancuso im Dialog mit dem wissenschaftlichen Leiter der kulturellen Innovationsplattform \"cheFare\" Bertram Niessen.<\/p>\n<\/div>\n\n\n\n\n\t\t\t<\/div> \n\t\t<\/div>\n\t<\/div> \n<\/div><\/div>","protected":false},"excerpt":{"rendered":"Auff\u00fchrungen, Musik und k\u00fcnstlerische Initiativen im Bereich zwischen dem Palazzo dei Musei und dem ehemaligen Krankenhausgel\u00e4nde, das von Juli bis September als Fu\u00dfg\u00e4ngerzone genutzt wird, mit einer vom Architekten Ratti entworfenen Installation: ein Dialog zwischen...","protected":false},"author":1,"featured_media":4743,"comment_status":"closed","ping_status":"closed","sticky":false,"template":"","format":"standard","meta":{"wpupg_custom_link":[],"wpupg_custom_link_behaviour":["default"],"wpupg_custom_link_nofollow":["default"],"wpupg_custom_image":[],"wpupg_custom_image_id":[],"footnotes":""},"categories":[475],"tags":[],"class_list":["post-4729","post","type-post","status-publish","format-standard","has-post-thumbnail","category-news"],"_links":{"self":[{"href":"https:\/\/modenafuturacreativa.it\/de\/wp-json\/wp\/v2\/posts\/4729","targetHints":{"allow":["GET"]}}],"collection":[{"href":"https:\/\/modenafuturacreativa.it\/de\/wp-json\/wp\/v2\/posts"}],"about":[{"href":"https:\/\/modenafuturacreativa.it\/de\/wp-json\/wp\/v2\/types\/post"}],"author":[{"embeddable":true,"href":"https:\/\/modenafuturacreativa.it\/de\/wp-json\/wp\/v2\/users\/1"}],"replies":[{"embeddable":true,"href":"https:\/\/modenafuturacreativa.it\/de\/wp-json\/wp\/v2\/comments?post=4729"}],"version-history":[{"count":1,"href":"https:\/\/modenafuturacreativa.it\/de\/wp-json\/wp\/v2\/posts\/4729\/revisions"}],"predecessor-version":[{"id":4744,"href":"https:\/\/modenafuturacreativa.it\/de\/wp-json\/wp\/v2\/posts\/4729\/revisions\/4744"}],"wp:featuredmedia":[{"embeddable":true,"href":"https:\/\/modenafuturacreativa.it\/de\/wp-json\/wp\/v2\/media\/4743"}],"wp:attachment":[{"href":"https:\/\/modenafuturacreativa.it\/de\/wp-json\/wp\/v2\/media?parent=4729"}],"wp:term":[{"taxonomy":"category","embeddable":true,"href":"https:\/\/modenafuturacreativa.it\/de\/wp-json\/wp\/v2\/categories?post=4729"},{"taxonomy":"post_tag","embeddable":true,"href":"https:\/\/modenafuturacreativa.it\/de\/wp-json\/wp\/v2\/tags?post=4729"}],"curies":[{"name":"wp","href":"https:\/\/api.w.org\/{rel}","templated":true}]}}