{"id":4365,"date":"2025-03-21T14:24:45","date_gmt":"2025-03-21T13:24:45","guid":{"rendered":"https:\/\/modenafuturacreativa.it\/?p=4365"},"modified":"2025-03-24T11:55:45","modified_gmt":"2025-03-24T10:55:45","slug":"alberi-festival-accordo-tra-modena-e-karlsruhe","status":"publish","type":"post","link":"https:\/\/modenafuturacreativa.it\/de\/alberi-festival-accordo-tra-modena-e-karlsruhe\/","title":{"rendered":"FESTB\u00c4UME, ABKOMMEN ZWISCHEN MODENA UND KARLSRUHE"},"content":{"rendered":"<div id=\"fws_6a9b76965f436\"  data-column-margin=\"default\" data-midnight=\"dark\"  class=\"wpb_row vc_row-fluid vc_row\"  style=\"padding-top: 0px; padding-bottom: 0px; \"><div class=\"row-bg-wrap\" data-bg-animation=\"none\" data-bg-animation-delay=\"\" data-bg-overlay=\"false\"><div class=\"inner-wrap row-bg-layer\" ><div class=\"row-bg viewport-desktop\"  style=\"\"><\/div><\/div><\/div><div class=\"row_col_wrap_12 col span_12 dark left\">\n\t<div  class=\"vc_col-sm-12 wpb_column column_container vc_column_container col no-extra-padding inherit_tablet inherit_phone\"  data-padding-pos=\"all\" data-has-bg-color=\"false\" data-bg-color=\"\" data-bg-opacity=\"1\" data-animation=\"\" data-delay=\"0\" >\n\t\t<div class=\"vc_column-inner\" >\n\t\t\t<div class=\"wpb_wrapper\">\n\t\t\t\t\n<div class=\"wpb_text_column wpb_content_element\" >\n\t<p><strong>Die beiden Unesco-Kreativst\u00e4dte f\u00fcr Medienkunst bauen gemeinsam die \"Stadt der B\u00e4ume\". Beim Alberi Festival (Modena, 7.-13. April) widmet sich eine Ausstellung der deutschen Stadt und der Beziehung zwischen Natur und Mensch.<\/strong><\/p>\n<p>Modena-Karlsruhe. Die italienische Hauptstadt des Gr\u00fcns und die deutsche \"F\u00e4cherstadt\", die bereits zu den Unesco Creative Cities for Media Arts geh\u00f6ren, arbeiten Seite an Seite an der Verwirklichung einer Vision: \"die Stadt der B\u00e4ume zu bauen\". Dies ist das Ergebnis einer Vereinbarung zwischen der Stadt Modena und der Stadt Karlsuhe, die gemeinsam das Alberi Festival (Modena, 7.-13. April) veranstalten werden, das erste Architekturfestival, das der Idee gewidmet ist, dass B\u00e4ume ein Modell und ein Werkzeug sein k\u00f6nnen, um die zeitgen\u00f6ssische Stadt zu erforschen, zu gestalten und umzugestalten.<\/p>\n<p>Die Wahl Karlsruhes als Partner f\u00fcr das Alberi Festival ist kein Zufall\", erkl\u00e4rt der Kulturstadtrat der Stadt Modena, Andrea Bortolamasi, \"nach unserer Ernennung zur Stadt der Medienkunst haben wir in der Tat eine privilegierte Beziehung zu der deutschen Stadt aufgebaut, die eine der innovativsten Realit\u00e4ten im Bereich der digitalen und multimedialen Kunst in ganz Europa ist. Aber hinter dieser besonderen Beziehung steht auch ein weiterer gemeinsamer Aspekt. Modena ist die Stadt von Cesare Leonardi und die italienische Stadt mit den meisten B\u00e4umen im Verh\u00e4ltnis zur Einwohnerzahl\", so die Stadtr\u00e4tin weiter, \"Karlsruhe, auch bekannt als \"F\u00e4cherstadt\", ist einer der Orte, an denen versucht wurde, eine vision\u00e4re Begegnung zwischen Mensch und Natur zu schaffen, mit dem Wunsch, eine physische und greifbare Verbindung zum Wald aufzubauen. Eine Art Manifeststadt, in deren Struktur der Koexistenzpakt zwischen Mensch und B\u00e4umen, den unser Festival feiern und entwickeln will, explizit gemacht wird.<\/p>\n<p>Eine besondere Beziehung zwischen Modena und der deutschen Stadt, die nun in der Zusammenarbeit mit Karlsruhe konkrete Formen annimmt. Karlsruhe ist der besondere Gast der ersten Ausgabe des Alberi Festivals mit der Ausstellung \"Karlsruhe, der Stadt-Fan\", die am Dienstag, den 8. April um 17.30 Uhr im Pavillon \"Progettare con gli alberi\" (via Nicol\u00f2 Biondo 106) er\u00f6ffnet wird. Zu sehen sind zwei Installationen, die dem Publikum eine sowohl technologische als auch poetische Umsetzung der vom Karlsruher Institut f\u00fcr Technologie (KIT), einer der bedeutendsten technischen Universit\u00e4ten Europas, durchgef\u00fchrten Arbeiten zur Erforschung der Natur im st\u00e4dtischen Kontext bieten werden.<\/p>\n<p>Die erste, \"Treespotting\", ist eine Videoinstallation von Arturo Romero Carnicero und Javier Argota S\u00e1nchez-Vaquerizo, die die Abtastung eines bedeutenden Platanenbaums in Karlsruhe zwischen den Geb\u00e4uden der Fakult\u00e4t f\u00fcr Architektur wiedergibt und dem Betrachter eine immersive Erfahrung bietet, bei der Details der Struktur, der Textur und des r\u00e4umlichen Kontexts des Baums sichtbar werden.<\/p>\n<p>\"Close encounters\", ein Projekt von Miguel Paredes Maldonado, besteht aus einer visuellen und akustischen Kartierung von Karlsruhe aus der Perspektive seiner nicht-menschlichen Bewohner, Tiere und Pflanzen, die mit Hilfe eines winzigen digitalen Ger\u00e4ts realisiert wird, das visuelle, akustische und umweltbezogene Datenstr\u00f6me au\u00dferhalb der Grenzen der menschlichen Aufmerksamkeit und Wahrnehmung erfasst. Die Installation zeigt ein \"urbanes Feld\", das radikal umgekehrt und komplement\u00e4r zu dem ist, was wir mit unseren Sinnen wahrnehmen.<\/p>\n<p>Im Sommer schlie\u00dflich kommt das Modenese Festival nach Deutschland, um eine erste internationale Ausgabe zu veranstalten, die sich mit dem Gedankengut von Cesare Leonardi und der Architektur der B\u00e4ume besch\u00e4ftigt. Die Ausstellung mit dem Titel \"B\u00e4ume und K\u00f6rper\" wird vom 26. Juni bis zum 6. Juli in den Hallen des Fasanenschl\u00f6sschens zu sehen sein.<\/p>\n<\/div>\n\n\n\n<div class=\"divider-wrap\" data-alignment=\"default\"><div style=\"height: 3vh;\" class=\"divider\"><\/div><\/div>\n\t\t\t<\/div> \n\t\t<\/div>\n\t<\/div> \n<\/div><\/div>","protected":false},"excerpt":{"rendered":"Die beiden Unesco-Kreativst\u00e4dte f\u00fcr Medienkunst bauen gemeinsam die \"Stadt der B\u00e4ume\". Beim Alberi Festival (Modena, 7.-13. April) wird eine Ausstellung \u00fcber die deutsche Stadt und die...","protected":false},"author":1,"featured_media":4328,"comment_status":"closed","ping_status":"closed","sticky":false,"template":"","format":"standard","meta":{"wpupg_custom_link":[],"wpupg_custom_link_behaviour":["default"],"wpupg_custom_link_nofollow":["default"],"wpupg_custom_image":[],"wpupg_custom_image_id":[],"footnotes":""},"categories":[475],"tags":[],"class_list":["post-4365","post","type-post","status-publish","format-standard","has-post-thumbnail","category-news"],"_links":{"self":[{"href":"https:\/\/modenafuturacreativa.it\/de\/wp-json\/wp\/v2\/posts\/4365","targetHints":{"allow":["GET"]}}],"collection":[{"href":"https:\/\/modenafuturacreativa.it\/de\/wp-json\/wp\/v2\/posts"}],"about":[{"href":"https:\/\/modenafuturacreativa.it\/de\/wp-json\/wp\/v2\/types\/post"}],"author":[{"embeddable":true,"href":"https:\/\/modenafuturacreativa.it\/de\/wp-json\/wp\/v2\/users\/1"}],"replies":[{"embeddable":true,"href":"https:\/\/modenafuturacreativa.it\/de\/wp-json\/wp\/v2\/comments?post=4365"}],"version-history":[{"count":2,"href":"https:\/\/modenafuturacreativa.it\/de\/wp-json\/wp\/v2\/posts\/4365\/revisions"}],"predecessor-version":[{"id":4391,"href":"https:\/\/modenafuturacreativa.it\/de\/wp-json\/wp\/v2\/posts\/4365\/revisions\/4391"}],"wp:featuredmedia":[{"embeddable":true,"href":"https:\/\/modenafuturacreativa.it\/de\/wp-json\/wp\/v2\/media\/4328"}],"wp:attachment":[{"href":"https:\/\/modenafuturacreativa.it\/de\/wp-json\/wp\/v2\/media?parent=4365"}],"wp:term":[{"taxonomy":"category","embeddable":true,"href":"https:\/\/modenafuturacreativa.it\/de\/wp-json\/wp\/v2\/categories?post=4365"},{"taxonomy":"post_tag","embeddable":true,"href":"https:\/\/modenafuturacreativa.it\/de\/wp-json\/wp\/v2\/tags?post=4365"}],"curies":[{"name":"wp","href":"https:\/\/api.w.org\/{rel}","templated":true}]}}