{"id":4256,"date":"2025-02-24T14:30:58","date_gmt":"2025-02-24T13:30:58","guid":{"rendered":"https:\/\/modenafuturacreativa.it\/?p=4256"},"modified":"2025-03-21T14:18:25","modified_gmt":"2025-03-21T13:18:25","slug":"modena-patrimonio-mondiale-cambia-sito-web","status":"publish","type":"post","link":"https:\/\/modenafuturacreativa.it\/de\/modena-patrimonio-mondiale-cambia-sito-web\/","title":{"rendered":"\u00c4NDERUNGEN AM WELTKULTURERBE MODENA (WEB)"},"content":{"rendered":"<div id=\"fws_6a9b7693a8cb4\"  data-column-margin=\"60px\" data-midnight=\"dark\"  class=\"wpb_row vc_row-fluid vc_row\"  style=\"padding-top: 0px; padding-bottom: 0px; \"><div class=\"row-bg-wrap\" data-bg-animation=\"none\" data-bg-animation-delay=\"\" data-bg-overlay=\"false\"><div class=\"inner-wrap row-bg-layer\" ><div class=\"row-bg viewport-desktop\"  style=\"\"><\/div><\/div><\/div><div class=\"row_col_wrap_12 col span_12 dark left\">\n\t<div  class=\"vc_col-sm-12 wpb_column column_container vc_column_container col no-extra-padding inherit_tablet inherit_phone\"  data-padding-pos=\"all\" data-has-bg-color=\"false\" data-bg-color=\"\" data-bg-opacity=\"1\" data-animation=\"\" data-delay=\"0\" >\n\t\t<div class=\"vc_column-inner\" >\n\t\t\t<div class=\"wpb_wrapper\">\n\t\t\t\t\n\t<div class=\"wpb_gallery wpb_content_element clearfix\">\n\t\t<div class=\"wpb_wrapper\"><div class=\"wpb_gallery_slidesflickity_style\" data-onclick=\"link_image\" data-interval=\"5\"><div class=\"nectar-flickity not-initialized\" role=\"region\" aria-roledescription=\"carousel\" aria-label=\"Bildergalerie\"  data-touch-icon-color=\"default\" data-stagger=\"\" data-drag-scale=\"\" data-overflow=\"hidden\" data-wrap=\"wrap\" data-spacing=\"default\" data-shadow=\"large_depth\" data-autoplay=\"true\" data-autoplay-dur=\"\" data-free-scroll=\"\" data-controls=\"material_pagination\" data-desktop-columns=\"1\" data-small-desktop-columns=\"1\" data-tablet-columns=\"1\" data-phone-columns=\"1\"><div class=\"flickity-viewport\"> <div class=\"flickity-slider\"><div class=\"cell\" data-lazy=\"false\"><img decoding=\"async\" class=\"skip-lazy nectar-lazy\" src=\"https:\/\/modenafuturacreativa.it\/wp-content\/uploads\/2025\/02\/lancio-sito-wide-scaled-600x450.jpg\" width=\"600\" height=\"450\" alt=\"lancio-sito-wide\" title=\"Website-weit\" loading=\"lazy\" \/><a class=\"entire-slide-link\" aria-label=\"Website-weit\"  href=\"https:\/\/modenafuturacreativa.it\/wp-content\/uploads\/2025\/02\/lancio-sito-wide-scaled.jpg\"><\/a><\/div><div class=\"cell\" data-lazy=\"false\"><img decoding=\"async\" class=\"skip-lazy nectar-lazy\" src=\"https:\/\/modenafuturacreativa.it\/wp-content\/uploads\/2025\/02\/visual-small-600x450.png\" width=\"600\" height=\"450\" alt=\"visual-small\" title=\"visuell-klein\" loading=\"lazy\" \/><a class=\"entire-slide-link\" aria-label=\"visuell-klein\"  href=\"https:\/\/modenafuturacreativa.it\/wp-content\/uploads\/2025\/02\/visual-small.png\"><\/a><\/div><\/div><\/div><\/div><\/div>\n\t\t<\/div> \n\t<\/div> \n<div class=\"wpb_text_column wpb_content_element\" >\n\t<p><strong>Die neue Unesco-Welterbest\u00e4tte verbindet Design, Technologie und exklusive Inhalte zu einer modernen, f\u00fcr alle zug\u00e4nglichen Navigation<\/strong><\/p>\n<p>Ein minimalistisches Design f\u00fcr eine neue visuelle Identit\u00e4t und eine zug\u00e4ngliche und ansprechende Navigation. Die neue Website des Unesco-Welterbes von Modena ist online. Das Projekt wurde mit Mitteln des Kulturministeriums (Gesetz 77\/06) finanziert und kombiniert Design, Technologie und exklusive Inhalte, um eine moderne, f\u00fcr alle zug\u00e4ngliche Navigation zu bieten. Die von Elena Grazia F\u00e8 vom B\u00fcro f\u00fcr Welterbe des Stadtmuseums von Modena redigierte neue Website wurde bei der Modeneser Agentur Weberia in Auftrag gegeben und ist ein Bezugspunkt f\u00fcr alle, die die kulturellen Reicht\u00fcmer der Kathedrale, des Torre Ghirlandina und der Piazza Grande, die von der Unesco als Welterbe anerkannt sind, entdecken m\u00f6chten.<\/p>\n<p>Im Vordergrund stehen Kuriosit\u00e4ten, Bildung und Studien, die die neue St\u00e4tte zu einem Bezugspunkt nicht nur f\u00fcr Touristen, sondern auch f\u00fcr Wissenschaftler und Modeneser machen, die an der Wiederentdeckung der Geschichte und der Geheimnisse eines Erbes interessiert sind, das der gesamten Gemeinschaft geh\u00f6rt. Und genau ihnen sind die Abteilungen \"Forschung\" und \"Bildung\" gewidmet, letztere mit Inklusionsprojekten und Routen, die sich an alle Schulen aller Stufen richten und Teil des Bildungsprojekts \"In der Schule mit der Unesco\" sind, das in diesem Jahr 12 Jahre alt wird und interessante Bildungsrouten zu bestimmten Aspekten der Geschichte und der Eigenschaften des monumentalen Komplexes von Modena vorschl\u00e4gt.<\/p>\n<p>Im Mittelpunkt steht die Erfahrung des Nutzers, dem ab heute eine Website zur Verf\u00fcgung steht, die dank einer sorgf\u00e4ltigen Organisation der in thematische Bereiche unterteilten Inhalte eine einfache und intuitive Navigation gew\u00e4hrleistet. Die innovative Schnittstelle integriert auch 3D-Elemente, Videos und exklusive Fotos, die das Nutzererlebnis mit einer sehr eindrucksvollen visuellen Wirkung bereichern.<\/p>\n<p>Jedes Element wurde so konzipiert, dass es den monumentalen Komplex und seine historische und kulturelle Bedeutung aufwertet. Besondere Aufmerksamkeit wurde auch der Zug\u00e4nglichkeit von Informationen gewidmet. Die Website, die in 8 verschiedenen Sprachen konsultiert werden kann, ist mit einem \"Zug\u00e4nglichkeitswidget\" ausgestattet, d. h. einem Panel, \u00fcber das verschiedene Lese- und Anzeigemodi eingestellt werden k\u00f6nnen.<\/p>\n<p>Die Kr\u00f6nung ist ein Design, das sich durch seine minimalistische \u00c4sthetik und die Verwendung von Farben auszeichnet, die an die neue visuelle Identit\u00e4t des Weltkulturerbes erinnern, die mit der Kampagne \"Modena World Heritage\" 2023 eingef\u00fchrt wurde.<\/p>\n<p>Das Ergebnis ist ein harmonisches Gleichgewicht zwischen Modernit\u00e4t und Tradition, das in der Lage ist, den kulturellen Wert von Modena digital zu repr\u00e4sentieren und mit dem Image von Modena Futura Creativa, der Referenzplattform f\u00fcr die zweite Unesco-Anerkennung Modenas als kreative Stadt f\u00fcr Medienkunst, in Dialog zu treten.<\/p>\n<p>\"Wir sind stolz darauf, unsere Zusammenarbeit mit der Stadt Modena und dem Stadtmuseum fortsetzen zu k\u00f6nnen\", sagt Stefano Baldaccini, Art Director von Weberia, \"den kulturellen Schatz unseres Landes digital darstellen zu k\u00f6nnen, ist ein Privileg und eine Ehre, die Teamarbeit erfordert. Wir freuen uns, dieses Projekt pr\u00e4sentieren zu k\u00f6nnen, das von der Texterin Sara Camurri kuratierte Textinhalte und vom Fotografen Rafael Cavalli geschaffene Bilder kombiniert\".<\/p>\n<p>Die neue Website ist das Ergebnis monatelanger intensiver Zusammenarbeit zwischen Weberia, der Stadt Modena und dem Museo Civico di Modena und wird als Referenzportal zur Aufwertung und F\u00f6rderung des Welterbes von Modena vorgeschlagen. Ein digitales Schaufenster, das alle, B\u00fcrger und Touristen, dazu einl\u00e4dt, ein einzigartiges Erbe zu entdecken und zu sch\u00e4tzen.<\/p>\n<p><a href=\"https:\/\/patrimoniomondiale.modena.it\/\" target=\"_blank\" rel=\"noopener\">https:\/\/patrimoniomondiale.modena.it\/<\/a><\/p>\n<\/div>\n\n\n\n\n\t\t\t<\/div> \n\t\t<\/div>\n\t<\/div> \n<\/div><\/div>","protected":false},"excerpt":{"rendered":"Die neue Unesco-Welterbest\u00e4tte verbindet Design, Technologie und exklusive Inhalte zu einer modernen, f\u00fcr alle zug\u00e4nglichen Navigation Ein minimalistisches Design f\u00fcr eine neue Identit\u00e4t...","protected":false},"author":1,"featured_media":4265,"comment_status":"closed","ping_status":"closed","sticky":false,"template":"","format":"standard","meta":{"wpupg_custom_link":[],"wpupg_custom_link_behaviour":["default"],"wpupg_custom_link_nofollow":["default"],"wpupg_custom_image":[],"wpupg_custom_image_id":[],"footnotes":""},"categories":[475],"tags":[],"class_list":["post-4256","post","type-post","status-publish","format-standard","has-post-thumbnail","category-news"],"_links":{"self":[{"href":"https:\/\/modenafuturacreativa.it\/de\/wp-json\/wp\/v2\/posts\/4256","targetHints":{"allow":["GET"]}}],"collection":[{"href":"https:\/\/modenafuturacreativa.it\/de\/wp-json\/wp\/v2\/posts"}],"about":[{"href":"https:\/\/modenafuturacreativa.it\/de\/wp-json\/wp\/v2\/types\/post"}],"author":[{"embeddable":true,"href":"https:\/\/modenafuturacreativa.it\/de\/wp-json\/wp\/v2\/users\/1"}],"replies":[{"embeddable":true,"href":"https:\/\/modenafuturacreativa.it\/de\/wp-json\/wp\/v2\/comments?post=4256"}],"version-history":[{"count":1,"href":"https:\/\/modenafuturacreativa.it\/de\/wp-json\/wp\/v2\/posts\/4256\/revisions"}],"predecessor-version":[{"id":4266,"href":"https:\/\/modenafuturacreativa.it\/de\/wp-json\/wp\/v2\/posts\/4256\/revisions\/4266"}],"wp:featuredmedia":[{"embeddable":true,"href":"https:\/\/modenafuturacreativa.it\/de\/wp-json\/wp\/v2\/media\/4265"}],"wp:attachment":[{"href":"https:\/\/modenafuturacreativa.it\/de\/wp-json\/wp\/v2\/media?parent=4256"}],"wp:term":[{"taxonomy":"category","embeddable":true,"href":"https:\/\/modenafuturacreativa.it\/de\/wp-json\/wp\/v2\/categories?post=4256"},{"taxonomy":"post_tag","embeddable":true,"href":"https:\/\/modenafuturacreativa.it\/de\/wp-json\/wp\/v2\/tags?post=4256"}],"curies":[{"name":"wp","href":"https:\/\/api.w.org\/{rel}","templated":true}]}}