{"id":4238,"date":"2025-02-18T17:47:31","date_gmt":"2025-02-18T16:47:31","guid":{"rendered":"https:\/\/modenafuturacreativa.it\/?p=4238"},"modified":"2025-03-21T14:18:25","modified_gmt":"2025-03-21T13:18:25","slug":"alberi-festival-presentata-la-prima-edizione","status":"publish","type":"post","link":"https:\/\/modenafuturacreativa.it\/de\/alberi-festival-presentata-la-prima-edizione\/","title":{"rendered":"BAUMFEST, ERSTE AUSGABE PR\u00c4SENTIERT"},"content":{"rendered":"<div id=\"fws_6a9b76950197d\"  data-column-margin=\"60px\" data-midnight=\"dark\"  class=\"wpb_row vc_row-fluid vc_row\"  style=\"padding-top: 0px; padding-bottom: 0px; \"><div class=\"row-bg-wrap\" data-bg-animation=\"none\" data-bg-animation-delay=\"\" data-bg-overlay=\"false\"><div class=\"inner-wrap row-bg-layer\" ><div class=\"row-bg viewport-desktop\"  style=\"\"><\/div><\/div><\/div><div class=\"row_col_wrap_12 col span_12 dark left\">\n\t<div  class=\"vc_col-sm-12 wpb_column column_container vc_column_container col no-extra-padding inherit_tablet inherit_phone\"  data-padding-pos=\"all\" data-has-bg-color=\"false\" data-bg-color=\"\" data-bg-opacity=\"1\" data-animation=\"\" data-delay=\"0\" >\n\t\t<div class=\"vc_column-inner\" >\n\t\t\t<div class=\"wpb_wrapper\">\n\t\t\t\t\n\t<div class=\"wpb_gallery wpb_content_element clearfix\">\n\t\t<div class=\"wpb_wrapper\"><div class=\"wpb_gallery_slidesflickity_style\" data-onclick=\"link_image\" data-interval=\"5\"><div class=\"nectar-flickity not-initialized\" role=\"region\" aria-roledescription=\"carousel\" aria-label=\"Bildergalerie\"  data-touch-icon-color=\"default\" data-stagger=\"\" data-drag-scale=\"\" data-overflow=\"hidden\" data-wrap=\"wrap\" data-spacing=\"default\" data-shadow=\"large_depth\" data-autoplay=\"true\" data-autoplay-dur=\"\" data-free-scroll=\"\" data-controls=\"material_pagination\" data-desktop-columns=\"1\" data-small-desktop-columns=\"1\" data-tablet-columns=\"1\" data-phone-columns=\"1\"><div class=\"flickity-viewport\"> <div class=\"flickity-slider\"><div class=\"cell\" data-lazy=\"false\"><img decoding=\"async\" class=\"skip-lazy nectar-lazy\" src=\"https:\/\/modenafuturacreativa.it\/wp-content\/uploads\/2025\/02\/3C3A1623-scaled-600x450.jpg\" width=\"600\" height=\"450\" alt=\"3C3A1623\" title=\"3C3A1623\" loading=\"lazy\" \/><a class=\"entire-slide-link\" aria-label=\"3C3A1623\"  href=\"https:\/\/modenafuturacreativa.it\/wp-content\/uploads\/2025\/02\/3C3A1623-scaled.jpg\"><\/a><\/div><div class=\"cell\" data-lazy=\"false\"><img decoding=\"async\" class=\"skip-lazy nectar-lazy\" src=\"https:\/\/modenafuturacreativa.it\/wp-content\/uploads\/2025\/02\/3C3A1713-scaled-600x450.jpg\" width=\"600\" height=\"450\" alt=\"3C3A1713\" title=\"3C3A1713\" loading=\"lazy\" \/><a class=\"entire-slide-link\" aria-label=\"3C3A1713\"  href=\"https:\/\/modenafuturacreativa.it\/wp-content\/uploads\/2025\/02\/3C3A1713-scaled.jpg\"><\/a><\/div><div class=\"cell\" data-lazy=\"false\"><img decoding=\"async\" class=\"skip-lazy nectar-lazy\" src=\"https:\/\/modenafuturacreativa.it\/wp-content\/uploads\/2025\/02\/4_CASA-STUDIO-LEONARDI-scaled-600x450.jpg\" width=\"600\" height=\"450\" alt=\"4_CASA STUDIO LEONARDI\" title=\"4_HAUS ATELIER LEONARDI\" loading=\"lazy\" \/><a class=\"entire-slide-link\" aria-label=\"4_HAUS ATELIER LEONARDI\"  href=\"https:\/\/modenafuturacreativa.it\/wp-content\/uploads\/2025\/02\/4_CASA-STUDIO-LEONARDI-scaled.jpg\"><\/a><\/div><div class=\"cell\" data-lazy=\"false\"><img decoding=\"async\" class=\"skip-lazy nectar-lazy\" src=\"https:\/\/modenafuturacreativa.it\/wp-content\/uploads\/2025\/02\/6_FOTO-ALBERI_CESARE-LEONARDI-600x450.jpg\" width=\"600\" height=\"450\" alt=\"6_FOTO ALBERI_CESARE LEONARDI\" title=\"6_FOTO B\u00c4UME_CESARE LEONARDI\" loading=\"lazy\" \/><a class=\"entire-slide-link\" aria-label=\"6_FOTO B\u00c4UME_CESARE LEONARDI\"  href=\"https:\/\/modenafuturacreativa.it\/wp-content\/uploads\/2025\/02\/6_FOTO-ALBERI_CESARE-LEONARDI.jpg\"><\/a><\/div><div class=\"cell\" data-lazy=\"false\"><img decoding=\"async\" class=\"skip-lazy nectar-lazy\" src=\"https:\/\/modenafuturacreativa.it\/wp-content\/uploads\/2025\/02\/14_CONTRONATURA_GIACOMO-COSSIO-600x450.jpg\" width=\"600\" height=\"450\" alt=\"14_CONTRONATURA_GIACOMO COSSIO\" title=\"14_LANDKREIS_GIACOMO COSSIO\" loading=\"lazy\" \/><a class=\"entire-slide-link\" aria-label=\"14_LANDKREIS_GIACOMO COSSIO\"  href=\"https:\/\/modenafuturacreativa.it\/wp-content\/uploads\/2025\/02\/14_CONTRONATURA_GIACOMO-COSSIO.jpg\"><\/a><\/div><div class=\"cell\" data-lazy=\"false\"><img decoding=\"async\" class=\"skip-lazy nectar-lazy\" src=\"https:\/\/modenafuturacreativa.it\/wp-content\/uploads\/2025\/02\/20_AREA-FESTIVAL-VILLAGGIO-ARTIGIANO-600x450.jpg\" width=\"600\" height=\"450\" alt=\"20_AREA FESTIVAL VILLAGGIO ARTIGIANO\" title=\"20_KUNSTHANDWERKERDORF-FESTPLATZ\" loading=\"lazy\" \/><a class=\"entire-slide-link\" aria-label=\"20_KUNSTHANDWERKERDORF-FESTPLATZ\"  href=\"https:\/\/modenafuturacreativa.it\/wp-content\/uploads\/2025\/02\/20_AREA-FESTIVAL-VILLAGGIO-ARTIGIANO.jpg\"><\/a><\/div><\/div><\/div><\/div><\/div>\n\t\t<\/div> \n\t<\/div> \n<div class=\"wpb_text_column wpb_content_element\" >\n\t<p>Eine Woche lang verwandelt sich Modena in die Stadt der B\u00e4ume. Das von der Stadtverwaltung Modena und der Stiftung Leonardi-Archiv konzipierte Projekt wird von der Generaldirektion f\u00fcr zeitgen\u00f6ssische Kreativit\u00e4t des Kulturministeriums unterst\u00fctzt.<\/p>\n<p>&nbsp;<\/p>\n<p>Vom 7. bis 13. April findet im Villaggio Artigiano Modena Ovest das \"Alberi Festival. Building the city of trees\" statt, das erste Architekturfestival, das der Idee gewidmet ist, dass B\u00e4ume ein Modell und ein Werkzeug sein k\u00f6nnen, um die zeitgen\u00f6ssische Stadt zu erforschen, zu gestalten und umzugestalten. In Anlehnung an die solide \"gr\u00fcne\" Kultur, die die politische und st\u00e4dtebauliche Geschichte Modenas gepr\u00e4gt hat, bietet das Alberi Festival eine Woche lang Architekten, K\u00fcnstlern, Sch\u00fclern, Neugierigen und Enthusiasten ein reichhaltiges Programm mit Vortr\u00e4gen, Ausstellungen, Multimedia-Installationen, Rundg\u00e4ngen und F\u00fchrungen, Workshops f\u00fcr Kinder und Erwachsene in stillgelegten Industrieanlagen und \u00f6ffentlichen Bereichen des Villaggio Artigiano, das f\u00fcr die Dauer des Festivals in ein prototypisches \"gr\u00fcnes Dorf\" verwandelt wird. Am Samstag, den 12. April, ab 21 Uhr, findet die Festivalnacht statt und die Pavillons und Ausstellungen sind bis Mitternacht ge\u00f6ffnet.<\/p>\n<p>Die erste Ausgabe des Alberi Festivals wurde am Freitag, den 14. Februar, in den R\u00e4umen des Ateliers von Cesare Leonardi von den Stadtr\u00e4ten f\u00fcr Kultur, Stadtplanung und Parks der Gemeinde Modena, Andrea Bortolamasi und Carla Ferrari, dem Kurator des Festivals, Andrea Cavani, und Federica Rocchi vom Kollektiv Amigdala vorgestellt.<\/p>\n<p>Die von der Stadt Modena in Zusammenarbeit mit der Stiftung Leonardi-Archiv, Amigdala und mit Unterst\u00fctzung anderer Einrichtungen und Verb\u00e4nde der Region organisierte Veranstaltung gliedert sich in vier thematische Abschnitte: \"Wissen, wie man B\u00e4ume sieht\" (Casa-studio Leonardi), \"Die Metamorphose der B\u00e4ume\" (MOP - Modena Ovest Pavillion), \"Die Stadt der B\u00e4ume\" (Raum OvestLab) und \"Gestalten mit B\u00e4umen\" (Raum Progetto Artigiano). Dies alles im Rahmen einer Erz\u00e4hlung, die von der Arbeit des Architekten Cesare Leonardi inspiriert ist, von seinen zwanzigj\u00e4hrigen Studien \u00fcber B\u00e4ume, die er zwischen 1960 und 1980 zusammen mit Franca Stagi entwickelt hat, bis zu seinem Manifest-Projekt f\u00fcr die Stadt der B\u00e4ume in Bosco Albergati (Castelfranco Emilia) im Jahr 1990.<\/p>\n<p>\"B\u00e4ume sehen k\u00f6nnen\", der zentrale Teil des Festivals, \u00f6ffnet dem Publikum die T\u00fcren des Archivs und des Wohnateliers von Cesare Leonardi im Villaggio Artigiano Modena Ovest, wo inmitten von dicken gelben Holzregalen, die nach einem strengen modularen Kriterium handgefertigt wurden, das Werk eines ganzen Lebens zu sehen ist. Wie zum Beispiel die ber\u00fchmten Zeichnungen von B\u00e4umen, die 1982 in dem Band L'Architettura degli Alberi (Die Architektur der B\u00e4ume) gesammelt wurden, der noch heute ein Referenzhandbuch f\u00fcr die Landschaftsgestaltung auf internationaler Ebene ist.<\/p>\n<p>In der Multimedia-Sektion \"Le metamorfosi degli alberi\" (Die Metamorphose der B\u00e4ume) im Pavillon MOP Modena Ovest werden Fotoausstellungen und Videoinstallationen von zeitgen\u00f6ssischen K\u00fcnstlern wie dem Modeneser Architekten und Fotografen Francesco Fantoni zu sehen sein, der das in Zusammenarbeit mit der Region Emilia-Romagna entstandene Werk \"They might be giants\" (Sie k\u00f6nnten Riesen sein) vorstellen wird. Im Laufe des Festivals wird der Pavillon auch die t\u00e4glichen Verwandlungen pflanzlicher Organismen live zeigen, indem er den Raum mit Pflanzen bev\u00f6lkert, die inmitten von Cesare Leonardis Solids stehen.<\/p>\n<p>Der eher politischen und partizipativen Dimension, die die urbane Pr\u00e4senz von B\u00e4umen kennzeichnet, ist hingegen die Sektion \"Die Stadt der B\u00e4ume\" im OvestLab gewidmet, in der sich die unver\u00f6ffentlichten Kurzfilme der \"Fotosintesi\"-Reihe mit offenen Vortr\u00e4gen, Workshops und Labors abwechseln. Zu den mit Spannung erwarteten Terminen geh\u00f6ren die mit der Landschaftsarchitektin Erika Skabar (8. April), mit dem K\u00fcnstler Giacomo Cossio (9. April), mit dem Landschaftsarchitekten Carlo Masera (11. April) und mit Giulio Orsini (12. April), dem Architekten und Gr\u00fcnder des Archivio Leonardi. Am 13. April um 16 Uhr ist Scrivere la natura an der Reihe, ein Gespr\u00e4ch mit Paolo Giordano, das mit seinem Roman Tasmanien beginnt, anl\u00e4sslich der Preisverleihung f\u00fcr die siegreiche Kurzgeschichte in der Sektion \"Noi e gli alberi\" des Muratori-Literaturpreises. Zu den Veranstaltungen im OvestLab geh\u00f6rt auch die Ausstellung \"La Citt\u00e0 degli Alberi di Bosco Albergati\" (Die Stadt der B\u00e4ume in Bosco Albergati), die anhand von Schautafeln, Fotografien und einem Blindenmodell, das von der Vereinigung La Citt\u00e0 degli Alberi erstellt wurde, die Geschichte eines epischen Projekts, das von Cesare Leonardi entworfen und von einer Gruppe Freiwilliger Anfang der 1990er Jahre umgesetzt wurde, entdecken l\u00e4sst.<\/p>\n<p>Im Pavillon des Progetto Artigiano - einer ehemaligen Textilwerkstatt, die gerade umgebaut wird - wird die vierte Sektion des Festivals eingerichtet: \"Designing with Trees\" hat als Protagonistin die Stadt Karlsruhe, deren Urspr\u00fcnge auf eine urspr\u00fcngliche und vision\u00e4re Begegnung zwischen Mensch und Natur zur\u00fcckgehen, auf den Wunsch, eine physische und greifbare Verbindung mit dem Wald aufzubauen, die auf Respekt, Kontemplation, \u00dcberschreitung und Abgrenzung beruht. Visionen, die zu einer greifbaren Stadtform gef\u00fchrt haben, die ein koh\u00e4renter Ausdruck dieser Beziehung ist. Eine Art Manifeststadt, in der das \"f\u00e4cherf\u00f6rmige\" Design, das den Wald nahtlos in den \u00f6ffentlichen Raum verwandelt, einen Koexistenzpakt zwischen Menschen und B\u00e4umen deutlich zu machen scheint.<\/p>\n<p>Von den Pavillons bis zu den Au\u00dfenanlagen. Das Programm des AlberiFestivals wird durch die Fu\u00dfg\u00e4ngerzonen des Ausstellungsgel\u00e4ndes vervollst\u00e4ndigt, in denen Kunstinstallationen, botanische Ausstellungen und Pleinair-Ausstellungen zu sehen sein werden. Im Hof des Progetto Artigiano werden Giacomo Cossio und Sara Leghissa die Kunstinstallation 'Natura morta' in einer f\u00fcr das Publikum offenen Performance schaffen. Die Fu\u00dfg\u00e4ngerzone der Via Leoni wird stattdessen Gegenstand eines \"Renaturierungs\"-Projekts sein, das bis Ende 2025 abgeschlossen sein soll, und auf dem Rad- und Fu\u00dfg\u00e4ngerweg \"Diagonal\" wird es eine Freiluftausstellung mit den Zeichnungen von Cesare Leonardi und Franca Stagi aus \"L'architettura degli alberi\" geben, die die zw\u00f6lf f\u00fcr das Projekt \"Alberi Maestri\" ausgew\u00e4hlten Stadtb\u00e4ume darstellen.<\/p>\n<p>Schlie\u00dflich das AlberiFestival in der Stadt, bei dem das Festival mit den Kulturr\u00e4umen der Stadt in Dialog tritt, angefangen bei der Fondazione AGO, die in der Palazzina dei Giardini die Ausstellung \"Lost paradise is paradise lost\" von Fallen Fruit zeigt. Aber es gibt auch Workshops zwischen den B\u00e4umen im Botanischen Garten, Themenvitrinen und Workshops zum Sitzen von Pflanzen in den Bibliotheken von Modena, Termine im Gemma-Museum mit der \"fossilen Pflanze\", thematische F\u00fchrungen durch die Sammlungen des Stadtmuseums und eine Sonderausstellung im Multimediasaal des ehemaligen Tageskrankenhauses auf der Piazza Mazzini.<\/p>\n<p>Das AlberiFestival wird vom Festival Architettura - edition 3 unterst\u00fctzt, das von der Generaldirektion f\u00fcr zeitgen\u00f6ssische Kreativit\u00e4t des Kulturministeriums gef\u00f6rdert wird. Das Festival wird von der Gemeinde Modena in Zusammenarbeit mit der Leonardi-Stiftung und in Zusammenarbeit mit Amigdala, der Region Emilia-Romagna, UniMoRe, der Gemeinde Vignola, der Gemeinde Pavullo, der Gemeinde Rubiera, The City of Trees of Bosco Albergati, Italia Nostra \/ Bosco in citt\u00e0 organisiert.<\/p>\n<p><strong>Sie sind Partner des AlberiFestivals:<\/strong> Fuse*, Bunker, LazyDog press, AlberItalia und die Gellner-Vereinigung.<\/p>\n<p><strong>Sie unterst\u00fctzen das Festival:<\/strong> Handelskammer von Modena und Rotary Club. Internationaler Partner ist die deutsche Stadt Karlsruhe, die wie Modena zum Unesco-Cluster \"Creative Cities for Media Arts\" geh\u00f6rt und in der die Sommerausgabe des Festivals vom 26. Juni bis 6. Juli 2025 stattfinden wird.<\/p>\n<p>Lesen Sie mehr: <a href=\"https:\/\/alberifestival.it\/\" target=\"_blank\" rel=\"noopener\"><strong>https:\/\/alberifestival.it\/<\/strong><\/a><\/p>\n<\/div>\n\n\n\n\n\t\t\t<\/div> \n\t\t<\/div>\n\t<\/div> \n<\/div><\/div>","protected":false},"excerpt":{"rendered":"Eine Woche lang verwandelt sich Modena in die Stadt der B\u00e4ume. Das von der Stadtverwaltung Modena und der Fondazione Archivio Leonardi konzipierte Projekt wird von der Direzione Generale Creativit\u00e0 Contemporanea des...","protected":false},"author":1,"featured_media":4239,"comment_status":"closed","ping_status":"closed","sticky":false,"template":"","format":"standard","meta":{"wpupg_custom_link":[],"wpupg_custom_link_behaviour":["default"],"wpupg_custom_link_nofollow":["default"],"wpupg_custom_image":[],"wpupg_custom_image_id":[],"footnotes":""},"categories":[475],"tags":[],"class_list":["post-4238","post","type-post","status-publish","format-standard","has-post-thumbnail","category-news"],"_links":{"self":[{"href":"https:\/\/modenafuturacreativa.it\/de\/wp-json\/wp\/v2\/posts\/4238","targetHints":{"allow":["GET"]}}],"collection":[{"href":"https:\/\/modenafuturacreativa.it\/de\/wp-json\/wp\/v2\/posts"}],"about":[{"href":"https:\/\/modenafuturacreativa.it\/de\/wp-json\/wp\/v2\/types\/post"}],"author":[{"embeddable":true,"href":"https:\/\/modenafuturacreativa.it\/de\/wp-json\/wp\/v2\/users\/1"}],"replies":[{"embeddable":true,"href":"https:\/\/modenafuturacreativa.it\/de\/wp-json\/wp\/v2\/comments?post=4238"}],"version-history":[{"count":1,"href":"https:\/\/modenafuturacreativa.it\/de\/wp-json\/wp\/v2\/posts\/4238\/revisions"}],"predecessor-version":[{"id":4245,"href":"https:\/\/modenafuturacreativa.it\/de\/wp-json\/wp\/v2\/posts\/4238\/revisions\/4245"}],"wp:featuredmedia":[{"embeddable":true,"href":"https:\/\/modenafuturacreativa.it\/de\/wp-json\/wp\/v2\/media\/4239"}],"wp:attachment":[{"href":"https:\/\/modenafuturacreativa.it\/de\/wp-json\/wp\/v2\/media?parent=4238"}],"wp:term":[{"taxonomy":"category","embeddable":true,"href":"https:\/\/modenafuturacreativa.it\/de\/wp-json\/wp\/v2\/categories?post=4238"},{"taxonomy":"post_tag","embeddable":true,"href":"https:\/\/modenafuturacreativa.it\/de\/wp-json\/wp\/v2\/tags?post=4238"}],"curies":[{"name":"wp","href":"https:\/\/api.w.org\/{rel}","templated":true}]}}