{"id":4174,"date":"2025-01-27T18:42:00","date_gmt":"2025-01-27T17:42:00","guid":{"rendered":"https:\/\/modenafuturacreativa.it\/?p=4174"},"modified":"2025-03-21T14:18:25","modified_gmt":"2025-03-21T13:18:25","slug":"a-scuola-di-educazione-allimmagine-con-ago-e-fem","status":"publish","type":"post","link":"https:\/\/modenafuturacreativa.it\/de\/a-scuola-di-educazione-allimmagine-con-ago-e-fem\/","title":{"rendered":"IN DER SCHULE F\u00dcR BILDERZIEHUNG MIT NADEL UND FEM"},"content":{"rendered":"<div id=\"fws_6a9b7692e28ba\"  data-column-margin=\"60px\" data-midnight=\"dark\"  class=\"wpb_row vc_row-fluid vc_row\"  style=\"padding-top: 0px; padding-bottom: 0px; \"><div class=\"row-bg-wrap\" data-bg-animation=\"none\" data-bg-animation-delay=\"\" data-bg-overlay=\"false\"><div class=\"inner-wrap row-bg-layer\" ><div class=\"row-bg viewport-desktop\"  style=\"\"><\/div><\/div><\/div><div class=\"row_col_wrap_12 col span_12 dark left\">\n\t<div  class=\"vc_col-sm-8 wpb_column column_container vc_column_container col no-extra-padding inherit_tablet inherit_phone\"  data-padding-pos=\"all\" data-has-bg-color=\"false\" data-bg-color=\"\" data-bg-opacity=\"1\" data-animation=\"\" data-delay=\"0\" >\n\t\t<div class=\"vc_column-inner\" >\n\t\t\t<div class=\"wpb_wrapper\">\n\t\t\t\t\n<div class=\"wpb_text_column wpb_content_element\" >\n\t<div id=\"parent-fieldname-description\" class=\"documentDescription\"><strong>Ab Montag, 27. Januar, findet im Palazzo Santa Margherita das Wintercamp zum Thema Video-Storytelling statt.<\/strong><\/div>\n<p><strong>460 Personen aus ganz Italien haben sich f\u00fcr die kostenlose Lehrerfortbildung \"Out of the frame\" angemeldet. Und 16 nehmen ab Montag, dem 27. Januar, am Wintercamp zum Thema Video-Storytelling teil.<\/strong><\/p>\n<p>Sechzehn Lehrerinnen und Lehrer von sechs Gymnasien aus der Emilia-Romagna und Ligurien nehmen ab Montag, dem 27. Januar, an einem Wintercamp zum Thema Videostorytelling in Modena teil, das im Rahmen des Projekts \"Out of the Frame. Educazione all'immagine tra innovazione e futuro\" (Bilderziehung zwischen Innovation und Zukunft) teil. 460 Lehrer aus ganz Italien, vom Kindergarten bis zum Gymnasium, haben sich f\u00fcr die kostenlosen Online-Kurse angemeldet, die gerade begonnen haben. Die Initiative wird von der Fondazione AGO Modena Fabbriche Culturali, Wonderful Education - Future Education Modena (FEM) in Zusammenarbeit mit ANISA (Nationaler Verband der Kunstgeschichtslehrer) und Flash Future im Rahmen des Nationalen Plans Kino und Bilder f\u00fcr Schulen, der von den Ministerien f\u00fcr Kultur und Bildung und Verdienst gef\u00f6rdert wird, vorgeschlagen.<\/p>\n<p>Die vorgeschlagenen Wege f\u00f6rdern die aktive Beteiligung der neuen Generationen an der Schaffung visueller Inhalte und verbinden die Entwicklung von wissenschaftlich-technologischen und humanistisch-expressiven F\u00e4higkeiten, rechnergest\u00fctztem Denken, Informatik und visuellen F\u00e4higkeiten des Lesens, Schreibens, Verstehens und der Bildverarbeitung. Das Projekt f\u00f6rdert die Nutzung visueller Medien als Orte f\u00fcr tiefgehendes, personalisiertes, aktives und bewusstes Lernen zum Erwerb von Interpretationsschl\u00fcsseln f\u00fcr die zeitgen\u00f6ssische Welt und f\u00fcr authentisches und motiviertes Lernen. Die p\u00e4dagogische Erfahrung wird durch praktische Aktivit\u00e4ten und Herausforderungen zu aktuellen Themen mit Kursen \u00fcber Video, Videospiele und k\u00fcnstliche Intelligenz flankiert. Lehrer und Sch\u00fcler k\u00f6nnen so experimentieren und spezifische F\u00e4higkeiten in verschiedenen Bereichen (digital, kommunikativ, expressiv, Design) erwerben, die den immer gefragteren Berufen von heute entsprechen. Der Kurs bietet auch M\u00f6glichkeiten der Begegnung und des Austauschs, regt die Diskussion unter den Teilnehmern an und motiviert sie zum Mitmachen.<\/p>\n<p>Das dreit\u00e4gige Wintercamp, das am Montag, dem 27. Januar, im Palazzo Santa Margherita mit einer Meisterklasse der bildenden K\u00fcnstlerin und Videomacherin Debora Vrizzi in Zusammenarbeit mit dem Biografilm Festival er\u00f6ffnet wird, umfasst auch spezifische Vertiefungsstudien zu digitalen Videoproduktionstechniken (Fotografie und Videodreh, Machinima - Computeranimation in virtuellen Plattformen, KI f\u00fcr Bilder und Videos), die die Lehrer dann mit Unterst\u00fctzung der Ausbilder in die Praxis umsetzen k\u00f6nnen, um mit den Sch\u00fclern ihrer Schulen neue audiovisuelle Produkte zu produzieren, die im kommenden Mai in der Fondazione AGO ausgestellt werden.<\/p>\n<\/div>\n\n\n\n\n\t\t\t<\/div> \n\t\t<\/div>\n\t<\/div> \n\n\t<div  class=\"vc_col-sm-4 wpb_column column_container vc_column_container col no-extra-padding inherit_tablet inherit_phone\"  data-padding-pos=\"all\" data-has-bg-color=\"false\" data-bg-color=\"\" data-bg-opacity=\"1\" data-animation=\"\" data-delay=\"0\" >\n\t\t<div class=\"vc_column-inner\" >\n\t\t\t<div class=\"wpb_wrapper\">\n\t\t\t\t<div class=\"img-with-aniamtion-wrap\" data-max-width=\"100%\" data-max-width-mobile=\"default\" data-shadow=\"none\" data-animation=\"none\" >\n      <div class=\"inner\">\n        <div class=\"hover-wrap\"> \n          <div class=\"hover-wrap-inner\">\n            <a href=\"https:\/\/modenafuturacreativa.it\/wp-content\/uploads\/2025\/01\/Debora-Vrizzi.jpg\" class=\"pp\">\n              <img loading=\"lazy\" decoding=\"async\" class=\"img-with-animation skip-lazy\" data-delay=\"0\" height=\"1107\" width=\"1440\" data-animation=\"none\" src=\"https:\/\/modenafuturacreativa.it\/wp-content\/uploads\/2025\/01\/Debora-Vrizzi.jpg\" alt=\"\" srcset=\"https:\/\/modenafuturacreativa.it\/wp-content\/uploads\/2025\/01\/Debora-Vrizzi.jpg 1440w, https:\/\/modenafuturacreativa.it\/wp-content\/uploads\/2025\/01\/Debora-Vrizzi-300x231.jpg 300w, https:\/\/modenafuturacreativa.it\/wp-content\/uploads\/2025\/01\/Debora-Vrizzi-1024x787.jpg 1024w, https:\/\/modenafuturacreativa.it\/wp-content\/uploads\/2025\/01\/Debora-Vrizzi-768x590.jpg 768w\" sizes=\"auto, (max-width: 1440px) 100vw, 1440px\" \/>\n            <\/a>\n          <\/div>\n        <\/div>\n         \n      <\/div>\n      <\/div>\n\t\t\t<\/div> \n\t\t<\/div>\n\t<\/div> \n<\/div><\/div>","protected":false},"excerpt":{"rendered":"Ab Montag, dem 27. Januar, fand im Palazzo Santa Margherita das Wintercamp zum Thema Video-Storytelling statt. 460 Teilnehmer aus ganz Italien nahmen an den kostenlosen Fortbildungskursen f\u00fcr Lehrer \"Out of the...","protected":false},"author":1,"featured_media":4175,"comment_status":"closed","ping_status":"closed","sticky":false,"template":"","format":"standard","meta":{"wpupg_custom_link":[],"wpupg_custom_link_behaviour":["default"],"wpupg_custom_link_nofollow":[],"wpupg_custom_image":[],"wpupg_custom_image_id":[],"footnotes":""},"categories":[475],"tags":[],"class_list":["post-4174","post","type-post","status-publish","format-standard","has-post-thumbnail","category-news"],"_links":{"self":[{"href":"https:\/\/modenafuturacreativa.it\/de\/wp-json\/wp\/v2\/posts\/4174","targetHints":{"allow":["GET"]}}],"collection":[{"href":"https:\/\/modenafuturacreativa.it\/de\/wp-json\/wp\/v2\/posts"}],"about":[{"href":"https:\/\/modenafuturacreativa.it\/de\/wp-json\/wp\/v2\/types\/post"}],"author":[{"embeddable":true,"href":"https:\/\/modenafuturacreativa.it\/de\/wp-json\/wp\/v2\/users\/1"}],"replies":[{"embeddable":true,"href":"https:\/\/modenafuturacreativa.it\/de\/wp-json\/wp\/v2\/comments?post=4174"}],"version-history":[{"count":1,"href":"https:\/\/modenafuturacreativa.it\/de\/wp-json\/wp\/v2\/posts\/4174\/revisions"}],"predecessor-version":[{"id":4176,"href":"https:\/\/modenafuturacreativa.it\/de\/wp-json\/wp\/v2\/posts\/4174\/revisions\/4176"}],"wp:featuredmedia":[{"embeddable":true,"href":"https:\/\/modenafuturacreativa.it\/de\/wp-json\/wp\/v2\/media\/4175"}],"wp:attachment":[{"href":"https:\/\/modenafuturacreativa.it\/de\/wp-json\/wp\/v2\/media?parent=4174"}],"wp:term":[{"taxonomy":"category","embeddable":true,"href":"https:\/\/modenafuturacreativa.it\/de\/wp-json\/wp\/v2\/categories?post=4174"},{"taxonomy":"post_tag","embeddable":true,"href":"https:\/\/modenafuturacreativa.it\/de\/wp-json\/wp\/v2\/tags?post=4174"}],"curies":[{"name":"wp","href":"https:\/\/api.w.org\/{rel}","templated":true}]}}