{"id":4149,"date":"2025-01-16T10:49:28","date_gmt":"2025-01-16T09:49:28","guid":{"rendered":"https:\/\/modenafuturacreativa.it\/?p=4149"},"modified":"2025-03-21T14:18:25","modified_gmt":"2025-03-21T13:18:25","slug":"cultura-dimpresa-protagonista-al-laboratorio-aperto","status":"publish","type":"post","link":"https:\/\/modenafuturacreativa.it\/de\/cultura-dimpresa-protagonista-al-laboratorio-aperto\/","title":{"rendered":"PROTAGONIST DER UNTERNEHMENSKULTUR IN DER OFFENEN WERKSTATT"},"content":{"rendered":"<div id=\"fws_6a9b76922eaf9\"  data-column-margin=\"60px\" data-midnight=\"dark\"  class=\"wpb_row vc_row-fluid vc_row\"  style=\"padding-top: 0px; padding-bottom: 0px; \"><div class=\"row-bg-wrap\" data-bg-animation=\"none\" data-bg-animation-delay=\"\" data-bg-overlay=\"false\"><div class=\"inner-wrap row-bg-layer\" ><div class=\"row-bg viewport-desktop\"  style=\"\"><\/div><\/div><\/div><div class=\"row_col_wrap_12 col span_12 dark left\">\n\t<div  class=\"vc_col-sm-8 wpb_column column_container vc_column_container col no-extra-padding inherit_tablet inherit_phone\"  data-padding-pos=\"all\" data-has-bg-color=\"false\" data-bg-color=\"\" data-bg-opacity=\"1\" data-animation=\"\" data-delay=\"0\" >\n\t\t<div class=\"vc_column-inner\" >\n\t\t\t<div class=\"wpb_wrapper\">\n\t\t\t\t\n<div class=\"wpb_text_column wpb_content_element\" >\n\t<div id=\"parent-fieldname-description\">\n<div id=\"parent-fieldname-description\">\n<div id=\"parent-fieldname-description\" class=\"documentDescription\"><strong>Am Mittwoch, den 15. Januar, wird der Zyklus \"Talk Together\" fortgesetzt. Um 17.00 Uhr findet ein Treffen statt, das sich mit den f\u00fcr innovatives und nachhaltiges Unternehmertum erforderlichen F\u00e4higkeiten befasst.<\/strong><\/div>\n<div><\/div>\n<div class=\"documentDescription\">Am Mittwoch, den 15. Januar um 17 Uhr im Laboratorio Aperto in Modena, Viale Buon Pastore 43, wird der Zyklus Talk Together fortgesetzt, der sich mit zentralen Zukunftsthemen besch\u00e4ftigt: Nachhaltigkeit, Kreativit\u00e4t, Technologie und Unternehmertum. Jedes Treffen ist eine Gelegenheit, diese Schl\u00fcsselthemen dank der Teilnahme von f\u00fchrenden Rednern und Unternehmensreferenten zu vertiefen.<\/div>\n<div id=\"content-core\">\n<div id=\"parent-fieldname-text\" class=\"plain\">\n<p>Das Treffen am Mittwoch mit dem Titel \"Entrepreneurship und Unternehmertum: Entwicklung von F\u00e4higkeiten f\u00fcr eine unternehmerische Kultur\" wird von Open Lab Srl in Zusammenarbeit mit Art-ER organisiert und bietet die Gelegenheit, das Thema Unternehmertum und die Entwicklung von F\u00e4higkeiten, die f\u00fcr eine innovative und nachhaltige Unternehmenskultur notwendig sind, zu erkunden und neue Perspektiven und Ideen in der Welt der unternehmerischen Kreativit\u00e4t zu entdecken.<\/p>\n<p>W\u00e4hrend des Vortrags k\u00f6nnen die Zuh\u00f6rer die Aussagen und Erfahrungen von Vera Tucci, Mitbegr\u00fcnderin und Gesch\u00e4ftsf\u00fchrerin von T-Consulting, Matteo Bertocchi, Mitbegr\u00fcnder und Gesch\u00e4ftsf\u00fchrer von Novac und Marco Boccia, Mitbegr\u00fcnder und Gesch\u00e4ftsf\u00fchrer von Human Maple, h\u00f6ren.<\/p>\n<p>Im Anschluss an den Vortrag findet ein Networking-Ap\u00e9ro in Zusammenarbeit mit Chozen statt, der Community f\u00fcr alle, die Inspiration und authentische Kontakte suchen.<\/p>\n<p>F\u00fcr weitere Informationen:\u00a0<a href=\"mailto:modena@labaperti.it\">modena@labaperti.it<\/a>. Um die Teilnahme zu best\u00e4tigen, m\u00fcssen Sie sich anmelden (www.getcrowd.eu\/event\/1a244656-f07d8b79)<\/p>\n<\/div>\n<div class=\"visualClear\"><\/div>\n<div><\/div>\n<\/div>\n<div id=\"viewlet-below-content-body\">\n<div class=\"visualClear\"><\/div>\n<div class=\"documentActions\">\n<p class=\"hiddenStructure\">\n<\/div>\n<\/div>\n<\/div>\n<\/div>\n<\/div>\n\n\n\n\n\t\t\t<\/div> \n\t\t<\/div>\n\t<\/div> \n\n\t<div  class=\"vc_col-sm-4 wpb_column column_container vc_column_container col no-extra-padding inherit_tablet inherit_phone\"  data-padding-pos=\"all\" data-has-bg-color=\"false\" data-bg-color=\"\" data-bg-opacity=\"1\" data-animation=\"\" data-delay=\"0\" >\n\t\t<div class=\"vc_column-inner\" >\n\t\t\t<div class=\"wpb_wrapper\">\n\t\t\t\t<div class=\"img-with-aniamtion-wrap\" data-max-width=\"100%\" data-max-width-mobile=\"default\" data-shadow=\"none\" data-animation=\"none\" >\n      <div class=\"inner\">\n        <div class=\"hover-wrap\"> \n          <div class=\"hover-wrap-inner\">\n            <a href=\"https:\/\/modenafuturacreativa.it\/wp-content\/uploads\/2025\/01\/post-17-1-100.jpg\" class=\"pp\">\n              <img loading=\"lazy\" decoding=\"async\" class=\"img-with-animation skip-lazy\" data-delay=\"0\" height=\"1098\" width=\"1098\" data-animation=\"none\" src=\"https:\/\/modenafuturacreativa.it\/wp-content\/uploads\/2025\/01\/post-17-1-100.jpg\" alt=\"\" srcset=\"https:\/\/modenafuturacreativa.it\/wp-content\/uploads\/2025\/01\/post-17-1-100.jpg 1098w, https:\/\/modenafuturacreativa.it\/wp-content\/uploads\/2025\/01\/post-17-1-100-300x300.jpg 300w, https:\/\/modenafuturacreativa.it\/wp-content\/uploads\/2025\/01\/post-17-1-100-1024x1024.jpg 1024w, https:\/\/modenafuturacreativa.it\/wp-content\/uploads\/2025\/01\/post-17-1-100-150x150.jpg 150w, https:\/\/modenafuturacreativa.it\/wp-content\/uploads\/2025\/01\/post-17-1-100-768x768.jpg 768w, https:\/\/modenafuturacreativa.it\/wp-content\/uploads\/2025\/01\/post-17-1-100-140x140.jpg 140w, https:\/\/modenafuturacreativa.it\/wp-content\/uploads\/2025\/01\/post-17-1-100-100x100.jpg 100w, https:\/\/modenafuturacreativa.it\/wp-content\/uploads\/2025\/01\/post-17-1-100-500x500.jpg 500w, https:\/\/modenafuturacreativa.it\/wp-content\/uploads\/2025\/01\/post-17-1-100-350x350.jpg 350w, https:\/\/modenafuturacreativa.it\/wp-content\/uploads\/2025\/01\/post-17-1-100-1000x1000.jpg 1000w, https:\/\/modenafuturacreativa.it\/wp-content\/uploads\/2025\/01\/post-17-1-100-800x800.jpg 800w\" sizes=\"auto, (max-width: 1098px) 100vw, 1098px\" \/>\n            <\/a>\n          <\/div>\n        <\/div>\n         \n      <\/div>\n      <\/div>\n\t\t\t<\/div> \n\t\t<\/div>\n\t<\/div> \n<\/div><\/div>","protected":false},"excerpt":{"rendered":"Am Mittwoch, den 15. Januar, findet wieder der Zyklus \"Talk Together\" statt. Um 17.00 Uhr Treffen zu den f\u00fcr innovatives und nachhaltiges Unternehmertum erforderlichen F\u00e4higkeiten. Am Mittwoch, den 15. Januar um 17 Uhr im Laboratorium...","protected":false},"author":1,"featured_media":4150,"comment_status":"closed","ping_status":"closed","sticky":false,"template":"","format":"standard","meta":{"wpupg_custom_link":[],"wpupg_custom_link_behaviour":["default"],"wpupg_custom_link_nofollow":[],"wpupg_custom_image":[],"wpupg_custom_image_id":[],"footnotes":""},"categories":[475],"tags":[],"class_list":["post-4149","post","type-post","status-publish","format-standard","has-post-thumbnail","category-news"],"_links":{"self":[{"href":"https:\/\/modenafuturacreativa.it\/de\/wp-json\/wp\/v2\/posts\/4149","targetHints":{"allow":["GET"]}}],"collection":[{"href":"https:\/\/modenafuturacreativa.it\/de\/wp-json\/wp\/v2\/posts"}],"about":[{"href":"https:\/\/modenafuturacreativa.it\/de\/wp-json\/wp\/v2\/types\/post"}],"author":[{"embeddable":true,"href":"https:\/\/modenafuturacreativa.it\/de\/wp-json\/wp\/v2\/users\/1"}],"replies":[{"embeddable":true,"href":"https:\/\/modenafuturacreativa.it\/de\/wp-json\/wp\/v2\/comments?post=4149"}],"version-history":[{"count":6,"href":"https:\/\/modenafuturacreativa.it\/de\/wp-json\/wp\/v2\/posts\/4149\/revisions"}],"predecessor-version":[{"id":4157,"href":"https:\/\/modenafuturacreativa.it\/de\/wp-json\/wp\/v2\/posts\/4149\/revisions\/4157"}],"wp:featuredmedia":[{"embeddable":true,"href":"https:\/\/modenafuturacreativa.it\/de\/wp-json\/wp\/v2\/media\/4150"}],"wp:attachment":[{"href":"https:\/\/modenafuturacreativa.it\/de\/wp-json\/wp\/v2\/media?parent=4149"}],"wp:term":[{"taxonomy":"category","embeddable":true,"href":"https:\/\/modenafuturacreativa.it\/de\/wp-json\/wp\/v2\/categories?post=4149"},{"taxonomy":"post_tag","embeddable":true,"href":"https:\/\/modenafuturacreativa.it\/de\/wp-json\/wp\/v2\/tags?post=4149"}],"curies":[{"name":"wp","href":"https:\/\/api.w.org\/{rel}","templated":true}]}}