{"id":4042,"date":"2024-10-18T11:28:25","date_gmt":"2024-10-18T09:28:25","guid":{"rendered":"https:\/\/modenafuturacreativa.it\/?p=4042"},"modified":"2025-03-21T14:18:25","modified_gmt":"2025-03-21T13:18:25","slug":"al-centro-musica-il-corso-di-videomaking-urban-video","status":"publish","type":"post","link":"https:\/\/modenafuturacreativa.it\/de\/al-centro-musica-il-corso-di-videomaking-urban-video\/","title":{"rendered":"DER VIDEOKURS \"URBAN VIDEO\" IM MUSIKZENTRUM"},"content":{"rendered":"<div id=\"fws_6a9b769550e89\"  data-column-margin=\"60px\" data-midnight=\"dark\"  class=\"wpb_row vc_row-fluid vc_row\"  style=\"padding-top: 0px; padding-bottom: 0px; \"><div class=\"row-bg-wrap\" data-bg-animation=\"none\" data-bg-animation-delay=\"\" data-bg-overlay=\"false\"><div class=\"inner-wrap row-bg-layer\" ><div class=\"row-bg viewport-desktop\"  style=\"\"><\/div><\/div><\/div><div class=\"row_col_wrap_12 col span_12 dark left\">\n\t<div  class=\"vc_col-sm-12 wpb_column column_container vc_column_container col no-extra-padding inherit_tablet inherit_phone\"  data-padding-pos=\"all\" data-has-bg-color=\"false\" data-bg-color=\"\" data-bg-opacity=\"1\" data-animation=\"\" data-delay=\"0\" >\n\t\t<div class=\"vc_column-inner\" >\n\t\t\t<div class=\"wpb_wrapper\">\n\t\t\t\t\n\t<div class=\"wpb_gallery wpb_content_element clearfix\">\n\t\t<div class=\"wpb_wrapper\"><div class=\"wpb_gallery_slidesflickity_style\" data-onclick=\"link_image\" data-interval=\"5\"><div class=\"nectar-flickity not-initialized\" role=\"region\" aria-roledescription=\"carousel\" aria-label=\"Bildergalerie\"  data-touch-icon-color=\"default\" data-stagger=\"\" data-drag-scale=\"\" data-overflow=\"hidden\" data-wrap=\"wrap\" data-spacing=\"default\" data-shadow=\"large_depth\" data-autoplay=\"true\" data-autoplay-dur=\"\" data-free-scroll=\"\" data-controls=\"material_pagination\" data-desktop-columns=\"1\" data-small-desktop-columns=\"1\" data-tablet-columns=\"1\" data-phone-columns=\"1\"><div class=\"flickity-viewport\"> <div class=\"flickity-slider\"><div class=\"cell\" data-lazy=\"false\"><img decoding=\"async\" class=\"skip-lazy nectar-lazy\" src=\"https:\/\/modenafuturacreativa.it\/wp-content\/uploads\/2024\/10\/Urban-Video-Riprese-in-Tenda-600x450.jpg\" width=\"600\" height=\"450\" alt=\"Urban Video - Riprese in Tenda\" title=\"Urban Video - Dreharbeiten in einem Zelt\" loading=\"lazy\" \/><a class=\"entire-slide-link\" aria-label=\"Urban Video - Dreharbeiten in einem Zelt\"  href=\"https:\/\/modenafuturacreativa.it\/wp-content\/uploads\/2024\/10\/Urban-Video-Riprese-in-Tenda.jpg\"><\/a><\/div><div class=\"cell\" data-lazy=\"false\"><img decoding=\"async\" class=\"skip-lazy nectar-lazy\" src=\"https:\/\/modenafuturacreativa.it\/wp-content\/uploads\/2024\/10\/Urban-Video-Ciak-600x450.jpg\" width=\"600\" height=\"450\" alt=\"Urban Video - Ciak\" title=\"Urban Video - Ciak\" loading=\"lazy\" \/><a class=\"entire-slide-link\" aria-label=\"Urban Video - Ciak\"  href=\"https:\/\/modenafuturacreativa.it\/wp-content\/uploads\/2024\/10\/Urban-Video-Ciak.jpg\"><\/a><\/div><div class=\"cell\" data-lazy=\"false\"><img decoding=\"async\" class=\"skip-lazy nectar-lazy\" src=\"https:\/\/modenafuturacreativa.it\/wp-content\/uploads\/2024\/10\/Urban-Video-Docenti-e-studenti-2024-600x450.jpg\" width=\"600\" height=\"450\" alt=\"Urban Video - Docenti e studenti 2024\" title=\"Urban Video - Lehrer und Sch\u00fcler 2024\" loading=\"lazy\" \/><a class=\"entire-slide-link\" aria-label=\"Urban Video - Lehrer und Sch\u00fcler 2024\"  href=\"https:\/\/modenafuturacreativa.it\/wp-content\/uploads\/2024\/10\/Urban-Video-Docenti-e-studenti-2024.jpg\"><\/a><\/div><\/div><\/div><\/div><\/div>\n\t\t<\/div> \n\t<\/div> \n<div class=\"wpb_text_column wpb_content_element\" >\n\t<div id=\"parent-fieldname-description\">\n<div id=\"parent-fieldname-description\"><strong>8 junge Menschen zwischen 16 und 29 Jahren k\u00f6nnen die verschiedenen Techniken der Gestaltung, Produktion und Verbreitung von Multimedia-Produkten erlernen. Anmeldung bis 9. Dezember<\/strong><\/div>\n<div id=\"viewlet-above-content-body\"><\/div>\n<div id=\"content-core\">\n<div id=\"parent-fieldname-text\">\n<p>Zur\u00fcck im Musikzentrum: \"Urban Video\", die kostenlose Fortbildung f\u00fcr junge Videofilmer, die die verschiedenen Techniken f\u00fcr die Erstellung und den Vertrieb von audiovisuellen und multimedialen Produkten (Regie, Live, Multimediashow) kennen lernen und sich grundlegende F\u00e4higkeiten aneignen m\u00f6chten, um eine berufliche Laufbahn im audiovisuellen Sektor einzuschlagen.<\/p>\n<p>Die mittlerweile achte Ausgabe von \"Urban Video\" wird vom Musikzentrum Modena in Zusammenarbeit mit Easy Show Coop veranstaltet und von Francesca Cappi und Federico Sigillo koordiniert.<\/p>\n<p>Der Kurs ist f\u00fcr 8 Teilnehmer offen und soll sie mit Fachleuten aus der Branche in Kontakt bringen. Die Teilnehmer k\u00f6nnen mehr \u00fcber die Werkzeuge und Techniken erfahren, die von Videomachern, Videok\u00fcnstlern und Videodesignern in der Branche verwendet werden, und erhalten einen \u00dcberblick \u00fcber Fotografie, Schreib- und Videodrehtechniken sowie Drehbuchschreiben und Inhaltsgestaltung. Neu in diesem Jahr ist ein Modul, das dem Einsatz von k\u00fcnstlicher Intelligenz bei der Erstellung visueller und audiovisueller Inhalte gewidmet ist und eine Einf\u00fchrung in die Automatisierung der Videobearbeitung und Bilderzeugung bietet.<\/p>\n<p>Die Dauer des Kurses betr\u00e4gt 68 Stunden und setzt sich zusammen aus pers\u00f6nlichen Vorlesungen (18 Stunden), vertiefenden Modulen mit Treffen mit Fachleuten auf dem Gebiet (32 Stunden) und Praktika (18 Stunden).<\/p>\n<p>Das Programm \"Urban Video\" beginnt am 20. Januar 2025 und endet am 11. M\u00e4rz. Der pers\u00f6nliche Unterricht findet montags von 18 bis 21 Uhr statt, w\u00e4hrend die Treffen mit den Experten samstags von 9 bis 13 Uhr und von 14 bis 18 Uhr abgehalten werden, es sei denn, es wird etwas anderes zwischen Lehrer und Sch\u00fcler vereinbart. Der Unterricht findet in den R\u00e4umlichkeiten des Centro Musica_71MusicHub, Via Morandi 71 in Modena statt.<\/p>\n<p>Die Teilnahme an diesem Kurs ist kostenlos. Es stehen insgesamt 8 Pl\u00e4tze zur Verf\u00fcgung. Der Zugang erfolgt \u00fcber eine Rangliste, die von einem Ausschuss aus Sachverst\u00e4ndigen und Wirtschaftsbeteiligten erstellt wird, die die Teilnehmer auf der Grundlage eines pers\u00f6nlichen Gespr\u00e4chs ermitteln, das am 11. und 12. Dezember 2024 nach einer E-Mail-Benachrichtigung mit Datum, Uhrzeit und Link zur Aufforderung per Fernzugriff stattfinden wird.<\/p>\n<p>Um sich anzumelden, m\u00fcssen Sie Ihren Wohnsitz in der Provinz Modena haben und zwischen 16 und 29 Jahre alt sein. Die Anmeldung muss bis sp\u00e4testens 9. Dezember 2024 um 13.00 Uhr erfolgen, indem Sie das Anmeldeformular ausf\u00fcllen, das auf der Website des Centro Musica unter\u00a0<a href=\"http:\/\/www.musicplus.it\/\">www.musicplus.it<\/a>wo Sie auch die vollst\u00e4ndige Aufforderung zur Einreichung von Bewerbungen herunterladen und das komplette Kursprogramm einsehen k\u00f6nnen. Sie k\u00f6nnen Informationen und Erkl\u00e4rungen per E-Mail anfordern, indem Sie an folgende Adresse schreiben\u00a0<a href=\"mailto:info@easyshowcoop.it\">info@easyshowcoop.it<\/a>oder durch Kontaktaufnahme mit dem Musikzentrum unter\u00a0<a href=\"mailto:centro.musica@comune.modena.it\">centro.musica@comune.modena.it<\/a>\u00a0oder unter der Nummer 059 203 4810.<\/p>\n<\/div>\n<\/div>\n<\/div>\n<\/div>\n\n\n\n\n\t\t\t<\/div> \n\t\t<\/div>\n\t<\/div> \n<\/div><\/div>","protected":false},"excerpt":{"rendered":"F\u00fcr 8 junge Menschen zwischen 16 und 29 Jahren, um die verschiedenen Techniken der Gestaltung, Produktion und Verbreitung von Multimedia-Produkten zu erlernen. Anmeldung bis 9. Dezember Zur\u00fcck...","protected":false},"author":1,"featured_media":4046,"comment_status":"closed","ping_status":"closed","sticky":false,"template":"","format":"standard","meta":{"wpupg_custom_link":[],"wpupg_custom_link_behaviour":["default"],"wpupg_custom_link_nofollow":[],"wpupg_custom_image":[],"wpupg_custom_image_id":[],"footnotes":""},"categories":[475],"tags":[],"class_list":["post-4042","post","type-post","status-publish","format-standard","has-post-thumbnail","category-news"],"_links":{"self":[{"href":"https:\/\/modenafuturacreativa.it\/de\/wp-json\/wp\/v2\/posts\/4042","targetHints":{"allow":["GET"]}}],"collection":[{"href":"https:\/\/modenafuturacreativa.it\/de\/wp-json\/wp\/v2\/posts"}],"about":[{"href":"https:\/\/modenafuturacreativa.it\/de\/wp-json\/wp\/v2\/types\/post"}],"author":[{"embeddable":true,"href":"https:\/\/modenafuturacreativa.it\/de\/wp-json\/wp\/v2\/users\/1"}],"replies":[{"embeddable":true,"href":"https:\/\/modenafuturacreativa.it\/de\/wp-json\/wp\/v2\/comments?post=4042"}],"version-history":[{"count":2,"href":"https:\/\/modenafuturacreativa.it\/de\/wp-json\/wp\/v2\/posts\/4042\/revisions"}],"predecessor-version":[{"id":4048,"href":"https:\/\/modenafuturacreativa.it\/de\/wp-json\/wp\/v2\/posts\/4042\/revisions\/4048"}],"wp:featuredmedia":[{"embeddable":true,"href":"https:\/\/modenafuturacreativa.it\/de\/wp-json\/wp\/v2\/media\/4046"}],"wp:attachment":[{"href":"https:\/\/modenafuturacreativa.it\/de\/wp-json\/wp\/v2\/media?parent=4042"}],"wp:term":[{"taxonomy":"category","embeddable":true,"href":"https:\/\/modenafuturacreativa.it\/de\/wp-json\/wp\/v2\/categories?post=4042"},{"taxonomy":"post_tag","embeddable":true,"href":"https:\/\/modenafuturacreativa.it\/de\/wp-json\/wp\/v2\/tags?post=4042"}],"curies":[{"name":"wp","href":"https:\/\/api.w.org\/{rel}","templated":true}]}}