{"id":4028,"date":"2024-10-16T15:36:14","date_gmt":"2024-10-16T13:36:14","guid":{"rendered":"https:\/\/modenafuturacreativa.it\/?p=4028"},"modified":"2025-03-21T14:18:25","modified_gmt":"2025-03-21T13:18:25","slug":"il-quartiere-san-faustino-in-mostra-con-sguardi-civici","status":"publish","type":"post","link":"https:\/\/modenafuturacreativa.it\/de\/il-quartiere-san-faustino-in-mostra-con-sguardi-civici\/","title":{"rendered":"DER STADTTEIL SAN FAUSTINO WIRD MIT \"STAATSB\u00dcRGERLICHEN BLICKEN\" VORGESTELLT"},"content":{"rendered":"<div id=\"fws_6a9b76928abed\"  data-column-margin=\"60px\" data-midnight=\"dark\"  class=\"wpb_row vc_row-fluid vc_row\"  style=\"padding-top: 0px; padding-bottom: 0px; \"><div class=\"row-bg-wrap\" data-bg-animation=\"none\" data-bg-animation-delay=\"\" data-bg-overlay=\"false\"><div class=\"inner-wrap row-bg-layer\" ><div class=\"row-bg viewport-desktop\"  style=\"\"><\/div><\/div><\/div><div class=\"row_col_wrap_12 col span_12 dark left\">\n\t<div  class=\"vc_col-sm-12 wpb_column column_container vc_column_container col no-extra-padding inherit_tablet inherit_phone\"  data-padding-pos=\"all\" data-has-bg-color=\"false\" data-bg-color=\"\" data-bg-opacity=\"1\" data-animation=\"\" data-delay=\"0\" >\n\t\t<div class=\"vc_column-inner\" >\n\t\t\t<div class=\"wpb_wrapper\">\n\t\t\t\t\n<div class=\"wpb_text_column wpb_content_element\" >\n\t<div id=\"parent-fieldname-description\"><strong>Am Freitag, den 18. Oktober, um 17 Uhr, findet in der Direzionale 70 die Er\u00f6ffnung der Fotoausstellung statt, die die Geschichte der Familienalben mit den Bildern von drei Fotografinnen von heute verbindet<\/strong><\/div>\n<div id=\"viewlet-above-content-body\"><\/div>\n<div id=\"content-core\">\n<div id=\"parent-fieldname-text\">\n<p>Die Ausstellung \"Sguardi civici\" (B\u00fcrgerblicke), die am Freitag, den 18. Oktober um 17 Uhr in der Direzionale 70 in Modena (Via Giardini 474) er\u00f6ffnet wird, zeigt Fotografien aus Familienalben, die die Geschichte des Viertels San Faustino erz\u00e4hlen, und Bilder, die von drei Fachleuten aufgenommen wurden und den heutigen Zustand des Viertels beschreiben.<\/p>\n<p>Die Ausstellung, die bis zum 18. Januar in den R\u00e4umen im ersten Stock der Direzionale und auf der Franco-Cosimo-Panini-Terrasse zu sehen ist, zeigt historische Fotos aus verschiedenen Fonds und Archiven sowie Bilder von Bewohnern, die sich mit ihren Familienfotos an dem Projekt beteiligt haben. Sie erz\u00e4hlen die Geschichte des Wandels des Viertels San Faustino im S\u00fcdwesten der Stadt, das sich zu Beginn des 20. Jahrhunderts rund um die Via Giardini vor der ehemaligen Porta San Francesco entwickelte und in dem im Laufe der Jahre auch futuristische Geb\u00e4ude wie die Direzionale 70 und der Komplex Modena Due entstanden sind.<\/p>\n<p>Erg\u00e4nzt wird die Ausstellung durch Bilder des heutigen Viertels, die im Sommer von Chiara Fossati, Barbara Rossi und Martina Simonato aufgenommen wurden, den drei Fotografinnen, die die von der Gemeinde im Rahmen des von der Fondazione di Modena unterst\u00fctzten Projekts \"Media Arts\" ausgeschriebene Auswahl gewonnen haben.<\/p>\n<p>Die in Zusammenarbeit mit der Polisportiva San Faustino realisierte Ausstellung ist Teil des Projekts \"Sguardi Civici\", das von der Stadtverwaltung in Zusammenarbeit mit der Biblioteca civica di arte e architettura Luigi Poletti (Stadtbibliothek f\u00fcr Kunst und Architektur), dem Historischen Archiv und der Fondazione Modena Arti Visive (Stiftung f\u00fcr visuelle K\u00fcnste von Modena) im Rahmen der Aktivit\u00e4ten von Modena Citt\u00e0 Creativa Unesco f\u00fcr Medienkunst und unter der Schirmherrschaft der Region Emilia-Romagna gef\u00f6rdert wird.<\/p>\n<p>Es handelt sich um ein Projekt, das eine historische, ethnografische und fotografische Untersuchung von Stadtvierteln zum Ziel hat, um eine Karte der Stadt im Laufe der Zeit zu erstellen, und zwar auf der doppelten Ebene von Stadtgeschichte und Medienkunst.<\/p>\n<p>Das erste Kapitel von \"Civic gazes\" konzentrierte sich auf das historische Zentrum der Stadt mit einer digitalen Karte mit mehr als zweitausend Bildern, die von Paolo Monti im Jahr 1973 aufgenommen wurden und auf der Plattform\u00a0<a href=\"https:\/\/monti.comune.modena.it\/\">https:\/\/monti.comune.modena.it<\/a>.<\/p>\n<\/div>\n<\/div>\n<\/div>\n\n\n\n\n\t\t\t<\/div> \n\t\t<\/div>\n\t<\/div> \n<\/div><\/div>","protected":false},"excerpt":{"rendered":"Am Freitag, 18. Oktober, um 17 Uhr, in der Direzionale 70, die Er\u00f6ffnung der Fotoausstellung, die die Geschichte der Familienalben mit den Bildern von heute von drei Fotografinnen Fotografien aus den Alben verbindet...","protected":false},"author":1,"featured_media":4002,"comment_status":"closed","ping_status":"closed","sticky":false,"template":"","format":"standard","meta":{"wpupg_custom_link":[],"wpupg_custom_link_behaviour":["default"],"wpupg_custom_link_nofollow":[],"wpupg_custom_image":[],"wpupg_custom_image_id":[],"footnotes":""},"categories":[475],"tags":[],"class_list":["post-4028","post","type-post","status-publish","format-standard","has-post-thumbnail","category-news"],"_links":{"self":[{"href":"https:\/\/modenafuturacreativa.it\/de\/wp-json\/wp\/v2\/posts\/4028","targetHints":{"allow":["GET"]}}],"collection":[{"href":"https:\/\/modenafuturacreativa.it\/de\/wp-json\/wp\/v2\/posts"}],"about":[{"href":"https:\/\/modenafuturacreativa.it\/de\/wp-json\/wp\/v2\/types\/post"}],"author":[{"embeddable":true,"href":"https:\/\/modenafuturacreativa.it\/de\/wp-json\/wp\/v2\/users\/1"}],"replies":[{"embeddable":true,"href":"https:\/\/modenafuturacreativa.it\/de\/wp-json\/wp\/v2\/comments?post=4028"}],"version-history":[{"count":1,"href":"https:\/\/modenafuturacreativa.it\/de\/wp-json\/wp\/v2\/posts\/4028\/revisions"}],"predecessor-version":[{"id":4029,"href":"https:\/\/modenafuturacreativa.it\/de\/wp-json\/wp\/v2\/posts\/4028\/revisions\/4029"}],"wp:featuredmedia":[{"embeddable":true,"href":"https:\/\/modenafuturacreativa.it\/de\/wp-json\/wp\/v2\/media\/4002"}],"wp:attachment":[{"href":"https:\/\/modenafuturacreativa.it\/de\/wp-json\/wp\/v2\/media?parent=4028"}],"wp:term":[{"taxonomy":"category","embeddable":true,"href":"https:\/\/modenafuturacreativa.it\/de\/wp-json\/wp\/v2\/categories?post=4028"},{"taxonomy":"post_tag","embeddable":true,"href":"https:\/\/modenafuturacreativa.it\/de\/wp-json\/wp\/v2\/tags?post=4028"}],"curies":[{"name":"wp","href":"https:\/\/api.w.org\/{rel}","templated":true}]}}