{"id":3961,"date":"2024-09-18T16:58:14","date_gmt":"2024-09-18T14:58:14","guid":{"rendered":"https:\/\/modenafuturacreativa.it\/?p=3961"},"modified":"2025-03-21T14:18:25","modified_gmt":"2025-03-21T13:18:25","slug":"san-cataldo-un-riconoscimento-monumentale","status":"publish","type":"post","link":"https:\/\/modenafuturacreativa.it\/de\/san-cataldo-un-riconoscimento-monumentale\/","title":{"rendered":"SAN CATALDO, EINE \"MONUMENTALE\" ANERKENNUNG"},"content":{"rendered":"<div id=\"fws_6a9b77000a5c6\"  data-column-margin=\"60px\" data-midnight=\"dark\"  class=\"wpb_row vc_row-fluid vc_row\"  style=\"padding-top: 0px; padding-bottom: 0px; \"><div class=\"row-bg-wrap\" data-bg-animation=\"none\" data-bg-animation-delay=\"\" data-bg-overlay=\"false\"><div class=\"inner-wrap row-bg-layer\" ><div class=\"row-bg viewport-desktop\"  style=\"\"><\/div><\/div><\/div><div class=\"row_col_wrap_12 col span_12 dark left\">\n\t<div  class=\"vc_col-sm-12 wpb_column column_container vc_column_container col no-extra-padding inherit_tablet inherit_phone\"  data-padding-pos=\"all\" data-has-bg-color=\"false\" data-bg-color=\"\" data-bg-opacity=\"1\" data-animation=\"\" data-delay=\"0\" >\n\t\t<div class=\"vc_column-inner\" >\n\t\t\t<div class=\"wpb_wrapper\">\n\t\t\t\t\n<div class=\"wpb_text_column wpb_content_element\" >\n\t<p><strong>Von der Region das Zeichen, das den historisch-k\u00fcnstlerischen Charakter des Friedhofs von Modena bescheinigt. Beitr\u00e4ge f\u00fcr eine multimediale Besuchsroute sind ebenfalls in Vorbereitung <\/strong><\/p>\n<p>Anerkennung des \"monumentalen\" Wertes und ein Beitrag von 7.600 Euro f\u00fcr die Erstellung eines speziellen Audioguides. Dies sind die beiden Ziele, die die Gemeinde Modena f\u00fcr den Friedhof San Cataldo durch die Teilnahme an der regionalen Ausschreibung zur Aufwertung historischer und monumentaler Friedh\u00f6fe in der Emilia-Romagna erreicht hat.<\/p>\n<p>Der Aufruf, der sich an Friedh\u00f6fe mit historisch-k\u00fcnstlerischen Merkmalen und bereits laufenden Aktivit\u00e4ten richtete, bot in seiner zweiten Auflage die M\u00f6glichkeit, die Anerkennung als \"monumentale\" St\u00e4tte zu beantragen und damit auch einen Beitrag zur Unterst\u00fctzung einer innerhalb des Jahres durchzuf\u00fchrenden Aufwertungsma\u00dfnahme zu erhalten. Ein voller Erfolg f\u00fcr die Gemeinde, die bei ihrer ersten Teilnahme nicht nur die Anerkennung erhielt, sondern auch den ersten Platz in der Rangliste der finanzierten Projekte (85\/100 von 23 teilnehmenden Organisationen).<\/p>\n<p>Der Titel des Projekts, das an das von den Architekten Rossi-Braghieri entwickelte Projekt erinnert, lautet \"Die Stadt der Lebenden und die Stadt der Toten: ein Headset-Rundgang auf dem Friedhof von Modena\" und betrifft die Erstellung eines Audioguides, der \u00fcber einen QR-Code auf Smartphones aktiviert werden kann. Begleitet von einer interaktiven digitalen Karte k\u00f6nnen die Besucher die Stationen des Rundgangs finden, an denen sie einzelne Audiodateien aktivieren, eine Beschreibungskarte lesen und Archivdokumente einsehen k\u00f6nnen. Mehr als eine Stunde lang werden sie durch von Schauspielern aufgezeichnete Monologe von den ber\u00fchmten und gew\u00f6hnlichen Stimmen der \"Bewohner\" des Friedhofs gef\u00fchrt, d. h. von den Frauen und M\u00e4nnern, die dort begraben sind und die Zeugen der gro\u00dfen und allt\u00e4glichen Geschichte der Stadt sind.<\/p>\n<p>Das Engagement der Stadtverwaltung f\u00fcr den Schutz und die Aufwertung des Friedhofs San Cataldo wird fortgesetzt\", so Kulturstadtrat Andrea Bortolamasi, \"der ein einzigartiges architektonisches Erbe darstellt. Durch die Verwendung verschiedener kultureller Sprachen und die Nutzung technologischer Elemente ist das Projekt auch Teil der kreativen Unesco-Stadt f\u00fcr Medienkunst, die Erinnerungen, Geschichte und Innovation miteinander verbindet\".<br \/>\nInsbesondere werden Pers\u00f6nlichkeiten wie Enzo Ferrari, die Schauspielerin Virginia Reiter oder der olympische Turner Alberto Braglia den historischen Teil des von Cesare Costa Mitte des 19. Jahrhunderts errichteten Friedhofs erz\u00e4hlen, w\u00e4hrend sich die Geschichten der einfachen B\u00fcrger mit den vision\u00e4ren und konstruktiven Geschichten des modernen Teils der Anlage \u00fcberschneiden, der von Aldo Rossi und Gianni Braghieri zwischen den 1970er und 1980er Jahren entworfen wurde. Besonderes Augenmerk wird auf die akustischen Aspekte des Audioguides gelegt, f\u00fcr den Originalmusik zur Begleitung des Rundgangs komponiert wird.<\/p>\n<p>Das von der Kulturabteilung der Stadtverwaltung im Rahmen des Programms \"Modena Unesco Creative City for Media Arts\" geplante Projekt zielt darauf ab, die Nutzung eines Ortes mit hoher historischer und k\u00fcnstlerischer Dichte durch die Verbindung von traditionellem Wissen und multimedialen Sprachen zu f\u00f6rdern und weiter zu unterst\u00fctzen. Die Gesamtkosten des Projekts belaufen sich auf 9.500 Euro, wovon 7.600 Euro aus regionalen Beitr\u00e4gen und 1.900 Euro aus Mitteln der Stadtverwaltung finanziert werden.<\/p>\n<p>Der Friedhof von San Cataldo geh\u00f6rt damit offiziell zu den 31 von der Region Emilia-Romagna anerkannten monumentalen und historischen Friedh\u00f6fen, von denen neun in der Ausgabe 2024 und 22 in der ersten Ausgabe der Sonderausschreibung, die im Rahmen des regionalen Gesetzes zur F\u00f6rderung der Anerkennung, Aufwertung und Unterst\u00fctzung dieser St\u00e4tten entwickelt wurde, aufgenommen wurden. Die Preisverleihung f\u00fcr die Einrichtungen ist f\u00fcr Ende September geplant, w\u00e4hrend bis Ende des Jahres der neue Audioguide mit speziellen F\u00fchrungen und Theater- und Tanzeinlagen der \u00d6ffentlichkeit vorgestellt werden soll.<\/p>\n<\/div>\n\n\n\n\n\t\t\t<\/div> \n\t\t<\/div>\n\t<\/div> \n<\/div><\/div>","protected":false},"excerpt":{"rendered":"Von der Region das Zeichen, das den historisch-k\u00fcnstlerischen Charakter des Friedhofs von Modena bescheinigt. Beitr\u00e4ge f\u00fcr eine multimediale Besuchsroute sind ebenfalls auf dem Weg Anerkennung des \"monumentalen\" Wertes und ein Beitrag...","protected":false},"author":1,"featured_media":3962,"comment_status":"closed","ping_status":"closed","sticky":false,"template":"","format":"standard","meta":{"wpupg_custom_link":[],"wpupg_custom_link_behaviour":["default"],"wpupg_custom_link_nofollow":[],"wpupg_custom_image":[],"wpupg_custom_image_id":[],"footnotes":""},"categories":[475],"tags":[],"class_list":["post-3961","post","type-post","status-publish","format-standard","has-post-thumbnail","category-news"],"_links":{"self":[{"href":"https:\/\/modenafuturacreativa.it\/de\/wp-json\/wp\/v2\/posts\/3961","targetHints":{"allow":["GET"]}}],"collection":[{"href":"https:\/\/modenafuturacreativa.it\/de\/wp-json\/wp\/v2\/posts"}],"about":[{"href":"https:\/\/modenafuturacreativa.it\/de\/wp-json\/wp\/v2\/types\/post"}],"author":[{"embeddable":true,"href":"https:\/\/modenafuturacreativa.it\/de\/wp-json\/wp\/v2\/users\/1"}],"replies":[{"embeddable":true,"href":"https:\/\/modenafuturacreativa.it\/de\/wp-json\/wp\/v2\/comments?post=3961"}],"version-history":[{"count":1,"href":"https:\/\/modenafuturacreativa.it\/de\/wp-json\/wp\/v2\/posts\/3961\/revisions"}],"predecessor-version":[{"id":3963,"href":"https:\/\/modenafuturacreativa.it\/de\/wp-json\/wp\/v2\/posts\/3961\/revisions\/3963"}],"wp:featuredmedia":[{"embeddable":true,"href":"https:\/\/modenafuturacreativa.it\/de\/wp-json\/wp\/v2\/media\/3962"}],"wp:attachment":[{"href":"https:\/\/modenafuturacreativa.it\/de\/wp-json\/wp\/v2\/media?parent=3961"}],"wp:term":[{"taxonomy":"category","embeddable":true,"href":"https:\/\/modenafuturacreativa.it\/de\/wp-json\/wp\/v2\/categories?post=3961"},{"taxonomy":"post_tag","embeddable":true,"href":"https:\/\/modenafuturacreativa.it\/de\/wp-json\/wp\/v2\/tags?post=3961"}],"curies":[{"name":"wp","href":"https:\/\/api.w.org\/{rel}","templated":true}]}}