{"id":3952,"date":"2024-09-10T17:53:08","date_gmt":"2024-09-10T15:53:08","guid":{"rendered":"https:\/\/modenafuturacreativa.it\/?p=3952"},"modified":"2025-03-21T14:18:25","modified_gmt":"2025-03-21T13:18:25","slug":"al-comunale-piu-efficienza-energetica-e-innovazioni-digitali","status":"publish","type":"post","link":"https:\/\/modenafuturacreativa.it\/de\/al-comunale-piu-efficienza-energetica-e-innovazioni-digitali\/","title":{"rendered":"DIE GEMEINDE MEHR ENERGIEEFFIZIENZ UND DIGITALE INNOVATIONEN"},"content":{"rendered":"<div id=\"fws_6a9b769150a03\"  data-column-margin=\"60px\" data-midnight=\"dark\"  class=\"wpb_row vc_row-fluid vc_row\"  style=\"padding-top: 0px; padding-bottom: 0px; \"><div class=\"row-bg-wrap\" data-bg-animation=\"none\" data-bg-animation-delay=\"\" data-bg-overlay=\"false\"><div class=\"inner-wrap row-bg-layer\" ><div class=\"row-bg viewport-desktop\"  style=\"\"><\/div><\/div><\/div><div class=\"row_col_wrap_12 col span_12 dark left\">\n\t<div  class=\"vc_col-sm-12 wpb_column column_container vc_column_container col no-extra-padding inherit_tablet inherit_phone\"  data-padding-pos=\"all\" data-has-bg-color=\"false\" data-bg-color=\"\" data-bg-opacity=\"1\" data-animation=\"\" data-delay=\"0\" >\n\t\t<div class=\"vc_column-inner\" >\n\t\t\t<div class=\"wpb_wrapper\">\n\t\t\t\t\n<div class=\"wpb_text_column wpb_content_element\" >\n\t<div id=\"parent-fieldname-description\" class=\"documentDescription\">\n<div id=\"parent-fieldname-description\" class=\"documentDescription\">\n<div id=\"parent-fieldname-description\" class=\"documentDescription\">\n<div id=\"parent-fieldname-description\" class=\"documentDescription\"><strong>Haushaltsabweichung im Rat, um ein Projekt in H\u00f6he von 640.000 Euro f\u00fcr das Pavarotti-Theater Freni bei der regionalen Ausschreibung f\u00fcr Investitionen in die darstellenden K\u00fcnste einzureichen<\/strong><\/div>\n<div id=\"viewlet-above-content-body\"><\/div>\n<div id=\"content-core\">\n<div id=\"parent-fieldname-text\" class=\"plain\">\n<p>Das Stadttheater von Modena, benannt nach Luciano Pavarotti und Mirella Freni, soll energieeffizienter werden und mit technologischen Innovationen ausgestattet werden, um die Video- und Audioleistung bei digitalen \u00dcbertragungen zu verbessern. Dies ist das Ziel des Projekts, das die Stadtverwaltung mit einem Gesamtwert von 640.000 Euro bei der Ausschreibung der Region Emilia-Romagna f\u00fcr Investitionen im Unterhaltungssektor (Gesetz 13 von 1999) f\u00fcr den Zweijahreszeitraum 2025-2026 einreicht.<\/p>\n<p>Der regionale Beitrag kann maximal 500.000 EUR betragen, daher hat sich die Gemeinde zur Kofinanzierung von 140.000 EUR verpflichtet, um jedoch die folgenden Bedingungen zu erf\u00fcllen<\/p>\n<p>Die Frist f\u00fcr die Einreichung des Antrags am 10. September erfordert eine Haushalts\u00e4nderung im Dringlichkeitsverfahren, die am Mittwoch, den 4. September, vom Gemeinderat auf Vorschlag von Haushaltsstadtrat Vittorio Molinari genehmigt wurde. Die \u00c4nderung, die sechste im Jahr 2024, muss dann vom Gemeinderat ratifiziert werden.<\/p>\n<p>Auf der gleichen Ratssitzung wurde auf Vorschlag von Giulio Guerzoni, Stadtrat f\u00fcr \u00f6ffentliche Arbeiten, auch das Ausf\u00fchrungsprojekt der Intervention genehmigt, das zur Senkung des Energieverbrauchs den Austausch von Innen- und Au\u00dfenfenstern vorsieht, wo sie verschlissen und ineffizient sind, insbesondere im Bereich der Garderobe, aber auch auf den B\u00f6den der verschiedenen Logenr\u00e4nge und im B\u00fcrobereich, wo die vor Jahren entfernten Fensterl\u00e4den wieder angebracht werden sollen; auch die Halogen-B\u00fchnenprojektoren werden durch LED-Projektoren ersetzt.<\/p>\n<p>Zu den technologischen Innovationen geh\u00f6ren der Austausch und die Integration von Ger\u00e4ten, die den \u00dcbergang zu einem vollst\u00e4ndig digitalen Videosignalverteilungssystem erm\u00f6glichen, so dass eine Zusammenschaltung f\u00fcr digitales Streaming und B\u00fchnenarbeit m\u00f6glich ist. Auch die Tonmischpulte werden durch modernste Ger\u00e4te ersetzt, die die Leistung verbessern und den Energieverbrauch senken.<\/p>\n<p>Die technologische Innovation und die Anpassung der Struktur in Richtung \u00f6kologischer Nachhaltigkeit, Digitalisierung und Automatisierung der B\u00fchnenbewegungen ist ein Kapitel, an dem das Stadttheater seit einiger Zeit arbeitet, um seine Kapazit\u00e4t und die Qualit\u00e4t seines Angebots zu verbessern, was bereits mit zwei fr\u00fcheren Projekten begonnen hat, eines mit regionaler Finanzierung im Jahr 2018 und eines mit Pnrr-Finanzierung im Jahr 2022. Die vorangegangenen Projekte haben unter anderem die Renovierung des Spaliers und den Austausch der Beleuchtungsk\u00f6rper im Zuschauerraum und in den B\u00fcros durch LED-Leuchten erm\u00f6glicht.<\/p>\n<\/div>\n<\/div>\n<\/div>\n<\/div>\n<\/div>\n<\/div>\n\n\n\n\n\t\t\t<\/div> \n\t\t<\/div>\n\t<\/div> \n<\/div><\/div>","protected":false},"excerpt":{"rendered":"Haushaltsabweichung in der Stadtverwaltung, um ein Projekt in H\u00f6he von 640.000 Euro f\u00fcr das Pavarotti-Theater Freni bei der regionalen Ausschreibung f\u00fcr Investitionen in die darstellenden K\u00fcnste einzureichen Das Stadttheater...","protected":false},"author":1,"featured_media":3953,"comment_status":"closed","ping_status":"closed","sticky":false,"template":"","format":"standard","meta":{"wpupg_custom_link":[],"wpupg_custom_link_behaviour":["default"],"wpupg_custom_link_nofollow":[],"wpupg_custom_image":[],"wpupg_custom_image_id":[],"footnotes":""},"categories":[475],"tags":[],"class_list":["post-3952","post","type-post","status-publish","format-standard","has-post-thumbnail","category-news"],"_links":{"self":[{"href":"https:\/\/modenafuturacreativa.it\/de\/wp-json\/wp\/v2\/posts\/3952","targetHints":{"allow":["GET"]}}],"collection":[{"href":"https:\/\/modenafuturacreativa.it\/de\/wp-json\/wp\/v2\/posts"}],"about":[{"href":"https:\/\/modenafuturacreativa.it\/de\/wp-json\/wp\/v2\/types\/post"}],"author":[{"embeddable":true,"href":"https:\/\/modenafuturacreativa.it\/de\/wp-json\/wp\/v2\/users\/1"}],"replies":[{"embeddable":true,"href":"https:\/\/modenafuturacreativa.it\/de\/wp-json\/wp\/v2\/comments?post=3952"}],"version-history":[{"count":1,"href":"https:\/\/modenafuturacreativa.it\/de\/wp-json\/wp\/v2\/posts\/3952\/revisions"}],"predecessor-version":[{"id":3954,"href":"https:\/\/modenafuturacreativa.it\/de\/wp-json\/wp\/v2\/posts\/3952\/revisions\/3954"}],"wp:featuredmedia":[{"embeddable":true,"href":"https:\/\/modenafuturacreativa.it\/de\/wp-json\/wp\/v2\/media\/3953"}],"wp:attachment":[{"href":"https:\/\/modenafuturacreativa.it\/de\/wp-json\/wp\/v2\/media?parent=3952"}],"wp:term":[{"taxonomy":"category","embeddable":true,"href":"https:\/\/modenafuturacreativa.it\/de\/wp-json\/wp\/v2\/categories?post=3952"},{"taxonomy":"post_tag","embeddable":true,"href":"https:\/\/modenafuturacreativa.it\/de\/wp-json\/wp\/v2\/tags?post=3952"}],"curies":[{"name":"wp","href":"https:\/\/api.w.org\/{rel}","templated":true}]}}