{"id":3901,"date":"2024-08-12T11:57:08","date_gmt":"2024-08-12T09:57:08","guid":{"rendered":"https:\/\/modenafuturacreativa.it\/?p=3901"},"modified":"2025-03-21T14:18:25","modified_gmt":"2025-03-21T13:18:25","slug":"larchitettura-nel-festival-costruire-la-citta-degli-alberi","status":"publish","type":"post","link":"https:\/\/modenafuturacreativa.it\/de\/larchitettura-nel-festival-costruire-la-citta-degli-alberi\/","title":{"rendered":"BAUMFEST \"BAU DER STADT DER B\u00c4UME"},"content":{"rendered":"<div id=\"fws_6a9b769122159\"  data-column-margin=\"60px\" data-midnight=\"dark\"  class=\"wpb_row vc_row-fluid vc_row\"  style=\"padding-top: 0px; padding-bottom: 0px; \"><div class=\"row-bg-wrap\" data-bg-animation=\"none\" data-bg-animation-delay=\"\" data-bg-overlay=\"false\"><div class=\"inner-wrap row-bg-layer\" ><div class=\"row-bg viewport-desktop\"  style=\"\"><\/div><\/div><\/div><div class=\"row_col_wrap_12 col span_12 dark left\">\n\t<div  class=\"vc_col-sm-12 wpb_column column_container vc_column_container col no-extra-padding inherit_tablet inherit_phone\"  data-padding-pos=\"all\" data-has-bg-color=\"false\" data-bg-color=\"\" data-bg-opacity=\"1\" data-animation=\"\" data-delay=\"0\" >\n\t\t<div class=\"vc_column-inner\" >\n\t\t\t<div class=\"wpb_wrapper\">\n\t\t\t\t\n<div class=\"wpb_text_column wpb_content_element\" >\n\t<div id=\"parent-fieldname-description\" class=\"documentDescription\">\n<div id=\"parent-fieldname-description\" class=\"documentDescription\">\n<div id=\"parent-fieldname-description\" class=\"documentDescription\"><strong>\u00dcber 100.000 Euro vom Kulturministerium f\u00fcr die st\u00e4dtische Initiative, die sich am Werk von Cesare Leonardi orientiert und im Handwerkerdorf stattfinden soll<\/strong><\/div>\n<div id=\"viewlet-above-content-body\"><\/div>\n<div id=\"content-core\">\n<div id=\"parent-fieldname-text\" class=\"plain\">\n<p>Inspiriert von den Projekten und Zeichnungen der Architekten Cesare Leonardi und Franca Stagi hat das Festival \"Building the City of Trees\", f\u00fcr das die Stadt Modena von der Generaldirektion f\u00fcr zeitgen\u00f6ssische Kreativit\u00e4t des Kulturministeriums einen Zuschuss in H\u00f6he von 106 900 Euro erhalten hat, im Rahmen der Ausschreibung f\u00fcr Architekturfestivals die Aufmerksamkeit f\u00fcr die zeitgen\u00f6ssische italienische Architektur erh\u00f6ht.<\/p>\n<p>Das von der Gemeinde vorgestellte Projekt (das eine Gesamtpunktzahl von 96\/100 erhalten hat) basiert auf der Idee, dass B\u00e4ume ein Instrument sein k\u00f6nnen, um die moderne Stadt zu erforschen und umzugestalten, und ist inspiriert von der zwanzigj\u00e4hrigen Forschungsarbeit der Modeneser Architekten Leonardi und Stagi \u00fcber die Gestaltung von Parks und st\u00e4dtischen Gr\u00fcnanlagen, die in dem 1982 erschienenen Band \"L'architettura degli alberi\" (Die Architektur der B\u00e4ume) m\u00fcndete, der zu einem Referenzhandbuch f\u00fcr die Landschaftsgestaltung auf internationaler Ebene geworden ist.<\/p>\n<p>Das Handwerkerdorf und das Leonardi-Archiv werden daher Schauplatz des Projekts \"Die Stadt der B\u00e4ume bauen\" sein, das vom 7. bis 13. April 2025, aber bereits im Herbst stattfinden wird: Das Haus-Atelier des Architekten, die Werkst\u00e4tten der Handwerker, stillgelegte R\u00e4ume, Industrieh\u00f6fe und die neue Gr\u00fcne Diagonale werden eine Woche lang Schauplatz von Vortr\u00e4gen, Ausstellungen mit Archivmaterial, Multimedia-Installationen, Rundg\u00e4ngen und F\u00fchrungen, Workshops f\u00fcr Kinder und Erwachsene.<\/p>\n<p>Das Festival wird in Zusammenarbeit mit der Leonardi-Stiftung und in Kooperation mit Amigdala, der Region Emilia Romagna, UniMoRe, der Gemeinde Vignola, der Stadt der B\u00e4ume in Bosco Albergati, Italia Nostra \/ Bosco in citt\u00e0 organisiert. Partner und Unterst\u00fctzer sind die Vereine Fuse*, Bunker, LazyDog press, AlberItalia, Gellner association, Rotary Club. Internationaler Partner ist die deutsche Stadt Karlsruhe, die wie Modena Teil des Unesco-Clusters \"Creative Cities for Media Arts\" ist und eine Wanderausstellung im Rahmen des Festivals ausrichten wird. Internationale Unterst\u00fctzer sind das Netzwerk der 24 Unesco Creative Cities for Media Arts, das Royal College of Art in London, die University of Northampton, Transparadiso in Wien, der Kunstverein Rosa Luxemburg in Berlin und Home For Cooperation (H4C) in Zypern.<\/p>\n<\/div>\n<\/div>\n<\/div>\n<\/div>\n<\/div>\n\n\n\n\n\t\t\t<\/div> \n\t\t<\/div>\n\t<\/div> \n<\/div><\/div>","protected":false},"excerpt":{"rendered":"Das Ministerium f\u00fcr Kultur gew\u00e4hrt einen Zuschuss von \u00fcber 100.000 Euro f\u00fcr die st\u00e4dtische Initiative, die sich am Werk von Cesare Leonardi orientiert und im Artisan Village Yes...","protected":false},"author":1,"featured_media":3902,"comment_status":"closed","ping_status":"closed","sticky":false,"template":"","format":"standard","meta":{"wpupg_custom_link":[],"wpupg_custom_link_behaviour":["default"],"wpupg_custom_link_nofollow":[],"wpupg_custom_image":[],"wpupg_custom_image_id":[],"footnotes":""},"categories":[475],"tags":[],"class_list":["post-3901","post","type-post","status-publish","format-standard","has-post-thumbnail","category-news"],"_links":{"self":[{"href":"https:\/\/modenafuturacreativa.it\/de\/wp-json\/wp\/v2\/posts\/3901","targetHints":{"allow":["GET"]}}],"collection":[{"href":"https:\/\/modenafuturacreativa.it\/de\/wp-json\/wp\/v2\/posts"}],"about":[{"href":"https:\/\/modenafuturacreativa.it\/de\/wp-json\/wp\/v2\/types\/post"}],"author":[{"embeddable":true,"href":"https:\/\/modenafuturacreativa.it\/de\/wp-json\/wp\/v2\/users\/1"}],"replies":[{"embeddable":true,"href":"https:\/\/modenafuturacreativa.it\/de\/wp-json\/wp\/v2\/comments?post=3901"}],"version-history":[{"count":2,"href":"https:\/\/modenafuturacreativa.it\/de\/wp-json\/wp\/v2\/posts\/3901\/revisions"}],"predecessor-version":[{"id":3906,"href":"https:\/\/modenafuturacreativa.it\/de\/wp-json\/wp\/v2\/posts\/3901\/revisions\/3906"}],"wp:featuredmedia":[{"embeddable":true,"href":"https:\/\/modenafuturacreativa.it\/de\/wp-json\/wp\/v2\/media\/3902"}],"wp:attachment":[{"href":"https:\/\/modenafuturacreativa.it\/de\/wp-json\/wp\/v2\/media?parent=3901"}],"wp:term":[{"taxonomy":"category","embeddable":true,"href":"https:\/\/modenafuturacreativa.it\/de\/wp-json\/wp\/v2\/categories?post=3901"},{"taxonomy":"post_tag","embeddable":true,"href":"https:\/\/modenafuturacreativa.it\/de\/wp-json\/wp\/v2\/tags?post=3901"}],"curies":[{"name":"wp","href":"https:\/\/api.w.org\/{rel}","templated":true}]}}