{"id":3811,"date":"2024-07-23T16:19:18","date_gmt":"2024-07-23T14:19:18","guid":{"rendered":"https:\/\/modenafuturacreativa.it\/?p=3811"},"modified":"2025-03-21T14:18:25","modified_gmt":"2025-03-21T13:18:25","slug":"smart-life-festival-2-talk-eventi-e-performance","status":"publish","type":"post","link":"https:\/\/modenafuturacreativa.it\/de\/smart-life-festival-2-talk-eventi-e-performance\/","title":{"rendered":"SMART LIFE FESTIVAL \/ 2 - VORTR\u00c4GE, VERANSTALTUNGEN UND PERFORMANCES"},"content":{"rendered":"<div id=\"fws_6a9b7696c5543\"  data-column-margin=\"60px\" data-midnight=\"dark\"  class=\"wpb_row vc_row-fluid vc_row\"  style=\"padding-top: 0px; padding-bottom: 0px; \"><div class=\"row-bg-wrap\" data-bg-animation=\"none\" data-bg-animation-delay=\"\" data-bg-overlay=\"false\"><div class=\"inner-wrap row-bg-layer\" ><div class=\"row-bg viewport-desktop\"  style=\"\"><\/div><\/div><\/div><div class=\"row_col_wrap_12 col span_12 dark left\">\n\t<div  class=\"vc_col-sm-12 wpb_column column_container vc_column_container col no-extra-padding inherit_tablet inherit_phone\"  data-padding-pos=\"all\" data-has-bg-color=\"false\" data-bg-color=\"\" data-bg-opacity=\"1\" data-animation=\"\" data-delay=\"0\" >\n\t\t<div class=\"vc_column-inner\" >\n\t\t\t<div class=\"wpb_wrapper\">\n\t\t\t\t\n\t<div class=\"wpb_gallery wpb_content_element clearfix\">\n\t\t<div class=\"wpb_wrapper\"><div class=\"wpb_gallery_slidesflickity_style\" data-onclick=\"link_image\" data-interval=\"5\"><div class=\"nectar-flickity not-initialized\" role=\"region\" aria-roledescription=\"carousel\" aria-label=\"Bildergalerie\"  data-touch-icon-color=\"default\" data-stagger=\"\" data-drag-scale=\"\" data-overflow=\"hidden\" data-wrap=\"wrap\" data-spacing=\"default\" data-shadow=\"large_depth\" data-autoplay=\"true\" data-autoplay-dur=\"\" data-free-scroll=\"\" data-controls=\"material_pagination\" data-desktop-columns=\"1\" data-small-desktop-columns=\"1\" data-tablet-columns=\"1\" data-phone-columns=\"1\"><div class=\"flickity-viewport\"> <div class=\"flickity-slider\"><div class=\"cell\" data-lazy=\"false\"><img decoding=\"async\" class=\"skip-lazy nectar-lazy\" src=\"https:\/\/modenafuturacreativa.it\/wp-content\/uploads\/2024\/07\/Marco-Mancuso-600x450.png\" width=\"600\" height=\"450\" alt=\"Marco Mancuso\" title=\"Marco Mancuso\" loading=\"lazy\" \/><a class=\"entire-slide-link\" aria-label=\"Marco Mancuso\"  href=\"https:\/\/modenafuturacreativa.it\/wp-content\/uploads\/2024\/07\/Marco-Mancuso.png\"><\/a><\/div><div class=\"cell\" data-lazy=\"false\"><img decoding=\"async\" class=\"skip-lazy nectar-lazy\" src=\"https:\/\/modenafuturacreativa.it\/wp-content\/uploads\/2024\/07\/Alberto-Nerazzini-scaled-600x450.jpg\" width=\"600\" height=\"450\" alt=\"Alberto Nerazzini\" title=\"Alberto Nerazzini\" loading=\"lazy\" \/><a class=\"entire-slide-link\" aria-label=\"Alberto Nerazzini\"  href=\"https:\/\/modenafuturacreativa.it\/wp-content\/uploads\/2024\/07\/Alberto-Nerazzini-scaled.jpg\"><\/a><\/div><div class=\"cell\" data-lazy=\"false\"><img decoding=\"async\" class=\"skip-lazy nectar-lazy\" src=\"https:\/\/modenafuturacreativa.it\/wp-content\/uploads\/2024\/07\/Flavia-Fratello-scaled-600x450.jpg\" width=\"600\" height=\"450\" alt=\"Flavia Fratello giornalista La7ph\u00a9serena campanini\" title=\"Flavia Fratello Journalistin La7ph\u00a9serena campanini\" loading=\"lazy\" \/><a class=\"entire-slide-link\" aria-label=\"Flavia Fratello Journalistin La7ph\u00a9serena campanini\"  href=\"https:\/\/modenafuturacreativa.it\/wp-content\/uploads\/2024\/07\/Flavia-Fratello-scaled.jpg\"><\/a><\/div><div class=\"cell\" data-lazy=\"false\"><img decoding=\"async\" class=\"skip-lazy nectar-lazy\" src=\"https:\/\/modenafuturacreativa.it\/wp-content\/uploads\/2024\/07\/Gianni-Riotta-600x450.jpg\" width=\"600\" height=\"450\" alt=\"Gianni Riotta\" title=\"Gianni Riotta\" loading=\"lazy\" \/><a class=\"entire-slide-link\" aria-label=\"Gianni Riotta\"  href=\"https:\/\/modenafuturacreativa.it\/wp-content\/uploads\/2024\/07\/Gianni-Riotta.jpg\"><\/a><\/div><div class=\"cell\" data-lazy=\"false\"><img decoding=\"async\" class=\"skip-lazy nectar-lazy\" src=\"https:\/\/modenafuturacreativa.it\/wp-content\/uploads\/2024\/07\/Massimo-Polidoro_crediti-600x450.jpeg\" width=\"600\" height=\"450\" alt=\"Massimo Polidoro_crediti\" title=\"Massimo Polidoro_Credits\" loading=\"lazy\" \/><a class=\"entire-slide-link\" aria-label=\"Massimo Polidoro_Credits\"  href=\"https:\/\/modenafuturacreativa.it\/wp-content\/uploads\/2024\/07\/Massimo-Polidoro_crediti.jpeg\"><\/a><\/div><div class=\"cell\" data-lazy=\"false\"><img decoding=\"async\" class=\"skip-lazy nectar-lazy\" src=\"https:\/\/modenafuturacreativa.it\/wp-content\/uploads\/2024\/07\/Rita-Cucchiara-600x450.jpg\" width=\"600\" height=\"450\" alt=\"Rita Cucchiara\" title=\"Rita Cucchiara\" loading=\"lazy\" \/><a class=\"entire-slide-link\" aria-label=\"Rita Cucchiara\"  href=\"https:\/\/modenafuturacreativa.it\/wp-content\/uploads\/2024\/07\/Rita-Cucchiara.jpg\"><\/a><\/div><\/div><\/div><\/div><\/div>\n\t\t<\/div> \n\t<\/div> \n<div class=\"wpb_text_column wpb_content_element\" >\n\t<div id=\"parent-fieldname-description\" class=\"documentDescription\">\n<div id=\"parent-fieldname-description\" class=\"documentDescription\"><strong>Erkundung neuer Grenzen im Kampf gegen Desinformation und Manipulation der Realit\u00e4t. Zu Gast sind Gianni Riotta, Rita Cucchiara und Massimo Polidori. Smart School kehrt auch zur\u00fcck<\/strong><\/div>\n<div id=\"viewlet-above-content-body\"><\/div>\n<div id=\"content-core\">\n<div id=\"parent-fieldname-text\" class=\"plain\">\n<p>Der Bereich der Information ist eines der wichtigsten Terrains, auf dem immer raffiniertere Formen der Beeinflussung der \u00f6ffentlichen Meinung und der Manipulation der Realit\u00e4t stattfinden. Am Donnerstag, den 26. September um 21 Uhr wird in der Kirche San Carlo in Modena die Ausgabe 2024 des Smart Life Festivals mit einem Vortrag zum Thema \"Wahrheitsmaschinen\" offiziell er\u00f6ffnet. Realit\u00e4t zwischen Information, Recherche und Deepfakes\".<\/p>\n<p>An der Veranstaltung, die in Zusammenarbeit mit dem Dig Festival stattfindet, nehmen Rita Cucchiara (Professorin f\u00fcr Computertechnik und wissenschaftliche Leiterin des AImageLab Unimore), Gianni Riotta (Journalist, Leiter des Master in Journalismus und des Data Lab Research Centre der Luiss-Universit\u00e4t Rom), Alberto Nerazzini (Journalist, Pr\u00e4sident des Dig Festivals) und Flavia Fratello (Journalistin und Fernsehmoderatorin) teil. Das Treffen wird sich eingehend mit den technologischen Ver\u00e4nderungen befassen, die der Erstellung und Verbreitung von Inhalten in den traditionellen Medien und den digitalen Kan\u00e4len zugrunde liegen; mit der M\u00f6glichkeit, Fakten durch eingehende Analysen und Untersuchungen zu \u00fcberpr\u00fcfen und zu berichten; mit den neuen Grenzen der Bek\u00e4mpfung von Desinformation, einschlie\u00dflich der Projekte, die vom Luiss Data Lab in Zusammenarbeit mit der Fieg Federazione Italiana Editori Giornali, mit Unterst\u00fctzung von Google.org und unter der Schirmherrschaft der Nationalen Agentur f\u00fcr Cybersicherheit entwickelt wurden.<\/p>\n<p>Am Samstag, den 28. September um 21 Uhr wird Massimo Polidoro in seinem B\u00fchnenvortrag \"Die Wissenschaft des Unglaublichen\" die Beziehung zwischen Wissenschaft und Wahrheit untersuchen. Piero Angelas historischer Mitarbeiter, Mitautor seines neuesten Buches \"La meraviglia del tutto\" (Das Wunder von allem), Dozent, Popularisierer, Mitbegr\u00fcnder und nationaler Sekret\u00e4r von Cicap, dem italienischen Komitee zur Kontrolle pseudowissenschaftlicher Behauptungen, wird das Publikum auf eine Reise mitnehmen, um die Bedeutung von Wissen und kritischem Denken in einer von falschen Wahrheiten beherrschten Welt wiederzuentdecken.<\/p>\n<p>&nbsp;<\/p>\n<p>Am Sonntag, den 29. September um 16 Uhr findet in Zusammenarbeit mit der Fmav Fondazione Modena Arti Visive der Vortrag \"Menschliche, technologische und nat\u00fcrliche Intelligenz f\u00fcr eine neue Umweltontologie\" mit Marco Mancuso, Kritiker und Kurator, Laura Palazzani, Bioethikexpertin und Dozentin f\u00fcr Rechtsphilosophie an der Universit\u00e4t Lumsa in Rom, und Alessandra Gribaldo, Dozentin f\u00fcr Kulturanthropologie an der Universit\u00e4t von Modena und Reggio Emilia, statt. Bei dem Treffen werden kritische Punkte, falsche Annahmen und m\u00f6gliche Entwicklungen im Zusammenhang mit neuen Formen der Beziehung zwischen Menschen, Computermaschinen und nat\u00fcrlichen Systemen er\u00f6rtert.<\/p>\n<p>Im Anschluss an die Podiumsdiskussion kann das Publikum an einer speziellen F\u00fchrung durch die Ausstellung \"Umwelt\" teilnehmen, die der Beziehung zwischen Intelligenz und Umwelt gewidmet ist und von Marco Mancuso kuratiert und von Fmav anl\u00e4sslich des Smart Life Festivals angeboten wird.<\/p>\n<p>Zahlreiche weitere G\u00e4ste werden das Festivalprogramm beleben, darunter der Illustrator der Cover der historischen italienischen Science-Fiction-Serie Urania, Franco Brambilla, der mit einer besonderen und originellen Ausgabe seines Projekts \"Invading The Vintage\" teilnehmen wird, das der figurativen Erkundung realer und imagin\u00e4rer Landschaften gewidmet ist.<\/p>\n<p>Diese Ausgabe des Smart Life Festivals wird auch durch Smart School bereichert, ein umfangreiches Programm, das der Welt der Bildung und der Schulen gewidmet ist: mehr als zwanzig Veranstaltungen, darunter Labore, Workshops, Ausstellungen und vertiefende Studien, richten sich an Sch\u00fcler der Modeneser Schulen aller Stufen.<\/p>\n<p>Dazu geh\u00f6rt der Vortrag \"Intelligenz der Natur. Pflanzen und Tiere: Erbauer von Welten und Beziehungen\", der am Donnerstag, den 26. September um 17.30 Uhr in Zusammenarbeit mit dem Centro Memo und der Fondazione degli Architetti di Modena stattfindet. Daran nehmen der Zooanthropologe Roberto Marchesini und die Biologin und Forscherin Laura Arru von Unimore teil, die zusammen mit anderen G\u00e4sten \u00fcber noch wenig bekannte, aber grundlegende Wahrheiten in der Beziehung zwischen k\u00fcnstlicher und tierischer Intelligenz nachdenken werden.<\/p>\n<p>Am Sonntag, den 29. September, um 21.00 Uhr schlie\u00dflich wird die Verabredung mit den Schulen mit einer Performance fortgesetzt, bei der Mode, Technologie, Musik und Tanz miteinander verwoben werden. Die Auff\u00fchrung \"Hentai. Digitale Metamorphose\", die die technisch-informatische Kreativit\u00e4t von Itis Corni, die modische Kreativit\u00e4t des Istituto Deledda und die k\u00fcnstlerische und musikalische Kreativit\u00e4t des Liceo Sigonio in Zusammenarbeit mit Arte Equilibra vereint, werden die Sch\u00fcler die Protagonisten einer Performance-Modenschau sein, die das Thema des Festivals im Zeichen der Transformation und des Wandels aufgreift.<\/p>\n<p>Das vollst\u00e4ndige Festivalprogramm wird in K\u00fcrze auf der Website (https:\/\/www.smartlifefestival.it\/) und in den sozialen Medien verf\u00fcgbar sein. Dar\u00fcber hinaus sind im September im Vorfeld der Festivaltage mehrere Vorabveranstaltungen in Modena und der Provinz geplant.<\/p>\n<\/div>\n<\/div>\n<\/div>\n<\/div>\n\n\n\n\n\t\t\t<\/div> \n\t\t<\/div>\n\t<\/div> \n<\/div><\/div>","protected":false},"excerpt":{"rendered":"Erkundung neuer Grenzen im Kampf gegen Desinformation und Manipulation der Realit\u00e4t. G\u00e4ste Gianni Riotta, Rita Cucchiara und Massimo Polidori. Auch die Smart School kehrt zur\u00fcck Der Bereich der Information ist einer der Hauptbereiche, in denen...","protected":false},"author":1,"featured_media":3815,"comment_status":"closed","ping_status":"closed","sticky":false,"template":"","format":"standard","meta":{"wpupg_custom_link":[],"wpupg_custom_link_behaviour":["default"],"wpupg_custom_link_nofollow":[],"wpupg_custom_image":[],"wpupg_custom_image_id":[],"footnotes":""},"categories":[475],"tags":[],"class_list":["post-3811","post","type-post","status-publish","format-standard","has-post-thumbnail","category-news"],"_links":{"self":[{"href":"https:\/\/modenafuturacreativa.it\/de\/wp-json\/wp\/v2\/posts\/3811","targetHints":{"allow":["GET"]}}],"collection":[{"href":"https:\/\/modenafuturacreativa.it\/de\/wp-json\/wp\/v2\/posts"}],"about":[{"href":"https:\/\/modenafuturacreativa.it\/de\/wp-json\/wp\/v2\/types\/post"}],"author":[{"embeddable":true,"href":"https:\/\/modenafuturacreativa.it\/de\/wp-json\/wp\/v2\/users\/1"}],"replies":[{"embeddable":true,"href":"https:\/\/modenafuturacreativa.it\/de\/wp-json\/wp\/v2\/comments?post=3811"}],"version-history":[{"count":3,"href":"https:\/\/modenafuturacreativa.it\/de\/wp-json\/wp\/v2\/posts\/3811\/revisions"}],"predecessor-version":[{"id":4049,"href":"https:\/\/modenafuturacreativa.it\/de\/wp-json\/wp\/v2\/posts\/3811\/revisions\/4049"}],"wp:featuredmedia":[{"embeddable":true,"href":"https:\/\/modenafuturacreativa.it\/de\/wp-json\/wp\/v2\/media\/3815"}],"wp:attachment":[{"href":"https:\/\/modenafuturacreativa.it\/de\/wp-json\/wp\/v2\/media?parent=3811"}],"wp:term":[{"taxonomy":"category","embeddable":true,"href":"https:\/\/modenafuturacreativa.it\/de\/wp-json\/wp\/v2\/categories?post=3811"},{"taxonomy":"post_tag","embeddable":true,"href":"https:\/\/modenafuturacreativa.it\/de\/wp-json\/wp\/v2\/tags?post=3811"}],"curies":[{"name":"wp","href":"https:\/\/api.w.org\/{rel}","templated":true}]}}