{"id":3806,"date":"2024-07-23T16:16:30","date_gmt":"2024-07-23T14:16:30","guid":{"rendered":"https:\/\/modenafuturacreativa.it\/?p=3806"},"modified":"2025-03-21T14:18:26","modified_gmt":"2025-03-21T13:18:26","slug":"smart-life-festival-2024-indaga-il-confine-tra-vero-e-falso","status":"publish","type":"post","link":"https:\/\/modenafuturacreativa.it\/de\/smart-life-festival-2024-indaga-il-confine-tra-vero-e-falso\/","title":{"rendered":"SMART LIFE FESTIVAL 2024 ERFORSCHT DIE GRENZE ZWISCHEN WAHR UND FALSCH"},"content":{"rendered":"<div id=\"fws_6a9b7698622af\"  data-column-margin=\"60px\" data-midnight=\"dark\"  class=\"wpb_row vc_row-fluid vc_row\"  style=\"padding-top: 0px; padding-bottom: 0px; \"><div class=\"row-bg-wrap\" data-bg-animation=\"none\" data-bg-animation-delay=\"\" data-bg-overlay=\"false\"><div class=\"inner-wrap row-bg-layer\" ><div class=\"row-bg viewport-desktop\"  style=\"\"><\/div><\/div><\/div><div class=\"row_col_wrap_12 col span_12 dark left\">\n\t<div  class=\"vc_col-sm-12 wpb_column column_container vc_column_container col no-extra-padding inherit_tablet inherit_phone\"  data-padding-pos=\"all\" data-has-bg-color=\"false\" data-bg-color=\"\" data-bg-opacity=\"1\" data-animation=\"\" data-delay=\"0\" >\n\t\t<div class=\"vc_column-inner\" >\n\t\t\t<div class=\"wpb_wrapper\">\n\t\t\t\t\n\t<div class=\"wpb_gallery wpb_content_element clearfix\">\n\t\t<div class=\"wpb_wrapper\"><div class=\"wpb_gallery_slidesflickity_style\" data-onclick=\"link_image\" data-interval=\"5\"><div class=\"nectar-flickity not-initialized\" role=\"region\" aria-roledescription=\"carousel\" aria-label=\"Bildergalerie\"  data-touch-icon-color=\"default\" data-stagger=\"\" data-drag-scale=\"\" data-overflow=\"hidden\" data-wrap=\"wrap\" data-spacing=\"default\" data-shadow=\"large_depth\" data-autoplay=\"true\" data-autoplay-dur=\"\" data-free-scroll=\"\" data-controls=\"material_pagination\" data-desktop-columns=\"1\" data-small-desktop-columns=\"1\" data-tablet-columns=\"1\" data-phone-columns=\"1\"><div class=\"flickity-viewport\"> <div class=\"flickity-slider\"><div class=\"cell\" data-lazy=\"false\"><img decoding=\"async\" class=\"skip-lazy nectar-lazy\" src=\"https:\/\/modenafuturacreativa.it\/wp-content\/uploads\/2024\/07\/SLF024-Vero-Falso-X-VV-600x450.jpg\" width=\"600\" height=\"450\" alt=\"SLF024 - Vero- Falso- X - VV\" title=\"SLF024 - Wahr - Falsch - X - VV\" loading=\"lazy\" \/><a class=\"entire-slide-link\" aria-label=\"SLF024 - Wahr - Falsch - X - VV\"  href=\"https:\/\/modenafuturacreativa.it\/wp-content\/uploads\/2024\/07\/SLF024-Vero-Falso-X-VV.jpg\"><\/a><\/div><div class=\"cell\" data-lazy=\"false\"><img decoding=\"async\" class=\"skip-lazy nectar-lazy\" src=\"https:\/\/modenafuturacreativa.it\/wp-content\/uploads\/2024\/07\/SLF024-Vero-Falso-X-VO-1-600x450.jpg\" width=\"600\" height=\"450\" alt=\"SLF024 - Vero- Falso- X - VO (1)\" title=\"SLF024 - Wahr- Falsch- X - VO (1)\" loading=\"lazy\" \/><a class=\"entire-slide-link\" aria-label=\"SLF024 - Wahr- Falsch- X - VO (1)\"  href=\"https:\/\/modenafuturacreativa.it\/wp-content\/uploads\/2024\/07\/SLF024-Vero-Falso-X-VO-1.jpg\"><\/a><\/div><div class=\"cell\" data-lazy=\"false\"><img decoding=\"async\" class=\"skip-lazy nectar-lazy\" src=\"https:\/\/modenafuturacreativa.it\/wp-content\/uploads\/2024\/07\/PHOTO-2024-07-19-11-45-40-600x450.jpg\" width=\"600\" height=\"450\" alt=\"PHOTO-2024-07-19-11-45-40\" title=\"PHOTO-2024-07-19-11-45-40\" loading=\"lazy\" \/><a class=\"entire-slide-link\" aria-label=\"PHOTO-2024-07-19-11-45-40\"  href=\"https:\/\/modenafuturacreativa.it\/wp-content\/uploads\/2024\/07\/PHOTO-2024-07-19-11-45-40.jpg\"><\/a><\/div><\/div><\/div><\/div><\/div>\n\t\t<\/div> \n\t<\/div> \n<div class=\"wpb_text_column wpb_content_element\" >\n\t<div id=\"parent-fieldname-description\" class=\"documentDescription\"><strong>Fake News, Ethik und k\u00fcnstliche Intelligenz, Phantasie und Realit\u00e4t im Mittelpunkt der neunten Ausgabe des Festivals der digitalen Kultur: vom 26. bis 29. September in Modena<\/strong><\/div>\n<div id=\"viewlet-above-content-body\"><\/div>\n<div id=\"content-core\">\n<div id=\"parent-fieldname-text\" class=\"plain\">\n<p>Von Donnerstag, 26. bis Sonntag, 29. September kehrt das Smart Life Festival nach Modena zur\u00fcck. In seiner neunten Ausgabe widmet sich das diesj\u00e4hrige Festival f\u00fcr digitale Kultur dem Thema \"True, False, X\" und zielt darauf ab, \u00fcber die Grenze zwischen wahr und falsch im Zeitalter des digitalen Wandels nachzudenken, zu hinterfragen, welche Kenntnisse und F\u00e4higkeiten erforderlich sind, um sie zu verstehen und zu wissen, wie man sich im Zeitalter der generativen KI zwischen Realit\u00e4t und Fantasie bewegt.<\/p>\n<p>Das Smart Life Festival wird von der Stadtverwaltung Modena in Zusammenarbeit mit lokalen Institutionen wie der Universit\u00e4t Modena und Reggio Emilia, der Fondazione Collegio San Carlo, der Fondazione di Modena, der Democenter Foundation, der Provinz Modena und der Handelskammer Modena veranstaltet.<\/p>\n<p>\"Das Festival wird sich mit sehr aktuellen Themen befassen, die mit Sorgfalt und Kompetenz behandelt werden m\u00fcssen\", sagt der B\u00fcrgermeister von Modena Massimo Mezzetti, \"deshalb halte ich die Veranstaltungen, die in unserer Stadt an sehr sch\u00f6nen Orten stattfinden, f\u00fcr sehr wichtig, und es wird noch mehr Spa\u00df machen, den \u00dcberlegungen der teilnehmenden G\u00e4ste zuzuh\u00f6ren. Wir m\u00fcssen in eine kulturelle Arbeit investieren, die sich mit den Themen einer Technologie im Dienste der Wahrheit und dem Aufbau eines kritischen und korrekt informierten Ansatzes zu zeitgen\u00f6ssischen Themen befasst. Aus diesem Grund m\u00f6chte ich allen Akteuren und Partnern des Smart Life Festivals f\u00fcr ihr Engagement bei der Realisierung dieser Ausgabe danken.<\/p>\n<p>Die Veranstaltung stellt einen Raum f\u00fcr Diskussionen dar, an denen B\u00fcrger, Unternehmen, Institutionen, Kultur- und Bildungseinrichtungen beteiligt sind, die in der Region verwurzelt sind, und stellt sie in einen Dialog mit nationalen und internationalen Erfahrungen.<\/p>\n<p>\"Das Smart Life Festival best\u00e4tigt sich als ein Ort, an dem die technologischen, kulturellen und sozialen Ver\u00e4nderungen unserer Gegenwart und ihre m\u00f6glichen Folgen f\u00fcr unser t\u00e4gliches Leben erforscht werden k\u00f6nnen\", betont der Pr\u00e4sident der Fondazione Collegio San Carlo, Vittorio Lugli, und f\u00fcgt hinzu: \"Das diesj\u00e4hrige Festival l\u00e4dt uns ein, dar\u00fcber nachzudenken, wie Innovation und digitale Technologie unsere Beziehung zur Welt um uns herum, einschlie\u00dflich der menschlichen und emotionalen Beziehungen sowie unserer Beziehung zur Natur im Allgemeinen, entscheidend beeinflussen, indem sie uns helfen, ein gr\u00f6\u00dferes Bewusstsein f\u00fcr die Realit\u00e4t, in der wir leben, zu erlangen, und indem sie M\u00f6glichkeiten der Konditionierung oder Mystifizierung schaffen, mit denen wir lernen m\u00fcssen umzugehen. Kann es im Zeitalter der Infodemie noch eine objektive Wahrheit geben, nach der man streben muss, um sein Gl\u00fcck zu finden? Wir werden in dieser Ausgabe versuchen, dies zu verstehen.<\/p>\n<p>Von der Politik bis zur Information, von der Technologie bis zur Bildung, vom Recht bis zur Wirtschaft, von der Kunst bis zum Essen und sogar zum Sport: Jeder dieser Bereiche bleibt von den Ver\u00e4nderungen und dem Aufkommen der Postwahrheit nicht verschont. W\u00e4hrend des Smart Life Festivals wird die Ver\u00e4nderung unserer Beziehung zur Wahrheit im Mittelpunkt von Vortr\u00e4gen, Veranstaltungen und Performances stehen. Zahlreiche G\u00e4ste werden sich abwechseln, darunter der Journalist Gianni Riotta, Direktor des Forschungszentrums Luiss Data Lab, der das Festival am Donnerstag, den 26., mit einem Vortrag \u00fcber die neuen Grenzen der Information er\u00f6ffnen wird, zusammen mit seiner Kollegin Flavia Fratello (LA7), der KI-Expertin Rita Cucchiara und dem Dokumentarfilmer und Enth\u00fcllungsjournalisten Alberto Nerazzini.<\/p>\n<p>Auch in diesem Jahr ist das Programm wieder in Themenbereiche unterteilt, darunter Smart Tech, Smart Journalism, Smart School, Smart Politics, Smart Art, Smart Justice, Smart Food, Smart Design.<\/p>\n<p>Smart Life bekr\u00e4ftigt seine Berufung als \"breit angelegtes Festival\" auch durch die Entwicklung zahlreicher Initiativen in Zusammenarbeit mit den Gegebenheiten in der Region und dar\u00fcber hinaus. Neben den Veranstaltern beteiligen sich mehr als zwanzig Partner auf unterschiedliche Weise an der Gestaltung des Programms. Zu diesen geh\u00f6ren: After Festival, ER2Digit, Laboratorio Aperto Modena, Lepida, Fmav Fondazione Modena Arti Visive, Future Film Festival, il Mulino, Aess - Agency for Energy and Sustainable Development, ForumPa, PAsocial, Fondazione per l'Italia Digitale, Cna Modena, Confesercenti Modena, Fondazione Architetti Modena, Dialoghi (Think Tank), Innova (Think Tank).<\/p>\n<p>Zu den Kooperationen, die bei der neunten Ausgabe ins Leben gerufen wurden, geh\u00f6ren die Partnerschaften mit dem Dig Festival, einem internationalen Festival f\u00fcr investigativen Journalismus, und mit dem Ferrara Busker Festival, dem \u00e4ltesten europ\u00e4ischen und weltweit gr\u00f6\u00dften Stra\u00dfenmusikfestival, das im Rahmen von Smart Life ein originelles Klangprojekt an der Schnittstelle von Operngesang, Beatboxing und k\u00fcnstlicher Intelligenz vorschlagen wird, das gemeinsam mit H-Farm entwickelt wurde.<\/p>\n<p>Im Vorfeld der Festivaltage sind im September mehrere Vorabveranstaltungen in Modena und der Provinz geplant. Der vollst\u00e4ndige Veranstaltungskalender wird in K\u00fcrze auf der Website verf\u00fcgbar sein (<a href=\"https:\/\/www.smartlifefestival.it\/\">https:\/\/www.smartlifefestival.it\/<\/a>) und in den sozialen Medien.<\/p>\n<\/div>\n<\/div>\n<\/div>\n\n\n\n\n\t\t\t<\/div> \n\t\t<\/div>\n\t<\/div> \n<\/div><\/div>","protected":false},"excerpt":{"rendered":"Fake News, Ethik und k\u00fcnstliche Intelligenz, Phantasie und Realit\u00e4t im Mittelpunkt der neunten Ausgabe des Festivals der digitalen Kultur: in Modena vom 26. bis 29. September...","protected":false},"author":1,"featured_media":3808,"comment_status":"closed","ping_status":"closed","sticky":false,"template":"","format":"standard","meta":{"wpupg_custom_link":[],"wpupg_custom_link_behaviour":["default"],"wpupg_custom_link_nofollow":[],"wpupg_custom_image":[],"wpupg_custom_image_id":[],"footnotes":""},"categories":[475],"tags":[],"class_list":["post-3806","post","type-post","status-publish","format-standard","has-post-thumbnail","category-news"],"_links":{"self":[{"href":"https:\/\/modenafuturacreativa.it\/de\/wp-json\/wp\/v2\/posts\/3806","targetHints":{"allow":["GET"]}}],"collection":[{"href":"https:\/\/modenafuturacreativa.it\/de\/wp-json\/wp\/v2\/posts"}],"about":[{"href":"https:\/\/modenafuturacreativa.it\/de\/wp-json\/wp\/v2\/types\/post"}],"author":[{"embeddable":true,"href":"https:\/\/modenafuturacreativa.it\/de\/wp-json\/wp\/v2\/users\/1"}],"replies":[{"embeddable":true,"href":"https:\/\/modenafuturacreativa.it\/de\/wp-json\/wp\/v2\/comments?post=3806"}],"version-history":[{"count":1,"href":"https:\/\/modenafuturacreativa.it\/de\/wp-json\/wp\/v2\/posts\/3806\/revisions"}],"predecessor-version":[{"id":3810,"href":"https:\/\/modenafuturacreativa.it\/de\/wp-json\/wp\/v2\/posts\/3806\/revisions\/3810"}],"wp:featuredmedia":[{"embeddable":true,"href":"https:\/\/modenafuturacreativa.it\/de\/wp-json\/wp\/v2\/media\/3808"}],"wp:attachment":[{"href":"https:\/\/modenafuturacreativa.it\/de\/wp-json\/wp\/v2\/media?parent=3806"}],"wp:term":[{"taxonomy":"category","embeddable":true,"href":"https:\/\/modenafuturacreativa.it\/de\/wp-json\/wp\/v2\/categories?post=3806"},{"taxonomy":"post_tag","embeddable":true,"href":"https:\/\/modenafuturacreativa.it\/de\/wp-json\/wp\/v2\/tags?post=3806"}],"curies":[{"name":"wp","href":"https:\/\/api.w.org\/{rel}","templated":true}]}}