{"id":3699,"date":"2024-05-15T12:41:11","date_gmt":"2024-05-15T10:41:11","guid":{"rendered":"https:\/\/modenafuturacreativa.it\/?p=3699"},"modified":"2025-03-21T14:18:26","modified_gmt":"2025-03-21T13:18:26","slug":"al-centro-musica-linstallazione-di-media-art-drawdown","status":"publish","type":"post","link":"https:\/\/modenafuturacreativa.it\/de\/al-centro-musica-linstallazione-di-media-art-drawdown\/","title":{"rendered":"DIE MEDIENKUNSTINSTALLATION \"DRAWDOWN\" IM MUSIKZENTRUM"},"content":{"rendered":"<div id=\"fws_6a9b7692f2515\"  data-column-margin=\"60px\" data-midnight=\"dark\"  class=\"wpb_row vc_row-fluid vc_row\"  style=\"padding-top: 0px; padding-bottom: 0px; \"><div class=\"row-bg-wrap\" data-bg-animation=\"none\" data-bg-animation-delay=\"\" data-bg-overlay=\"false\"><div class=\"inner-wrap row-bg-layer\" ><div class=\"row-bg viewport-desktop\"  style=\"\"><\/div><\/div><\/div><div class=\"row_col_wrap_12 col span_12 dark left\">\n\t<div  class=\"vc_col-sm-12 wpb_column column_container vc_column_container col no-extra-padding inherit_tablet inherit_phone\"  data-padding-pos=\"all\" data-has-bg-color=\"false\" data-bg-color=\"\" data-bg-opacity=\"1\" data-animation=\"\" data-delay=\"0\" >\n\t\t<div class=\"vc_column-inner\" >\n\t\t\t<div class=\"wpb_wrapper\">\n\t\t\t\t\n\t<div class=\"wpb_gallery wpb_content_element clearfix\">\n\t\t<div class=\"wpb_wrapper\"><div class=\"wpb_gallery_slidesflickity_style\" data-onclick=\"link_image\" data-interval=\"5\"><div class=\"nectar-flickity not-initialized\" role=\"region\" aria-roledescription=\"carousel\" aria-label=\"Bildergalerie\"  data-touch-icon-color=\"default\" data-stagger=\"\" data-drag-scale=\"\" data-overflow=\"hidden\" data-wrap=\"wrap\" data-spacing=\"default\" data-shadow=\"large_depth\" data-autoplay=\"true\" data-autoplay-dur=\"\" data-free-scroll=\"\" data-controls=\"material_pagination\" data-desktop-columns=\"1\" data-small-desktop-columns=\"1\" data-tablet-columns=\"1\" data-phone-columns=\"1\"><div class=\"flickity-viewport\"> <div class=\"flickity-slider\"><div class=\"cell\" data-lazy=\"false\"><img decoding=\"async\" class=\"skip-lazy nectar-lazy\" src=\"https:\/\/modenafuturacreativa.it\/wp-content\/uploads\/2024\/05\/irrigation-circle-1-600x450.png\" width=\"600\" height=\"450\" alt=\"irrigation-circle 1\" title=\"Bew\u00e4sserung - Kreis 1\" loading=\"lazy\" \/><a class=\"entire-slide-link\" aria-label=\"Bew\u00e4sserung - Kreis 1\"  href=\"https:\/\/modenafuturacreativa.it\/wp-content\/uploads\/2024\/05\/irrigation-circle-1.png\"><\/a><\/div><div class=\"cell\" data-lazy=\"false\"><img decoding=\"async\" class=\"skip-lazy nectar-lazy\" src=\"https:\/\/modenafuturacreativa.it\/wp-content\/uploads\/2024\/05\/drawdown-4-600x450.jpg\" width=\"600\" height=\"450\" alt=\"drawdown-4\" title=\"Absenkung-4\" loading=\"lazy\" \/><a class=\"entire-slide-link\" aria-label=\"Absenkung-4\"  href=\"https:\/\/modenafuturacreativa.it\/wp-content\/uploads\/2024\/05\/drawdown-4.jpg\"><\/a><\/div><div class=\"cell\" data-lazy=\"false\"><img decoding=\"async\" class=\"skip-lazy nectar-lazy\" src=\"https:\/\/modenafuturacreativa.it\/wp-content\/uploads\/2024\/05\/irrigation-circle-3-600x450.png\" width=\"600\" height=\"450\" alt=\"irrigation-circle 3\" title=\"Bew\u00e4sserung - Kreis 3\" loading=\"lazy\" \/><a class=\"entire-slide-link\" aria-label=\"Bew\u00e4sserung - Kreis 3\"  href=\"https:\/\/modenafuturacreativa.it\/wp-content\/uploads\/2024\/05\/irrigation-circle-3.png\"><\/a><\/div><\/div><\/div><\/div><\/div>\n\t\t<\/div> \n\t<\/div> \n<div class=\"wpb_text_column wpb_content_element\" >\n\t<p><strong>Samstag, 11. Mai, anl\u00e4sslich des Geburtstags des Zentrums, Enth\u00fcllung des Werks, das der Komponist Riccardo La Foresta und die texanische Medienk\u00fcnstlerin Lisa B Woods im Rahmen des Projekts \"City to City\" geschaffen haben<\/strong><\/p>\n<p>Sie tr\u00e4gt den Titel \"Drawdown\", die umweltbezogene Medienkunstinstallation des Modeneser Komponisten Riccardo La Foresta und der texanischen Medienk\u00fcnstlerin Lisa B Woods, die am Samstag, den 11. Mai, anl\u00e4sslich der 30-Jahr-Feier des Musikzentrums Modena am Sitz des Zentrums in der Via Morandi 71 zum ersten Mal der \u00d6ffentlichkeit vorgestellt wird.<\/p>\n<p>Das Werk, das im Rahmen des vom Netzwerk der Unesco Creative Cities for Media Arts, dem Modena angeh\u00f6rt, gef\u00f6rderten Projekts \"City to City\" realisiert wurde, kombiniert die Vision des K\u00fcnstlers aus Austin von \"Kornkreisen\" mit den Musikkompositionen von Riccardo La Foresta. \"Drawdown\" verst\u00e4rkt die geheimnisvolle Sch\u00f6nheit kreisf\u00f6rmiger Erntemuster, die die meisten Menschen nur kurz aus dem Flugzeugfenster sehen, indem es Satellitenbilder von kreisf\u00f6rmigen Feldern verwendet, um die Aufmerksamkeit auf die Art und Weise zu lenken, wie zentrale Bew\u00e4sserungssysteme die fossilen Wasserreserven auf der ganzen Welt ersch\u00f6pfen. Die begleitende Komposition von Riccardo La Foresta ist filmisch und dramatisch und zeichnet sich durch Echos aus, die im Bewusstsein des Zuh\u00f6rers nachklingen. Sie ist d\u00fcster und beschw\u00f6rend und verleiht \"Drawdown\" ein Gef\u00fchl von Schwere und Dringlichkeit. In diesem klanglichen Kontext verwandelt sich eine gew\u00f6hnliche landwirtschaftliche Technik in eine unheilvolle Realit\u00e4t, die \u00fcppig bew\u00e4sserten Felder in einen Schandfleck in der Landschaft. Die Absicht der beiden K\u00fcnstler ist es, den Betrachter durch eine Schleifenform, die den Anfang und das Ende des Kunstwerks verdeckt, emotional in eine konstante und obsessive Entwicklung zu verwickeln, eine Spirale, die ihn dazu anregt, sich der anhaltenden Wasserkrise bewusst zu werden.<\/p>\n<p>Nach dem Samstag werden die Werke w\u00e4hrend des Musikfestivals im Juni und dann wieder im September ausgestellt.<\/p>\n<p>Das Projekt \"City to City\" wurde ins Leben gerufen, um den kulturellen Austausch und die Zusammenarbeit zwischen den kreativen Unesco-St\u00e4dten auf der ganzen Welt zu f\u00f6rdern, die Teil des Medienkunst-Clusters sind, und gleichzeitig den Kreativsektor im Einklang mit der UN-Agenda 2030 zu unterst\u00fctzen. F\u00fcr die Ausgabe 2023 des Projekts zum Thema \"Mehr Menschlichkeit\" wurde die Zusammenarbeit von zwei K\u00fcnstlern aus verschiedenen St\u00e4dten und m\u00f6glicherweise verschiedenen Kontinenten ausgew\u00e4hlt. In diesem Zusammenhang wurde Modena mit der Stadt Austin in Texas zusammengebracht. Die Stadtverwaltung hat daher eine Aufforderung zur Einreichung von Vorschl\u00e4gen ver\u00f6ffentlicht, um einen im Bereich Sounddesign und elektronische Musik t\u00e4tigen K\u00fcnstler auszuw\u00e4hlen, der daran interessiert ist, ein Projekt in Zusammenarbeit mit einem bildenden K\u00fcnstler aus Austin zu entwickeln. Im Rahmen der Ausschreibung wurde Riccardo La Foresta ausgew\u00e4hlt, ein Perkussionist und Klangk\u00fcnstler, der sich in seiner Forschung auf die Entwicklung eines Systems namens Drummophone konzentriert hat, das es ihm erm\u00f6glicht, die Trommel wie ein Luftinstrument zu behandeln. An der Grenze zwischen Perkussionsmusik, Klangkunst, Improvisation und Drohnenmusik legt La Forestas Ansatz unsichtbare Architekturen durch Klang offen.<\/p>\n<\/div>\n\n\n\n\n\t\t\t<\/div> \n\t\t<\/div>\n\t<\/div> \n<\/div><\/div>","protected":false},"excerpt":{"rendered":"Am Samstag, dem 11. Mai, wird anl\u00e4sslich des Geburtstags des Zentrums das vom Komponisten Riccardo La Foresta und der texanischen Medienk\u00fcnstlerin Lisa B Woods im Rahmen des Projekts \"City to City\" geschaffene Werk enth\u00fcllt Ja...","protected":false},"author":1,"featured_media":3703,"comment_status":"closed","ping_status":"closed","sticky":false,"template":"","format":"standard","meta":{"wpupg_custom_link":[],"wpupg_custom_link_behaviour":["default"],"wpupg_custom_link_nofollow":[],"wpupg_custom_image":[],"wpupg_custom_image_id":[],"footnotes":""},"categories":[475],"tags":[],"class_list":["post-3699","post","type-post","status-publish","format-standard","has-post-thumbnail","category-news"],"_links":{"self":[{"href":"https:\/\/modenafuturacreativa.it\/de\/wp-json\/wp\/v2\/posts\/3699","targetHints":{"allow":["GET"]}}],"collection":[{"href":"https:\/\/modenafuturacreativa.it\/de\/wp-json\/wp\/v2\/posts"}],"about":[{"href":"https:\/\/modenafuturacreativa.it\/de\/wp-json\/wp\/v2\/types\/post"}],"author":[{"embeddable":true,"href":"https:\/\/modenafuturacreativa.it\/de\/wp-json\/wp\/v2\/users\/1"}],"replies":[{"embeddable":true,"href":"https:\/\/modenafuturacreativa.it\/de\/wp-json\/wp\/v2\/comments?post=3699"}],"version-history":[{"count":1,"href":"https:\/\/modenafuturacreativa.it\/de\/wp-json\/wp\/v2\/posts\/3699\/revisions"}],"predecessor-version":[{"id":3704,"href":"https:\/\/modenafuturacreativa.it\/de\/wp-json\/wp\/v2\/posts\/3699\/revisions\/3704"}],"wp:featuredmedia":[{"embeddable":true,"href":"https:\/\/modenafuturacreativa.it\/de\/wp-json\/wp\/v2\/media\/3703"}],"wp:attachment":[{"href":"https:\/\/modenafuturacreativa.it\/de\/wp-json\/wp\/v2\/media?parent=3699"}],"wp:term":[{"taxonomy":"category","embeddable":true,"href":"https:\/\/modenafuturacreativa.it\/de\/wp-json\/wp\/v2\/categories?post=3699"},{"taxonomy":"post_tag","embeddable":true,"href":"https:\/\/modenafuturacreativa.it\/de\/wp-json\/wp\/v2\/tags?post=3699"}],"curies":[{"name":"wp","href":"https:\/\/api.w.org\/{rel}","templated":true}]}}