{"id":3489,"date":"2024-02-21T11:16:13","date_gmt":"2024-02-21T10:16:13","guid":{"rendered":"https:\/\/modenafuturacreativa.it\/?p=3489"},"modified":"2025-03-21T14:18:26","modified_gmt":"2025-03-21T13:18:26","slug":"modena-unesco-nuova-campagna-di-promozione-della-citta","status":"publish","type":"post","link":"https:\/\/modenafuturacreativa.it\/de\/modena-unesco-nuova-campagna-di-promozione-della-citta\/","title":{"rendered":"\"MODENA UNESCO\", EINE NEUE KAMPAGNE ZUR F\u00d6RDERUNG DER STADT"},"content":{"rendered":"<div id=\"fws_6a9b770031034\"  data-column-margin=\"60px\" data-midnight=\"dark\"  class=\"wpb_row vc_row-fluid vc_row\"  style=\"padding-top: 0px; padding-bottom: 0px; \"><div class=\"row-bg-wrap\" data-bg-animation=\"none\" data-bg-animation-delay=\"\" data-bg-overlay=\"false\"><div class=\"inner-wrap row-bg-layer\" ><div class=\"row-bg viewport-desktop\"  style=\"\"><\/div><\/div><\/div><div class=\"row_col_wrap_12 col span_12 dark left\">\n\t<div  class=\"vc_col-sm-12 wpb_column column_container vc_column_container col no-extra-padding inherit_tablet inherit_phone\"  data-padding-pos=\"all\" data-has-bg-color=\"false\" data-bg-color=\"\" data-bg-opacity=\"1\" data-animation=\"\" data-delay=\"0\" >\n\t\t<div class=\"vc_column-inner\" >\n\t\t\t<div class=\"wpb_wrapper\">\n\t\t\t\t\n\t<div class=\"wpb_gallery wpb_content_element clearfix\">\n\t\t<div class=\"wpb_wrapper\"><div class=\"wpb_gallery_slidesflickity_style\" data-onclick=\"link_image\" data-interval=\"5\"><div class=\"nectar-flickity not-initialized\" role=\"region\" aria-roledescription=\"carousel\" aria-label=\"Bildergalerie\"  data-touch-icon-color=\"default\" data-stagger=\"\" data-drag-scale=\"\" data-overflow=\"hidden\" data-wrap=\"wrap\" data-spacing=\"default\" data-shadow=\"large_depth\" data-autoplay=\"true\" data-autoplay-dur=\"\" data-free-scroll=\"\" data-controls=\"material_pagination\" data-desktop-columns=\"1\" data-small-desktop-columns=\"1\" data-tablet-columns=\"1\" data-phone-columns=\"1\"><div class=\"flickity-viewport\"> <div class=\"flickity-slider\"><div class=\"cell\" data-lazy=\"false\"><img decoding=\"async\" class=\"skip-lazy nectar-lazy\" src=\"https:\/\/modenafuturacreativa.it\/wp-content\/uploads\/2024\/02\/Modena-Unesco-3-600x450.jpg\" width=\"600\" height=\"450\" alt=\"Modena Unesco 3\" title=\"Modena Unesco 3\" loading=\"lazy\" \/><a class=\"entire-slide-link\" aria-label=\"Modena Unesco 3\"  href=\"https:\/\/modenafuturacreativa.it\/wp-content\/uploads\/2024\/02\/Modena-Unesco-3.jpg\"><\/a><\/div><div class=\"cell\" data-lazy=\"false\"><img decoding=\"async\" class=\"skip-lazy nectar-lazy\" src=\"https:\/\/modenafuturacreativa.it\/wp-content\/uploads\/2024\/02\/Modena-Unesco_Logo-600x450.jpg\" width=\"600\" height=\"450\" alt=\"Modena-Unesco_Logo\" title=\"Modena-Unesco_Logo\" loading=\"lazy\" \/><a class=\"entire-slide-link\" aria-label=\"Modena-Unesco_Logo\"  href=\"https:\/\/modenafuturacreativa.it\/wp-content\/uploads\/2024\/02\/Modena-Unesco_Logo.jpg\"><\/a><\/div><\/div><\/div><\/div><\/div>\n\t\t<\/div> \n\t<\/div> \n<div class=\"wpb_text_column wpb_content_element\" >\n\t<p><strong>Kathedrale, Ghirlandina und Piazza Grande in der neuen Tourismusmarke in Zusammenarbeit mit Creative City for Media Arts. St\u00e4rkung der Identit\u00e4t des Reiseziels<br \/>\n<\/strong><\/p>\n<p>Modena Unesco\" ist die neue Tourismusmarke der Stadt, die sich auf die Unesco-St\u00e4tte mit der Kathedrale, der Ghirlandina und der Piazza Grande konzentriert, die seit 1997 zum Weltkulturerbe geh\u00f6rt, sowie auf die Anerkennung als Unesco Creative City for Media Arts im Jahr 2021, die unter den italienischen St\u00e4dten einzigartig ist.<\/p>\n<p>Die Auszeichnung als Unesco-Kulturerbe ist ein starkes Identit\u00e4tselement f\u00fcr Modena als Reiseziel und steht im Mittelpunkt der neuen Kommunikationskampagne, die in den n\u00e4chsten Tagen anl\u00e4uft und darauf abzielt, die beiden Anerkennungen aufzuwerten und die Positionierung der Stadt als Ziel f\u00fcr Kunst-, Kultur- und St\u00e4dtetourismus zu st\u00e4rken, um die Ank\u00fcnfte und die Pr\u00e4senz zu erh\u00f6hen. Das Unesco-Kulturerbe erg\u00e4nzt und bereichert die bereits bestehenden Angebote in den Bereichen \"Kunst und Kultur\", \"Gastronomie und Wein\", \"Motoren\" und \"Apennin\" und st\u00e4rkt die Qualit\u00e4t und das abwechslungsreiche Angebot der Region.<\/p>\n<p>Das Projekt \"Modena Unesco\" wurde heute Morgen, Dienstag, 20. Februar, im Rathaus im Rahmen einer Pressekonferenz vorgestellt, an der die Stadtr\u00e4tin f\u00fcr Tourismus und Stadtf\u00f6rderung, Ludovica Carla Ferrari, der Stadtrat f\u00fcr Kultur, Andrea Bortolamasi, Francesca Piccinini, Leiterin der Unesco-Koordination, Giovanni Bertugli, Leiter des Tourismusdienstes der Stadt Modena, Federico Alberto, Kreativdirektor von Studiowiki, und Francesco Ferro, Gesch\u00e4ftsf\u00fchrer von Integra Solutions, teilnahmen.<\/p>\n<p>Das Projekt zur F\u00f6rderung des Unesco-Erbes und der Medienkunst gliedert sich in zwei Aktionslinien: die Konzeption und Umsetzung einer integrierten digitalen Kommunikationskampagne f\u00fcr die neue Markenidentit\u00e4t \"Modena Unesco\" als unverwechselbares Zeichen, das auf Dauer Bestand hat und die beiden Zertifizierungen, das Weltkulturerbe und die kreative Stadt, eindeutig identifiziert; die Konzeption und Umsetzung der Veranstaltungen zum Weltkulturerbe Modena 2024 und 2025, die im Oktober stattfinden und den Dialog mit der Medienkunst hervorheben werden. Die Kampagne bezieht auch die Dommuseen mit ein, die sich im Gebiet des UNESCO-Welterbes befinden und im vergangenen Fr\u00fchjahr nach einer Renovierung und Erweiterung mit einer neuen Gestaltung, die durch multimediale und interaktive Installationen bereichert wurde, f\u00fcr die \u00d6ffentlichkeit wiederer\u00f6ffnet wurden.<\/p>\n<p>Die kreative Kampagne, die \u00fcber eine Vielzahl von digitalen Plattformen und Kan\u00e4len umgesetzt wird, zielt darauf ab, den italienischen Markt zu erreichen, wobei der Schwerpunkt auf den angrenzenden Regionen liegt, sowie den ausl\u00e4ndischen Markt, insbesondere die deutsch- und englischsprachigen L\u00e4nder, denen gezielte touristische Angebote mit unterschiedlichen Aufenthaltsdauern gewidmet werden.<\/p>\n<p>Das Portal visitmodena.it wird den Kalender der Veranstaltungen und Erlebnisse im Zusammenhang mit den touristischen St\u00e4tten des Unesco-Kulturerbes vorschlagen, die, wie bereits bei den Vorschl\u00e4gen in den anderen Bereichen, alle online buchbar sein werden: Die Website wird \u00fcber einen Bereich verf\u00fcgen, der der F\u00f6rderung und Vermarktung des touristischen Produkts \"Modena Unesco\" gewidmet ist und mit dem nationalen Portal italia.it verkn\u00fcpft ist, wo auch die Videoerlebnisse und Reiserouten der Testimonials und Influencer, die nach und nach in das Projekt eingebunden werden, ver\u00f6ffentlicht werden. Besonderes Augenmerk wird auf das junge Zielpublikum gelegt, dank des Einsatzes innovativer Werkzeuge, die die Technologie zur Integration der kulturellen Komponenten bietet.<\/p>\n<p>Das Branding- und Kommunikationsprojekt \"Modena Unesco\" wird von der Stadtverwaltung Modena - Dienststelle f\u00fcr Werbung und Tourismus - gef\u00f6rdert und vollst\u00e4ndig vom Ministerium f\u00fcr Tourismus (\u00fcber den \"Fonds zugunsten von Gemeinden mit kultureller, historischer, k\u00fcnstlerischer und landschaftlicher Ausrichtung, in deren Gebiet sich von der Unesco als Welterbe anerkannte St\u00e4tten befinden\") mit einem Beitrag von 664.499 Euro finanziert. Die Kampagne, die zwei Jahre dauern und 2025 enden wird, wird von Studiowiki und Integra Solutions, vereint in Ati, durchgef\u00fchrt, die die Ausschreibung der Gemeinde gewonnen haben. Beide Kommunikationsagenturen haben bereits Werbekampagnen f\u00fcr die Stadt Modena mit ihren jeweiligen Projekten \"The Sound of Modena\" und \"Lost in Modena\" entwickelt. Die neue Kampagne \"Modena Unesco\" ist ein zus\u00e4tzlicher und synergetischer Teil der mehrj\u00e4hrigen Strategie der Stadt zur F\u00f6rderung und Aufwertung des Tourismus und der Kultur, wobei die M\u00f6glichkeiten, die die ministerielle Ausschreibung bietet, genutzt werden, um das Bestehende zu st\u00e4rken.<\/p>\n<\/div>\n\n\n\n\n\t\t\t<\/div> \n\t\t<\/div>\n\t<\/div> \n<\/div><\/div>","protected":false},"excerpt":{"rendered":"Kathedrale, Ghirlandina und Piazza Grande in der neuen touristischen Marke in Zusammenarbeit mit der Creative City for Media Arts. Zur St\u00e4rkung der Identit\u00e4t des Reiseziels ist \"Modena Unesco\" die neue Marke...","protected":false},"author":1,"featured_media":3485,"comment_status":"closed","ping_status":"closed","sticky":false,"template":"","format":"standard","meta":{"wpupg_custom_link":[],"wpupg_custom_link_behaviour":["default"],"wpupg_custom_link_nofollow":[],"wpupg_custom_image":[],"wpupg_custom_image_id":[],"footnotes":""},"categories":[475],"tags":[],"class_list":["post-3489","post","type-post","status-publish","format-standard","has-post-thumbnail","category-news"],"_links":{"self":[{"href":"https:\/\/modenafuturacreativa.it\/de\/wp-json\/wp\/v2\/posts\/3489","targetHints":{"allow":["GET"]}}],"collection":[{"href":"https:\/\/modenafuturacreativa.it\/de\/wp-json\/wp\/v2\/posts"}],"about":[{"href":"https:\/\/modenafuturacreativa.it\/de\/wp-json\/wp\/v2\/types\/post"}],"author":[{"embeddable":true,"href":"https:\/\/modenafuturacreativa.it\/de\/wp-json\/wp\/v2\/users\/1"}],"replies":[{"embeddable":true,"href":"https:\/\/modenafuturacreativa.it\/de\/wp-json\/wp\/v2\/comments?post=3489"}],"version-history":[{"count":4,"href":"https:\/\/modenafuturacreativa.it\/de\/wp-json\/wp\/v2\/posts\/3489\/revisions"}],"predecessor-version":[{"id":3493,"href":"https:\/\/modenafuturacreativa.it\/de\/wp-json\/wp\/v2\/posts\/3489\/revisions\/3493"}],"wp:featuredmedia":[{"embeddable":true,"href":"https:\/\/modenafuturacreativa.it\/de\/wp-json\/wp\/v2\/media\/3485"}],"wp:attachment":[{"href":"https:\/\/modenafuturacreativa.it\/de\/wp-json\/wp\/v2\/media?parent=3489"}],"wp:term":[{"taxonomy":"category","embeddable":true,"href":"https:\/\/modenafuturacreativa.it\/de\/wp-json\/wp\/v2\/categories?post=3489"},{"taxonomy":"post_tag","embeddable":true,"href":"https:\/\/modenafuturacreativa.it\/de\/wp-json\/wp\/v2\/tags?post=3489"}],"curies":[{"name":"wp","href":"https:\/\/api.w.org\/{rel}","templated":true}]}}