{"id":3419,"date":"2023-12-29T17:39:24","date_gmt":"2023-12-29T16:39:24","guid":{"rendered":"https:\/\/modenafuturacreativa.it\/?p=3419"},"modified":"2023-12-29T17:40:40","modified_gmt":"2023-12-29T16:40:40","slug":"modena-citta-dellanno-per-artribune","status":"publish","type":"post","link":"https:\/\/modenafuturacreativa.it\/de\/modena-citta-dellanno-per-artribune\/","title":{"rendered":"Die Stadt Modena ist ARTRIBUNE Stadt des Jahres"},"content":{"rendered":"<div id=\"fws_6a9b7695906ef\"  data-column-margin=\"default\" data-midnight=\"dark\"  class=\"wpb_row vc_row-fluid vc_row\"  style=\"padding-top: 0px; padding-bottom: 0px; \"><div class=\"row-bg-wrap\" data-bg-animation=\"none\" data-bg-animation-delay=\"\" data-bg-overlay=\"false\"><div class=\"inner-wrap row-bg-layer\" ><div class=\"row-bg viewport-desktop\"  style=\"\"><\/div><\/div><\/div><div class=\"row_col_wrap_12 col span_12 dark left\">\n\t<div  class=\"vc_col-sm-12 wpb_column column_container vc_column_container col no-extra-padding inherit_tablet inherit_phone\"  data-padding-pos=\"all\" data-has-bg-color=\"false\" data-bg-color=\"\" data-bg-opacity=\"1\" data-animation=\"\" data-delay=\"0\" >\n\t\t<div class=\"vc_column-inner\" >\n\t\t\t<div class=\"wpb_wrapper\">\n\t\t\t\t<div class=\"img-with-aniamtion-wrap center\" data-max-width=\"100%\" data-max-width-mobile=\"default\" data-shadow=\"none\" data-animation=\"none\" >\n      <div class=\"inner\">\n        <div class=\"hover-wrap\"> \n          <div class=\"hover-wrap-inner\">\n            <a href=\"https:\/\/modenafuturacreativa.it\/wp-content\/uploads\/2023\/12\/Scuola-di-alta-formazione-Fondazione-Modena-Arti-Visive.jpg\" class=\"pp center\">\n              <img loading=\"lazy\" decoding=\"async\" class=\"img-with-animation skip-lazy\" data-delay=\"0\" height=\"630\" width=\"945\" data-animation=\"none\" src=\"https:\/\/modenafuturacreativa.it\/wp-content\/uploads\/2023\/12\/Scuola-di-alta-formazione-Fondazione-Modena-Arti-Visive.jpg\" alt=\"\" srcset=\"https:\/\/modenafuturacreativa.it\/wp-content\/uploads\/2023\/12\/Scuola-di-alta-formazione-Fondazione-Modena-Arti-Visive.jpg 945w, https:\/\/modenafuturacreativa.it\/wp-content\/uploads\/2023\/12\/Scuola-di-alta-formazione-Fondazione-Modena-Arti-Visive-300x200.jpg 300w, https:\/\/modenafuturacreativa.it\/wp-content\/uploads\/2023\/12\/Scuola-di-alta-formazione-Fondazione-Modena-Arti-Visive-768x512.jpg 768w, https:\/\/modenafuturacreativa.it\/wp-content\/uploads\/2023\/12\/Scuola-di-alta-formazione-Fondazione-Modena-Arti-Visive-900x600.jpg 900w\" sizes=\"auto, (max-width: 945px) 100vw, 945px\" \/>\n            <\/a>\n          <\/div>\n        <\/div>\n         \n      <\/div>\n      <\/div>\n<div class=\"wpb_text_column wpb_content_element\" >\n\t<h3>Das Wachstum der Stadt, ihre nationale und internationale Dimension h\u00e4ngt auch von ihrer F\u00e4higkeit ab, eine breite kulturelle Bildung, Produktion und Beteiligung zu gew\u00e4hrleisten: eine materielle und immaterielle Infrastruktur, die unsere Stadtgemeinschaft st\u00e4rkt.<\/h3>\n<p>Modena, das als einzige italienische Stadt den Titel \"UNESCO Creative City for Media Arts\" erhalten hat, verf\u00fcgt \u00fcber ein reichhaltiges Kulturprogramm mit Festivals und Ausstellungen, die von der FMAV - Fondazione Modena Arti Visive (mit K\u00fcnstlern wie Candice Breitz, Carsten Nicolai, Jordi Colomer u.a.) und den Aktivit\u00e4ten der Hochschule organisiert werden, die Pr\u00e4senz von Galerien wie METRONOM und der historischen Galleria D'arte Mazzoli, das Aufbl\u00fchen unabh\u00e4ngiger R\u00e4ume wie Gate 26A, ein Veranstaltungskalender f\u00fcr 2024, der dem Fotografen Franco Fontana gewidmet ist, das Projekt \"freie W\u00e4nde\", das Schriftstellern und K\u00fcnstlern der Stadt wie Andrea Chiesi angeboten wird.<\/p>\n<\/div>\n\n\n\n<div class=\"divider-wrap\" data-alignment=\"default\"><div style=\"height: 3vh;\" class=\"divider\"><\/div><\/div><div class=\"nectar-cta freccia alignment_tablet_default alignment_phone_default display_tablet_inherit display_phone_inherit\" data-color=\"default\" data-using-bg=\"false\" data-display=\"block\" data-style=\"underline\" data-alignment=\"left\" data-text-color=\"custom\" style=\"--nectar-text-color: #000000; --nectar-button-color: var(--nectar-default); --nectar-icon-gap: 10px; \"><h6 style=\"color: #000000;\"> <span class=\"link_wrap\" ><a target=\"_blank\" class=\"link_text\" style=\"border-color: #000000;\" role=\"button\" href=\"https:\/\/www.artribune.com\/arti-visive\/2023\/12\/best-of-2023-artribune\/\">LESEN SIE DEN VOLLST\u00c4NDIGEN ARTIKEL AUF ARTRIBUNE<\/a><\/span><\/h6><\/div>\n\t\t\t<\/div> \n\t\t<\/div>\n\t<\/div> \n<\/div><\/div>","protected":false},"excerpt":{"rendered":"Das Wachstum der Stadt, ihre nationale und internationale Dimension h\u00e4ngt auch von der F\u00e4higkeit ab, eine breite kulturelle Bildung, Produktion und Teilhabe zu gew\u00e4hrleisten: eine materielle und immaterielle Infrastruktur, die unsere...","protected":false},"author":1,"featured_media":3420,"comment_status":"closed","ping_status":"closed","sticky":false,"template":"","format":"standard","meta":{"wpupg_custom_link":[],"wpupg_custom_link_behaviour":["default"],"wpupg_custom_link_nofollow":[],"wpupg_custom_image":[],"wpupg_custom_image_id":[],"footnotes":""},"categories":[135],"tags":[],"class_list":["post-3419","post","type-post","status-publish","format-standard","has-post-thumbnail","category-dicono-di-noi"],"_links":{"self":[{"href":"https:\/\/modenafuturacreativa.it\/de\/wp-json\/wp\/v2\/posts\/3419","targetHints":{"allow":["GET"]}}],"collection":[{"href":"https:\/\/modenafuturacreativa.it\/de\/wp-json\/wp\/v2\/posts"}],"about":[{"href":"https:\/\/modenafuturacreativa.it\/de\/wp-json\/wp\/v2\/types\/post"}],"author":[{"embeddable":true,"href":"https:\/\/modenafuturacreativa.it\/de\/wp-json\/wp\/v2\/users\/1"}],"replies":[{"embeddable":true,"href":"https:\/\/modenafuturacreativa.it\/de\/wp-json\/wp\/v2\/comments?post=3419"}],"version-history":[{"count":2,"href":"https:\/\/modenafuturacreativa.it\/de\/wp-json\/wp\/v2\/posts\/3419\/revisions"}],"predecessor-version":[{"id":3422,"href":"https:\/\/modenafuturacreativa.it\/de\/wp-json\/wp\/v2\/posts\/3419\/revisions\/3422"}],"wp:featuredmedia":[{"embeddable":true,"href":"https:\/\/modenafuturacreativa.it\/de\/wp-json\/wp\/v2\/media\/3420"}],"wp:attachment":[{"href":"https:\/\/modenafuturacreativa.it\/de\/wp-json\/wp\/v2\/media?parent=3419"}],"wp:term":[{"taxonomy":"category","embeddable":true,"href":"https:\/\/modenafuturacreativa.it\/de\/wp-json\/wp\/v2\/categories?post=3419"},{"taxonomy":"post_tag","embeddable":true,"href":"https:\/\/modenafuturacreativa.it\/de\/wp-json\/wp\/v2\/tags?post=3419"}],"curies":[{"name":"wp","href":"https:\/\/api.w.org\/{rel}","templated":true}]}}