{"id":3334,"date":"2023-11-30T11:04:30","date_gmt":"2023-11-30T10:04:30","guid":{"rendered":"https:\/\/modenafuturacreativa.it\/?p=3334"},"modified":"2025-03-21T14:18:26","modified_gmt":"2025-03-21T13:18:26","slug":"capodanno2024-modena","status":"publish","type":"post","link":"https:\/\/modenafuturacreativa.it\/de\/capodanno2024-modena\/","title":{"rendered":"LASER UND NOTEN BEI DER SILVESTERPARTY IM STADTZENTRUM"},"content":{"rendered":"<div id=\"fws_6a9b7692b878e\"  data-column-margin=\"60px\" data-midnight=\"dark\"  class=\"wpb_row vc_row-fluid vc_row\"  style=\"padding-top: 0px; padding-bottom: 0px; \"><div class=\"row-bg-wrap\" data-bg-animation=\"none\" data-bg-animation-delay=\"\" data-bg-overlay=\"false\"><div class=\"inner-wrap row-bg-layer\" ><div class=\"row-bg viewport-desktop\"  style=\"\"><\/div><\/div><\/div><div class=\"row_col_wrap_12 col span_12 dark left\">\n\t<div  class=\"vc_col-sm-12 wpb_column column_container vc_column_container col no-extra-padding inherit_tablet inherit_phone\"  data-padding-pos=\"all\" data-has-bg-color=\"false\" data-bg-color=\"\" data-bg-opacity=\"1\" data-animation=\"\" data-delay=\"0\" >\n\t\t<div class=\"vc_column-inner\" >\n\t\t\t<div class=\"wpb_wrapper\">\n\t\t\t\t<div class=\"img-with-aniamtion-wrap\" data-max-width=\"100%\" data-max-width-mobile=\"default\" data-shadow=\"none\" data-animation=\"fade-in\" >\n      <div class=\"inner\">\n        <div class=\"hover-wrap\"> \n          <div class=\"hover-wrap-inner\">\n            <img loading=\"lazy\" decoding=\"async\" class=\"img-with-animation skip-lazy\" data-delay=\"0\" height=\"560\" width=\"1680\" data-animation=\"fade-in\" src=\"https:\/\/modenafuturacreativa.it\/wp-content\/uploads\/2023\/10\/ago-modena-progetto.jpg\" alt=\"\" srcset=\"https:\/\/modenafuturacreativa.it\/wp-content\/uploads\/2023\/10\/ago-modena-progetto.jpg 1680w, https:\/\/modenafuturacreativa.it\/wp-content\/uploads\/2023\/10\/ago-modena-progetto-300x100.jpg 300w, https:\/\/modenafuturacreativa.it\/wp-content\/uploads\/2023\/10\/ago-modena-progetto-1024x341.jpg 1024w, https:\/\/modenafuturacreativa.it\/wp-content\/uploads\/2023\/10\/ago-modena-progetto-768x256.jpg 768w, https:\/\/modenafuturacreativa.it\/wp-content\/uploads\/2023\/10\/ago-modena-progetto-1536x512.jpg 1536w\" sizes=\"auto, (max-width: 1680px) 100vw, 1680px\" \/>\n          <\/div>\n        <\/div>\n        \n      <\/div>\n    <\/div>\n<div class=\"wpb_text_column wpb_content_element\" >\n\t<p><strong>In der immersiven Multimediashow des K\u00fcnstlers Robert Henke wird Musik auf die Fassade des ehemaligen Sant'Agostino \"projiziert\" und verbindet sie mit dem Palazzo dei Musei.<\/strong><\/p>\n<p>Modena feiert den Beginn des Jahres 2024, indem der Piazzale Sant'Agostino mit der Musik und den Lasern der audiovisuellen Show \"20232024\" des deutschen K\u00fcnstlers Robert Henke beleuchtet wird. Eine noch nie dagewesene Multimedia-Performance, die vom Node Festival in Auftrag gegeben wurde, bei der jede Note gleichzeitig Licht und Klang ist und eine Weltpremiere darstellt, elegant und raffiniert, eindringlich und aufregend, im Dialog mit dem Ort, an dem sie stattfindet, und aus diesem Grund einzigartig.<\/p>\n<p>Henke, der auch unter dem Namen Monolake bekannt ist und als einer der gr\u00f6\u00dften Innovatoren im Bereich der zeitgen\u00f6ssischen Musikproduktion gilt, hat seit Beginn seiner Karriere Klangexperimente und Computerprogrammierung, seine Arbeit als K\u00fcnstler und die eines Toningenieurs, der seine eigenen \"Instrumente\" baut, miteinander verkn\u00fcpft. Das neue Werk, das er am Sonntagabend, den 31. Dezember, in Modena vorstellen wird, tr\u00e4gt den Titel \"20232024\" und ist die ideale Fortsetzung einer seiner popul\u00e4rsten Shows, \"Lumiere\", die 2015 im Pariser Centre Pompidou uraufgef\u00fchrt wurde und die er 2016 als Gast von Node auch nach Modena brachte.<\/p>\n<p>F\u00fcr den Stadtrat f\u00fcr Kultur- und Jugendpolitik Andrea Bortolamasi werden \"Musik und elektronische Kunst zusammen eine einzigartige Show zum Leben erwecken, die nach Modena kommt\", sagt er, \"mit dem Ziel, die Stadt ins neue Jahr zu begleiten. Es ist wirklich ein wertvoller Termin, der das Jahr 2023 abschlie\u00dft: dank Node, das sich als einer der innovativsten Akteure der italienischen Kulturszene best\u00e4tigt: neue Kl\u00e4nge und neue Bilder f\u00fcr eine Show, die in der Tat innovativ ist\". Der Stadtrat erinnert auch daran, dass das Stadttheater Pavarotti-Freni am ersten Tag des Jahres 2024, wie schon in diesem Jahr, \"ein wichtiges musikalisches Ereignis\" wie das \"Silvesterkonzert\" der Filarmonica del Comunale anbieten wird, und dass das Theater Storchi am Abend des 31. ein \"relevantes St\u00fcck zum Thema Lachen\" wie \"La macchina comica\" anbieten wird; W\u00e4hrend andere Bereiche ihre eigenen kulturellen und k\u00fcnstlerischen Vorschl\u00e4ge vervollst\u00e4ndigen, \"f\u00fcr ein Programm\", so Bortolamasi, \"das zwischen dem 31. Dezember und dem 1. Januar so reich an Initiativen in der Stadt sein wird wie immer.<\/p>\n<p>Der Pr\u00e4sident der Fondazione di Modena, Matteo Tiezzi, f\u00fcgt hinzu, dass \"die performative Sph\u00e4re, die Kreativit\u00e4t, Klang und Medienkunst verbindet, das stilistische Merkmal dieses h\u00f6chst innovativen Vorschlags darstellt. Der Erfolg - so Tiezzi - liegt in der Faszination und Relevanz der k\u00fcnstlerischen Erkundung, in ihrer F\u00e4higkeit, die Vorstellungskraft des Publikums anzuregen und zu ber\u00fchren\".<\/p>\n<p>Die audiovisuelle Show \"20232024\" stellt die j\u00fcngste Etappe in Henkes Erforschung des Lasers als k\u00fcnstlerisches Ausdrucksmittel dar, wobei er die dem Medium innewohnenden Eigenschaften ausnutzt und es bis an die Grenzen seiner M\u00f6glichkeiten treibt. Von der Reinheit des absoluten Wei\u00df bis hin zu fast v\u00f6lliger Dunkelheit, von Farben, die mit traditionellen Videotechniken nicht erreicht werden k\u00f6nnen, bis hin zu eleganten und ausgekl\u00fcgelten kinetischen Formen und Ph\u00e4nomenen, alles in enger Verbindung mit dem Klangelement, um ein fesselndes und aufregendes multimediales Erlebnis zu schaffen.<\/p>\n<p>Bei der Veranstaltung in Modena werden zehn hochpr\u00e4zise Laser, die vom K\u00fcnstler selbst bedient werden, der sowohl f\u00fcr den akustischen als auch f\u00fcr den visuellen Teil verantwortlich ist, Formen, Objekte und Texturen auf der Folie der Fassade des ehemaligen Krankenhauses Sant'Agostino erzeugen, die auf ideale Weise mit dem Palazzo dei Musei verschmilzt und eine monumentale Projektion von \u00fcber 80 Metern erzeugt. Die Show wird etwa eine Stunde dauern.<\/p>\n<p>Silvester 2024 verschmilzt daher auch die neuen Sprachen der Technologie mit Kunst und Kreativit\u00e4t im Umfeld von Modena als Unesco Creative City for Media Arts. Die Ausstellung wird von der Stadtverwaltung Modena gef\u00f6rdert und von Node mit Unterst\u00fctzung der Fondazione di Modena und in Zusammenarbeit mit Ago Modena Fabbriche Culturali kuratiert<\/p>\n<\/div>\n\n\n\n<div class=\"divider-wrap\" data-alignment=\"default\"><div style=\"height: 5vh;\" class=\"divider\"><\/div><\/div>\n\t\t\t<\/div> \n\t\t<\/div>\n\t<\/div> \n<\/div><\/div>","protected":false},"excerpt":{"rendered":"In der immersiven Multimediashow des K\u00fcnstlers Robert Henke wird Musik auf die Fassade des ehemaligen Sant'Agostino \"projiziert\" und verbindet sie mit dem Palazzo dei Musei. Modena feiert den Beginn des Jahres 2024 mit der Beleuchtung des Piazzale Sant'Agostino mit...","protected":false},"author":1,"featured_media":3335,"comment_status":"closed","ping_status":"closed","sticky":false,"template":"","format":"standard","meta":{"wpupg_custom_link":[],"wpupg_custom_link_behaviour":["default"],"wpupg_custom_link_nofollow":[],"wpupg_custom_image":[],"wpupg_custom_image_id":[],"footnotes":""},"categories":[475],"tags":[],"class_list":["post-3334","post","type-post","status-publish","format-standard","has-post-thumbnail","category-news"],"_links":{"self":[{"href":"https:\/\/modenafuturacreativa.it\/de\/wp-json\/wp\/v2\/posts\/3334","targetHints":{"allow":["GET"]}}],"collection":[{"href":"https:\/\/modenafuturacreativa.it\/de\/wp-json\/wp\/v2\/posts"}],"about":[{"href":"https:\/\/modenafuturacreativa.it\/de\/wp-json\/wp\/v2\/types\/post"}],"author":[{"embeddable":true,"href":"https:\/\/modenafuturacreativa.it\/de\/wp-json\/wp\/v2\/users\/1"}],"replies":[{"embeddable":true,"href":"https:\/\/modenafuturacreativa.it\/de\/wp-json\/wp\/v2\/comments?post=3334"}],"version-history":[{"count":5,"href":"https:\/\/modenafuturacreativa.it\/de\/wp-json\/wp\/v2\/posts\/3334\/revisions"}],"predecessor-version":[{"id":3340,"href":"https:\/\/modenafuturacreativa.it\/de\/wp-json\/wp\/v2\/posts\/3334\/revisions\/3340"}],"wp:featuredmedia":[{"embeddable":true,"href":"https:\/\/modenafuturacreativa.it\/de\/wp-json\/wp\/v2\/media\/3335"}],"wp:attachment":[{"href":"https:\/\/modenafuturacreativa.it\/de\/wp-json\/wp\/v2\/media?parent=3334"}],"wp:term":[{"taxonomy":"category","embeddable":true,"href":"https:\/\/modenafuturacreativa.it\/de\/wp-json\/wp\/v2\/categories?post=3334"},{"taxonomy":"post_tag","embeddable":true,"href":"https:\/\/modenafuturacreativa.it\/de\/wp-json\/wp\/v2\/tags?post=3334"}],"curies":[{"name":"wp","href":"https:\/\/api.w.org\/{rel}","templated":true}]}}