{"id":3280,"date":"2023-10-31T18:34:53","date_gmt":"2023-10-31T17:34:53","guid":{"rendered":"https:\/\/modenafuturacreativa.it\/?p=3280"},"modified":"2023-10-31T18:34:53","modified_gmt":"2023-10-31T17:34:53","slug":"media-arts-unesco-modena-at-the-international-meeting","status":"publish","type":"post","link":"https:\/\/modenafuturacreativa.it\/de\/media-arts-unesco-modena-at-the-international-meeting\/","title":{"rendered":"MEDIA ARTS UNESCO, MODENA AUF DER INTERNATIONALEN TAGUNG"},"content":{"rendered":"<div id=\"fws_6a9b919a4f44d\"  data-column-margin=\"60px\" data-midnight=\"dark\"  class=\"wpb_row vc_row-fluid vc_row\"  style=\"padding-top: 0px; padding-bottom: 0px; \"><div class=\"row-bg-wrap\" data-bg-animation=\"none\" data-bg-animation-delay=\"\" data-bg-overlay=\"false\"><div class=\"inner-wrap row-bg-layer\" ><div class=\"row-bg viewport-desktop\"  style=\"\"><\/div><\/div><\/div><div class=\"row_col_wrap_12 col span_12 dark left\">\n\t<div  class=\"vc_col-sm-12 wpb_column column_container vc_column_container col no-extra-padding inherit_tablet inherit_phone\"  data-padding-pos=\"all\" data-has-bg-color=\"false\" data-bg-color=\"\" data-bg-opacity=\"1\" data-animation=\"\" data-delay=\"0\" >\n\t\t<div class=\"vc_column-inner\" >\n\t\t\t<div class=\"wpb_wrapper\">\n\t\t\t\t<div class=\"img-with-aniamtion-wrap\" data-max-width=\"100%\" data-max-width-mobile=\"default\" data-shadow=\"none\" data-animation=\"fade-in\" >\n      <div class=\"inner\">\n        <div class=\"hover-wrap\"> \n          <div class=\"hover-wrap-inner\">\n            <img loading=\"lazy\" decoding=\"async\" class=\"img-with-animation skip-lazy\" data-delay=\"0\" height=\"1046\" width=\"1531\" data-animation=\"fade-in\" src=\"https:\/\/modenafuturacreativa.it\/wp-content\/uploads\/2023\/10\/KV_ANNUALMEETING_6OCTUBRE.ai_Mesa-de-trabajo-1.jpg\" alt=\"\" srcset=\"https:\/\/modenafuturacreativa.it\/wp-content\/uploads\/2023\/10\/KV_ANNUALMEETING_6OCTUBRE.ai_Mesa-de-trabajo-1.jpg 1531w, https:\/\/modenafuturacreativa.it\/wp-content\/uploads\/2023\/10\/KV_ANNUALMEETING_6OCTUBRE.ai_Mesa-de-trabajo-1-300x205.jpg 300w, https:\/\/modenafuturacreativa.it\/wp-content\/uploads\/2023\/10\/KV_ANNUALMEETING_6OCTUBRE.ai_Mesa-de-trabajo-1-1024x700.jpg 1024w, https:\/\/modenafuturacreativa.it\/wp-content\/uploads\/2023\/10\/KV_ANNUALMEETING_6OCTUBRE.ai_Mesa-de-trabajo-1-768x525.jpg 768w\" sizes=\"auto, (max-width: 1531px) 100vw, 1531px\" \/>\n          <\/div>\n        <\/div>\n        \n      <\/div>\n    <\/div>\n<div class=\"wpb_text_column wpb_content_element\" >\n\t<h3><strong>MEDIA ARTS UNESCO, MODENA AUF DER INTERNATIONALEN TAGUNG<br \/>\n<\/strong><\/h3>\n<p><strong>In Cali, Kolumbien, findet vom 1. bis 3. November das Treffen der 16 kreativen St\u00e4dte statt, die das Netzwerk bilden. Gelegenheit zur F\u00f6rderung und zum Austausch von Projekten<\/strong><\/p>\n<p>Modena nimmt zum ersten Mal am internationalen Treffen der UNESCO Creative Cities for the Media Arts teil, das vom 1. bis 3. November in Cali (Kolumbien) stattfindet und die Mitglieder des 2004 gegr\u00fcndeten Netzwerks zusammenbringt, um die Zusammenarbeit zwischen St\u00e4dten zu f\u00f6rdern, die Kreativit\u00e4t als strategischen Faktor f\u00fcr eine nachhaltige Stadtentwicklung betrachten.<\/p>\n<p>16 der 21 UNESCO-Kreativst\u00e4dte der Welt nehmen an der Veranstaltung teil, die zum ersten Mal in Lateinamerika organisiert wird. Ziel ist es, Erfahrungen und Wissen auszutauschen, k\u00fcnftige Projekte und Herausforderungen zu er\u00f6rtern, aber auch international f\u00fcr sich zu werben.<\/p>\n<p>Wie der Kulturstadtrat der Stadt Modena, Andrea Bortolamasi, betonte, stellt das Treffen eine weitere Etappe in der Entwicklung Modenas als UNESCO-Kreativstadt dar: \"Die Anwesenheit in Cali ist eine wichtige Gelegenheit, unsere Stadt als Ort der Kultur, Kreativit\u00e4t und Innovation zu f\u00f6rdern und die Grundlagen f\u00fcr weitere Netzwerkprojekte mit anderen St\u00e4dten zu schaffen, indem wir uns neuen Realit\u00e4ten \u00f6ffnen und die Berufung zur Internationalisierung der Protagonisten der st\u00e4dtischen Kulturszene best\u00e4tigen.<\/p>\n<p>Modena, seit dem 8. November 2021 UNESCO-Kreativstadt f\u00fcr Medienkunst und die einzige der italienischen Kreativst\u00e4dte im Cluster Medienkunst, pr\u00e4sentiert sich mit einem Video (zu sehen auf der Website modenafuturacreativa.it und auf der Website www.comune.modena.it), das die wichtigsten Aktivit\u00e4ten, Festivals und kulturellen und k\u00fcnstlerischen Veranstaltungen vorstellt, die die Stadt im Bereich der Medienkunst ausrichtet, vorschl\u00e4gt und organisiert: vom digitalen Verlag Il Dondolo bis zu DhMoRe, dem Zentrum UniMoRe, das sich mit der Digitalisierung von Museumsdokumenten, Bibliotheken und Archiven des nationalen Erbes von Modena befasst; von \"Node\" bis zu den Multimediashows, die vom Stadttheater Pavarotti-Freni angeboten werden; vom FestivalFilosofia \u00fcber die virtuelle Realit\u00e4t des Offenen Labors bis hin zu den Projekten, die die \"klassischen\" K\u00fcnste enger mit den technologischen und digitalen Sprachen verkn\u00fcpfen, wie z.B. Fem-Future education Modena, Ago Fabbriche cultural und Fmav-Fondazione Modena visual arts, sowie die Projekte, die das Bibliothekssystem und das Stadtmuseum von Modena einbeziehen. Alle Projekte, Aktivit\u00e4ten und Profile der Einrichtungen, die an der UNESCO-Kreativstadt f\u00fcr Medienkunst Modena teilnehmen, sind auf der entsprechenden Website (modenafuturacreativa.it) zu finden.<\/p>\n<p>Die Stadt Modena wird in Cali durch Silvia Sitton von der Stadtverwaltung Modena und der Anlaufstelle Unesco Creative City sowie durch Lorenzo Respi, Direktor f\u00fcr Ausstellungen und Sammlungen der Fmav-Fondazione Modena Arti Visive, vertreten. An dem Treffen nehmen Vertreter der d\u00e4nischen St\u00e4dte Kopenhagen und Viborg, Paris und Enghien les Bains (Frankreich), Namur (Belgien), Tiflis (Georgien), Toronto (Kanada), Gwanju (S\u00fcdkorea), Karlsruhe (Deutschland), Sapporo (Japan), Hamar (Norwegen), Campina Grande (Brasilien) und Austin (Texas, Vereinigte Staaten) teil.<\/p>\n<p>Das Programm des Treffens umfasst die Pr\u00e4sentation der teilnehmenden St\u00e4dte und der von ihnen durchgef\u00fchrten Medienkunstaktivit\u00e4ten sowie pers\u00f6nliche Treffen zum Kennenlernen und zum Austausch zwischen den St\u00e4dten im Hinblick auf die k\u00fcnftige Entwicklung gemeinsamer Projekte, wobei nach M\u00f6glichkeit auch die Finanzierung durch Europ\u00e4er ber\u00fccksichtigt wird.<\/p>\n<\/div>\n\n\n\n<div class=\"divider-wrap\" data-alignment=\"default\"><div style=\"height: 5vh;\" class=\"divider\"><\/div><\/div>\n\t\t\t<\/div> \n\t\t<\/div>\n\t<\/div> \n<\/div><\/div>","protected":false},"excerpt":{"rendered":"MEDIA ARTS UNESCO, MODENA AUF DEM INTERNATIONALEN TREFFEN In Cali, Kolumbien, findet vom 1. bis 3. November das Treffen der 16 kreativen St\u00e4dte statt, die das Netzwerk bilden. Eine Gelegenheit zur F\u00f6rderung...","protected":false},"author":1,"featured_media":3260,"comment_status":"closed","ping_status":"closed","sticky":false,"template":"","format":"standard","meta":{"wpupg_custom_link":[],"wpupg_custom_link_behaviour":["default"],"wpupg_custom_link_nofollow":[],"wpupg_custom_image":[],"wpupg_custom_image_id":[],"footnotes":""},"categories":[39],"tags":[],"class_list":["post-3280","post","type-post","status-publish","format-standard","has-post-thumbnail","category-senza-categoria-en"],"_links":{"self":[{"href":"https:\/\/modenafuturacreativa.it\/de\/wp-json\/wp\/v2\/posts\/3280","targetHints":{"allow":["GET"]}}],"collection":[{"href":"https:\/\/modenafuturacreativa.it\/de\/wp-json\/wp\/v2\/posts"}],"about":[{"href":"https:\/\/modenafuturacreativa.it\/de\/wp-json\/wp\/v2\/types\/post"}],"author":[{"embeddable":true,"href":"https:\/\/modenafuturacreativa.it\/de\/wp-json\/wp\/v2\/users\/1"}],"replies":[{"embeddable":true,"href":"https:\/\/modenafuturacreativa.it\/de\/wp-json\/wp\/v2\/comments?post=3280"}],"version-history":[{"count":1,"href":"https:\/\/modenafuturacreativa.it\/de\/wp-json\/wp\/v2\/posts\/3280\/revisions"}],"predecessor-version":[{"id":3281,"href":"https:\/\/modenafuturacreativa.it\/de\/wp-json\/wp\/v2\/posts\/3280\/revisions\/3281"}],"wp:featuredmedia":[{"embeddable":true,"href":"https:\/\/modenafuturacreativa.it\/de\/wp-json\/wp\/v2\/media\/3260"}],"wp:attachment":[{"href":"https:\/\/modenafuturacreativa.it\/de\/wp-json\/wp\/v2\/media?parent=3280"}],"wp:term":[{"taxonomy":"category","embeddable":true,"href":"https:\/\/modenafuturacreativa.it\/de\/wp-json\/wp\/v2\/categories?post=3280"},{"taxonomy":"post_tag","embeddable":true,"href":"https:\/\/modenafuturacreativa.it\/de\/wp-json\/wp\/v2\/tags?post=3280"}],"curies":[{"name":"wp","href":"https:\/\/api.w.org\/{rel}","templated":true}]}}